{"id":10182,"date":"2018-05-03T09:44:04","date_gmt":"2018-05-03T07:44:04","guid":{"rendered":"http:\/\/www.atletikaolomouc.cz\/?p=10182"},"modified":"2018-05-03T09:44:04","modified_gmt":"2018-05-03T07:44:04","slug":"treninky-pripravek-se-nekonaji-pri-zavodech-pro-pripravky","status":"publish","type":"post","link":"https:\/\/old.atletikaolomouc.cz\/?p=10182","title":{"rendered":"Tr\u00e9ninky p\u0159\u00edpravek se nekonaj\u00ed p\u0159i z\u00e1vodech pro p\u0159\u00edpravky"},"content":{"rendered":"<p style=\"text-align: justify;\">V term\u00ednech z\u00e1vod\u016f pro atletick\u00e9 p\u0159\u00edpravky se samoz\u0159ejm\u011b nekonaj\u00ed standardn\u00ed tr\u00e9ninky pro p\u0159\u00edpravky &#8211; d\u011bti a tren\u00e9\u0159i se \u00fa\u010dastn\u00ed z\u00e1vod\u016f! To plat\u00ed i pro tr\u00e9ninky atletick\u00e9 \u0161kolky na atletick\u00e9m stadionu. (Atletick\u00e1 \u0161kolka se sice nap\u0159. Zlat\u00e9 ligy ne\u00fa\u010dastn\u00ed, nicm\u00e9n\u011b tren\u00e9\u0159i budou na z\u00e1vodech pom\u00e1hat)<\/p>\n<p>P\u0159ipom\u00edn\u00e1me tedy 1. kolo Zlat\u00e9 ligy 9. 5. viz <a href=\"http:\/\/www.atletikaolomouc.cz\/?p=10144\">pozv\u00e1nka<\/a>\u00a0a t\u011b\u0161\u00edme se.<\/p>\n","protected":false},"excerpt":{"rendered":"<p>V term\u00ednech z\u00e1vod\u016f pro atletick\u00e9 p\u0159\u00edpravky se samoz\u0159ejm\u011b nekonaj\u00ed standardn\u00ed tr\u00e9ninky pro p\u0159\u00edpravky &#8211; d\u011bti a tren\u00e9\u0159i se \u00fa\u010dastn\u00ed z\u00e1vod\u016f! To plat\u00ed i pro tr\u00e9ninky atletick\u00e9 \u0161kolky na atletick\u00e9m stadionu. (Atletick\u00e1 \u0161kolka se sice nap\u0159. Zlat\u00e9 ligy ne\u00fa\u010dastn\u00ed, nicm\u00e9n\u011b tren\u00e9\u0159i &hellip; <a href=\"https:\/\/old.atletikaolomouc.cz\/?p=10182\">Continue reading <span class=\"meta-nav\">&rarr;<\/span><\/a><\/p>\n","protected":false},"author":10,"featured_media":0,"comment_status":"closed","ping_status":"closed","sticky":false,"template":"","format":"standard","meta":{"ngg_post_thumbnail":0},"categories":[5,6,25,19],"tags":[],"_links":{"self":[{"href":"https:\/\/old.atletikaolomouc.cz\/index.php?rest_route=\/wp\/v2\/posts\/10182"}],"collection":[{"href":"https:\/\/old.atletikaolomouc.cz\/index.php?rest_route=\/wp\/v2\/posts"}],"about":[{"href":"https:\/\/old.atletikaolomouc.cz\/index.php?rest_route=\/wp\/v2\/types\/post"}],"author":[{"embeddable":true,"href":"https:\/\/old.atletikaolomouc.cz\/index.php?rest_route=\/wp\/v2\/users\/10"}],"replies":[{"embeddable":true,"href":"https:\/\/old.atletikaolomouc.cz\/index.php?rest_route=%2Fwp%2Fv2%2Fcomments&post=10182"}],"version-history":[{"count":1,"href":"https:\/\/old.atletikaolomouc.cz\/index.php?rest_route=\/wp\/v2\/posts\/10182\/revisions"}],"predecessor-version":[{"id":10183,"href":"https:\/\/old.atletikaolomouc.cz\/index.php?rest_route=\/wp\/v2\/posts\/10182\/revisions\/10183"}],"wp:attachment":[{"href":"https:\/\/old.atletikaolomouc.cz\/index.php?rest_route=%2Fwp%2Fv2%2Fmedia&parent=10182"}],"wp:term":[{"taxonomy":"category","embeddable":true,"href":"https:\/\/old.atletikaolomouc.cz\/index.php?rest_route=%2Fwp%2Fv2%2Fcategories&post=10182"},{"taxonomy":"post_tag","embeddable":true,"href":"https:\/\/old.atletikaolomouc.cz\/index.php?rest_route=%2Fwp%2Fv2%2Ftags&post=10182"}],"curies":[{"name":"wp","href":"https:\/\/api.w.org\/{rel}","templated":true}]}}