{"id":10298,"date":"2018-05-21T08:28:17","date_gmt":"2018-05-21T06:28:17","guid":{"rendered":"http:\/\/www.atletikaolomouc.cz\/?p=10298"},"modified":"2018-05-21T08:29:02","modified_gmt":"2018-05-21T06:29:02","slug":"zavody-pro-atleticke-skolky-28-5-a-20-6","status":"publish","type":"post","link":"https:\/\/old.atletikaolomouc.cz\/?p=10298","title":{"rendered":"Z\u00e1vody pro atletick\u00e9 \u0161kolky 28.5. a 20.6."},"content":{"rendered":"<p>Dovolujeme si V\u00e1s pozvat na z\u00e1vody pro d\u011bti z na\u0161ich atletick\u00fdch \u0161koli\u010dek.<img decoding=\"async\" title=\"Cel\u00fd p\u0159\u00edsp\u011bvek...\" src=\"http:\/\/www.atletikaolomouc.cz\/wp-includes\/js\/tinymce\/plugins\/wordpress\/img\/trans.gif\" alt=\"\" \/><!--more--><\/p>\n<p><strong>Term\u00edny:<\/strong>\u00a0pond\u011bl\u00ed 28. 5. a st\u0159eda 20. 6. v\u017edy od 16:00 hodin.<\/p>\n<p><strong>Z\u00e1vod\u00ed:<\/strong>\u00a0d\u011bti ro\u010dn\u00edk\u016f narozen\u00ed 2012 a 2013 z atletick\u00fdch \u0161kolek AK Olomouc.\u00a0<\/p>\n<p><strong>M\u00edsto kon\u00e1n\u00ed:<\/strong>\u00a0Atletick\u00fd stadion Olomouc,\u00a0 17. listopadu 3<\/p>\n<p><strong>P\u0159ihl\u00e1\u0161ky:<\/strong>\u00a0na m\u00edst\u011b od 15:00<\/p>\n<p><strong>Discipl\u00edny:<\/strong>\u00a0\u00a0 20m, d\u00e1lka z m\u00edsta, hod tenis\u00e1kem, skok dalek\u00fd, p\u0159ek\u00e1\u017ekov\u00e1 dr\u00e1ha, p\u0159eskoky \u2013 budou hodnoceny\u00a0jako v\u00edceboj<\/p>\n<p><strong>Organizace:\u00a0\u00a0\u00a0<\/strong>d\u011bti se rozd\u011bl\u00ed do skupin a budou tren\u00e9ry odv\u00e1d\u011bny k jednotliv\u00fdm discipl\u00edn\u00e1m<\/p>\n<p><strong>Vyhodnocen\u00ed:\u00a0\u00a0\u00a0<\/strong>p\u011bt nejlep\u0161\u00edch chlapc\u016f a p\u011bt nejlep\u0161\u00edch d\u00edvek bude vyhl\u00e1\u0161eno, t\u0159i nejlep\u0161\u00ed dost\u00e1vaj\u00ed diplom a medaili. Ka\u017ed\u00fd \u00fa\u010dastn\u00edk z\u00e1vodu obdr\u017e\u00ed sladkou odm\u011bnu. Vyhla\u0161ov\u00e1n\u00ed prob\u011bhne hned po skon\u010den\u00ed z\u00e1vodu.<\/p>\n<p><strong>T\u011b\u0161\u00edme se na Va\u0161i \u00fa\u010dast.<\/strong><\/p>\n","protected":false},"excerpt":{"rendered":"<p>Dovolujeme si V\u00e1s pozvat na z\u00e1vody pro d\u011bti z na\u0161ich atletick\u00fdch \u0161koli\u010dek.<\/p>\n","protected":false},"author":10,"featured_media":9114,"comment_status":"closed","ping_status":"closed","sticky":false,"template":"","format":"standard","meta":{"ngg_post_thumbnail":0},"categories":[5,6,25,19],"tags":[],"_links":{"self":[{"href":"https:\/\/old.atletikaolomouc.cz\/index.php?rest_route=\/wp\/v2\/posts\/10298"}],"collection":[{"href":"https:\/\/old.atletikaolomouc.cz\/index.php?rest_route=\/wp\/v2\/posts"}],"about":[{"href":"https:\/\/old.atletikaolomouc.cz\/index.php?rest_route=\/wp\/v2\/types\/post"}],"author":[{"embeddable":true,"href":"https:\/\/old.atletikaolomouc.cz\/index.php?rest_route=\/wp\/v2\/users\/10"}],"replies":[{"embeddable":true,"href":"https:\/\/old.atletikaolomouc.cz\/index.php?rest_route=%2Fwp%2Fv2%2Fcomments&post=10298"}],"version-history":[{"count":3,"href":"https:\/\/old.atletikaolomouc.cz\/index.php?rest_route=\/wp\/v2\/posts\/10298\/revisions"}],"predecessor-version":[{"id":10301,"href":"https:\/\/old.atletikaolomouc.cz\/index.php?rest_route=\/wp\/v2\/posts\/10298\/revisions\/10301"}],"wp:featuredmedia":[{"embeddable":true,"href":"https:\/\/old.atletikaolomouc.cz\/index.php?rest_route=\/wp\/v2\/media\/9114"}],"wp:attachment":[{"href":"https:\/\/old.atletikaolomouc.cz\/index.php?rest_route=%2Fwp%2Fv2%2Fmedia&parent=10298"}],"wp:term":[{"taxonomy":"category","embeddable":true,"href":"https:\/\/old.atletikaolomouc.cz\/index.php?rest_route=%2Fwp%2Fv2%2Fcategories&post=10298"},{"taxonomy":"post_tag","embeddable":true,"href":"https:\/\/old.atletikaolomouc.cz\/index.php?rest_route=%2Fwp%2Fv2%2Ftags&post=10298"}],"curies":[{"name":"wp","href":"https:\/\/api.w.org\/{rel}","templated":true}]}}