{"id":10417,"date":"2018-05-31T10:30:17","date_gmt":"2018-05-31T08:30:17","guid":{"rendered":"http:\/\/www.atletikaolomouc.cz\/?p=10417"},"modified":"2018-05-31T10:30:17","modified_gmt":"2018-05-31T08:30:17","slug":"mladsi-zactvo-opet-vitezne","status":"publish","type":"post","link":"https:\/\/old.atletikaolomouc.cz\/?p=10417","title":{"rendered":"Mlad\u0161\u00ed \u017eactvo op\u011bt v\u00edt\u011bzn\u00e9"},"content":{"rendered":"<p style=\"text-align: justify;\">Ve st\u0159edu 30.5.2018 se na dom\u00e1c\u00edm stadionu v Olomouci konalo 2. kolo krajsk\u00e9ho p\u0159eboru dru\u017estev mlad\u0161\u00edho \u017eactva. <!--more-->&#8222;A&#8220; dru\u017estva atletick\u00e9ho klubu op\u011bt s p\u0159ehledem zv\u00edt\u011bzila. Pokud se nic z\u00e1sadn\u00edho nestane na 3. kole sout\u011b\u017ee, tak bychom m\u011bli ob\u011b dru\u017estva vid\u011bt na Mistrovstv\u00ed Moravy a Slezska, kter\u00e9 se kon\u00e1 7. 10. 2018 v \u0160umperku.<\/p>\n<p><a href=\"http:\/\/www.atletikaolomouc.cz\/wp-content\/uploads\/2018\/05\/zpravodaj-ml-zaku-po-2-kole.pdf\" target=\"_blank\">Zpravodaj dru\u017estev mlad\u0161\u00edch \u017e\u00e1k\u016f v\u010detn\u011b bodov\u00e1n\u00ed jednotlivc\u016f.<\/a><\/p>\n<p><a href=\"http:\/\/www.atletikaolomouc.cz\/wp-content\/uploads\/2018\/05\/Zpravodaj-po-2.-kole.pdf\" target=\"_blank\">Zpravodaj dru\u017estev mlad\u0161\u00edch \u017e\u00e1ky\u0148.<\/a><\/p>\n<p><a href=\"http:\/\/www.atletikaolomouc.cz\/wp-content\/uploads\/2018\/05\/Bodov\u00e1n\u00ed-jednotlivc\u016f-KP-dru\u017etev-mlad\u0161\u00ed-\u017e\u00e1kyn\u011b-A.pdf\" target=\"_blank\">Bodov\u00e1n\u00ed mlad\u0161\u00edch \u017e\u00e1ky\u0148 &#8222;A&#8220;.<\/a><\/p>\n<p><a href=\"http:\/\/www.atletikaolomouc.cz\/wp-content\/uploads\/2018\/05\/Bodov\u00e1n\u00ed-jednotlivc\u016f-KP-dru\u017etev-mlad\u0161\u00ed-\u017e\u00e1kyn\u011b-B.pdf\" target=\"_blank\">Bodov\u00e1n\u00ed mlad\u0161\u00edch \u017e\u00e1ky\u0148 &#8222;B&#8220;.<\/a><\/p>\n","protected":false},"excerpt":{"rendered":"<p>Ve st\u0159edu 30.5.2018 se na dom\u00e1c\u00edm stadionu v Olomouci konalo 2. kolo krajsk\u00e9ho p\u0159eboru dru\u017estev mlad\u0161\u00edho \u017eactva.<\/p>\n","protected":false},"author":10,"featured_media":0,"comment_status":"closed","ping_status":"closed","sticky":false,"template":"","format":"standard","meta":{"ngg_post_thumbnail":0},"categories":[5,6,25],"tags":[],"_links":{"self":[{"href":"https:\/\/old.atletikaolomouc.cz\/index.php?rest_route=\/wp\/v2\/posts\/10417"}],"collection":[{"href":"https:\/\/old.atletikaolomouc.cz\/index.php?rest_route=\/wp\/v2\/posts"}],"about":[{"href":"https:\/\/old.atletikaolomouc.cz\/index.php?rest_route=\/wp\/v2\/types\/post"}],"author":[{"embeddable":true,"href":"https:\/\/old.atletikaolomouc.cz\/index.php?rest_route=\/wp\/v2\/users\/10"}],"replies":[{"embeddable":true,"href":"https:\/\/old.atletikaolomouc.cz\/index.php?rest_route=%2Fwp%2Fv2%2Fcomments&post=10417"}],"version-history":[{"count":1,"href":"https:\/\/old.atletikaolomouc.cz\/index.php?rest_route=\/wp\/v2\/posts\/10417\/revisions"}],"predecessor-version":[{"id":10422,"href":"https:\/\/old.atletikaolomouc.cz\/index.php?rest_route=\/wp\/v2\/posts\/10417\/revisions\/10422"}],"wp:attachment":[{"href":"https:\/\/old.atletikaolomouc.cz\/index.php?rest_route=%2Fwp%2Fv2%2Fmedia&parent=10417"}],"wp:term":[{"taxonomy":"category","embeddable":true,"href":"https:\/\/old.atletikaolomouc.cz\/index.php?rest_route=%2Fwp%2Fv2%2Fcategories&post=10417"},{"taxonomy":"post_tag","embeddable":true,"href":"https:\/\/old.atletikaolomouc.cz\/index.php?rest_route=%2Fwp%2Fv2%2Ftags&post=10417"}],"curies":[{"name":"wp","href":"https:\/\/api.w.org\/{rel}","templated":true}]}}