{"id":10563,"date":"2018-07-19T08:06:25","date_gmt":"2018-07-19T06:06:25","guid":{"rendered":"http:\/\/www.atletikaolomouc.cz\/?p=10563"},"modified":"2018-08-27T09:47:19","modified_gmt":"2018-08-27T07:47:19","slug":"handi-open-banska-bystrica-2018","status":"publish","type":"post","link":"https:\/\/old.atletikaolomouc.cz\/?p=10563","title":{"rendered":"Handi Open Bansk\u00e1 Bystrica 2018"},"content":{"rendered":"<p>Dne 14.7.2018 se konal 2.ro\u010dn\u00edk Handi Open 2018 v Bansk\u00e9 Bystrici.<!--more--><\/p>\n<p style=\"text-align: justify;\">Z\u00fa\u010dastnilo se zde 30 sportovc\u016f z toho jen sportovci ze Slovenska a \u010cesk\u00e9 Republiky. Hojnou \u00fa\u010dast m\u011bla p\u0159edevs\u00edm \u010cesk\u00e1 Republika. Z\u00e1vodili zde sportovci z Olomouce, Ostravy a jeden z Parbudic. Na\u0161im olomouck\u00fdm sportovc\u016fm se da\u0159ilo velmi dob\u0159e. Ka\u017ed\u00fd z nich si odvezdl v\u00edce ne\u017e jednu medaili.<\/p>\n<p><strong>V\u00fdsledky &#8211; <a href=\"https:\/\/drive.google.com\/open?id=16Jz7f4Ca_pN10UR81z5ZqTBNNfdtjq8_\">zde<\/a> a fotogalerie &#8211; <a href=\"https:\/\/photos.app.goo.gl\/LCe1JBxsmXkbsPSx9\">zde<\/a><\/strong><\/p>\n<p><strong>V\u00fdsledky z OL t\u00fdmu:<\/strong><\/p>\n<table border=\"0\">\n<tbody>\n<tr>\n<td><strong>Eva Kacanu &#8211; F54<\/strong><\/td>\n<td>1. m\u00edsto<\/td>\n<td>vrh koul\u00ed<\/td>\n<td>05,46m<\/td>\n<\/tr>\n<tr>\n<td>\u00a0<\/td>\n<td>2.m\u00edsto<\/td>\n<td>hod diskem<\/td>\n<td>10,80m<\/td>\n<\/tr>\n<tr>\n<td>\u00a0<\/td>\n<td>2.m\u00edsto<\/td>\n<td>hod o\u0161t\u011bpem<\/td>\n<td>08,93m<\/td>\n<\/tr>\n<tr>\n<td><strong>Mirka Obrov\u00e1 &#8211; F56<\/strong><\/td>\n<td>1.m\u00edsto<\/td>\n<td>hod diskem<\/td>\n<td>19,42m<\/td>\n<\/tr>\n<tr>\n<td>\u00a0<\/td>\n<td>1.m\u00edsto<\/td>\n<td>hod o\u0161t\u011bpem<\/td>\n<td>13,66m<\/td>\n<\/tr>\n<tr>\n<td>\u00a0<\/td>\n<td>2.m\u00edsto<\/td>\n<td>vrh koul\u00ed<\/td>\n<td>06,70m<\/td>\n<\/tr>\n<tr>\n<td><strong>Ad\u00e9la Sekyrov\u00e1 &#8211; F32<\/strong><\/td>\n<td>2.m\u00edsto<\/td>\n<td>hod ku\u017eelkou<\/td>\n<td>07,22m<\/td>\n<\/tr>\n<tr>\n<td>\u00a0<\/td>\n<td>4.m\u00edsto<\/td>\n<td>hod diskem<\/td>\n<td>02,36m<\/td>\n<\/tr>\n<tr>\n<td><strong>Eva Kvapilov\u00e1 &#8211; F31<\/strong><\/td>\n<td>1.m\u00edsto<\/td>\n<td>hod ku\u017eelkou<\/td>\n<td>03,55m<\/td>\n<\/tr>\n<tr>\n<td>\u00a0<\/td>\n<td>3.m\u00edsto<\/td>\n<td>hod diskem<\/td>\n<td>01,92m<\/td>\n<\/tr>\n<tr>\n<td><strong>Du\u0161an \u0160\u010dambura &#8211; F55<\/strong><\/td>\n<td>1.m\u00edsto<\/td>\n<td>hod o\u0161t\u011bpem<\/td>\n<td>22,60m<\/td>\n<\/tr>\n<tr>\n<td>\u00a0<\/td>\n<td>3.m\u00edsto<\/td>\n<td>vrh koul\u00ed<\/td>\n<td>07,92m<\/td>\n<\/tr>\n<tr>\n<td>\u00a0<\/td>\n<td>3.m\u00edsto<\/td>\n<td>hod diskem<\/td>\n<td>18,22m<\/td>\n<\/tr>\n<tr>\n<td><strong>Michal Rotter &#8211; F55<\/strong><\/td>\n<td>2.m\u00edsto<\/td>\n<td>hod o\u0161t\u011bpem<\/td>\n<td>21,20m<\/td>\n<\/tr>\n<tr>\n<td>\u00a0<\/td>\n<td>5.m\u00edsto<\/td>\n<td>hod diskem<\/td>\n<td>16,18m<\/td>\n<\/tr>\n<tr>\n<td>\u00a0<\/td>\n<td>6.m\u00edsto<\/td>\n<td>vrh koul\u00ed<\/td>\n<td>06,35m<\/td>\n<\/tr>\n<\/tbody>\n<\/table>\n<p>&nbsp;<\/p>\n","protected":false},"excerpt":{"rendered":"<p>Dne 14.7.2018 se konal 2.ro\u010dn\u00edk Handi Open 2018 v Bansk\u00e9 Bystrici.<\/p>\n","protected":false},"author":11,"featured_media":10564,"comment_status":"closed","ping_status":"closed","sticky":false,"template":"","format":"standard","meta":{"ngg_post_thumbnail":0},"categories":[48,6,37],"tags":[],"_links":{"self":[{"href":"https:\/\/old.atletikaolomouc.cz\/index.php?rest_route=\/wp\/v2\/posts\/10563"}],"collection":[{"href":"https:\/\/old.atletikaolomouc.cz\/index.php?rest_route=\/wp\/v2\/posts"}],"about":[{"href":"https:\/\/old.atletikaolomouc.cz\/index.php?rest_route=\/wp\/v2\/types\/post"}],"author":[{"embeddable":true,"href":"https:\/\/old.atletikaolomouc.cz\/index.php?rest_route=\/wp\/v2\/users\/11"}],"replies":[{"embeddable":true,"href":"https:\/\/old.atletikaolomouc.cz\/index.php?rest_route=%2Fwp%2Fv2%2Fcomments&post=10563"}],"version-history":[{"count":4,"href":"https:\/\/old.atletikaolomouc.cz\/index.php?rest_route=\/wp\/v2\/posts\/10563\/revisions"}],"predecessor-version":[{"id":10628,"href":"https:\/\/old.atletikaolomouc.cz\/index.php?rest_route=\/wp\/v2\/posts\/10563\/revisions\/10628"}],"wp:featuredmedia":[{"embeddable":true,"href":"https:\/\/old.atletikaolomouc.cz\/index.php?rest_route=\/wp\/v2\/media\/10564"}],"wp:attachment":[{"href":"https:\/\/old.atletikaolomouc.cz\/index.php?rest_route=%2Fwp%2Fv2%2Fmedia&parent=10563"}],"wp:term":[{"taxonomy":"category","embeddable":true,"href":"https:\/\/old.atletikaolomouc.cz\/index.php?rest_route=%2Fwp%2Fv2%2Fcategories&post=10563"},{"taxonomy":"post_tag","embeddable":true,"href":"https:\/\/old.atletikaolomouc.cz\/index.php?rest_route=%2Fwp%2Fv2%2Ftags&post=10563"}],"curies":[{"name":"wp","href":"https:\/\/api.w.org\/{rel}","templated":true}]}}