{"id":10591,"date":"2018-08-17T12:41:27","date_gmt":"2018-08-17T10:41:27","guid":{"rendered":"http:\/\/www.atletikaolomouc.cz\/?p=10591"},"modified":"2018-08-17T12:58:13","modified_gmt":"2018-08-17T10:58:13","slug":"ucast-na-mistrovstvi-evropy-v-berline-telesne-postizenych","status":"publish","type":"post","link":"https:\/\/old.atletikaolomouc.cz\/?p=10591","title":{"rendered":"\u00da\u010dast na ME v Berl\u00edn\u011b t\u011blesn\u011b posti\u017een\u00fdch, bude m\u00edt zastoupen\u00ed i z Olomouck\u00e9ho klubu!!!"},"content":{"rendered":"<p><!--more--><\/p>\n<p><strong>Datum: 20.8. &#8211; 26.8.2018<\/strong><\/p>\n<p style=\"text-align: justify;\"><strong><\/strong>Dne 20.8.2018 bude odstartov\u00e1no Mistrovstv\u00ed Evropy t\u011blesn\u011b posti\u017een\u00fdch zahajovac\u00edm ceremoni\u00e1lem, kter\u00fd se bude odehr\u00e1vat na stadionu Friedrich-Ludwig-Jahn-Sportpark v Berl\u00edn\u011b. \u010ceskou republiku\u00a0 bude reprezentovat i 5 z\u00e1vodn\u00edk\u016f z Atletick\u00e9ho klubu Olomouc &#8211; Eva Kacanu, Miroslava Obrov\u00e1, Martin Kukla, Du\u0161an \u0160\u010dambura a Filip Varto\u0148. V realiza\u010dn\u00edm t\u00fdmu jsou i tren\u00e9\u0159i olomouck\u00fdch z\u00e1vodn\u00edk\u016f\u00a0Martina Musilov\u00e1 a Aneta Inochovsk\u00e1. Atletick\u00fd klub Olomouc\u00a0bude m\u00edt i zastoupen\u00ed ve vrcholn\u00fdch org\u00e1nech po\u0159adatele Iva Machov\u00e1, bude\u00a0p\u016fsobit ve funkci\u00a0Mezin\u00e1rodn\u00edho technick\u00e9ho deleg\u00e1ta \u201cITO\u201d Mistrovstv\u00ed Evropy. Jako pozorovatelka a pomocn\u00e1 tren\u00e9rka bude p\u016fsobit\u00a0dal\u0161\u00ed \u010dlenka Atletick\u00e9ho klubu Vendula \u0160ebe\u010dkov\u00e1.\u00a0<\/p>\n<table border=\"0\" align=\"center\">\n<tbody>\n<tr>\n<td><a href=\"http:\/\/www.atletikaolomouc.cz\/?attachment_id=10594\" rel=\"attachment wp-att-10594\"><img decoding=\"async\" loading=\"lazy\" class=\"alignnone\" title=\"Mirka\" src=\"http:\/\/www.atletikaolomouc.cz\/wp-content\/uploads\/2018\/08\/Mirka-657x600.jpg\" alt=\"\" width=\"182\" height=\"166\" \/><\/a><\/td>\n<td>\n<p style=\"text-align: justify;\">Druhou \u00fa\u010dast\u00ed na Evrop\u011b bude m\u00edt za sebou\u00a0<strong>Miroslava Obrov\u00e1 (F56)<\/strong>, kter\u00e1 si poprv\u00e9 zaz\u00e1vod\u00ed ve t\u0159ech vrha\u010dsk\u00fdch discipl\u00edn\u00e1ch. Mirce se letos velmi da\u0159\u00ed a v\u011b\u0159\u00edme, \u017ee n\u011bjak\u00e1 placka padne.<\/p>\n<p style=\"text-align: justify;\"><strong>Z\u00e1vody:\u00a0<br \/><\/strong><strong>21.8.2018 v 19:00 hod &#8211; hod diskem<br \/><\/strong><strong>23.8.2018 v 17:30 hod &#8211; hod o\u0161t\u011bpem<br \/><\/strong><strong>26.8.2018 v 16:30 hod &#8211; vrh koul\u00ed \u00a0 \u00a0 \u00a0 \u00a0 \u00a0 \u00a0<\/strong><\/p>\n<\/td>\n<\/tr>\n<tr>\n<td><a href=\"http:\/\/www.atletikaolomouc.cz\/?attachment_id=10595\" rel=\"attachment wp-att-10595\"><img decoding=\"async\" loading=\"lazy\" class=\" wp-image-10595 alignnone\" title=\"eva\" src=\"http:\/\/www.atletikaolomouc.cz\/wp-content\/uploads\/2018\/08\/eva-800x530.jpg\" alt=\"\" width=\"185\" height=\"122\" srcset=\"https:\/\/old.atletikaolomouc.cz\/wp-content\/uploads\/2018\/08\/eva-800x530.jpg 800w, https:\/\/old.atletikaolomouc.cz\/wp-content\/uploads\/2018\/08\/eva-300x198.jpg 300w, https:\/\/old.atletikaolomouc.cz\/wp-content\/uploads\/2018\/08\/eva-325x215.jpg 325w, https:\/\/old.atletikaolomouc.cz\/wp-content\/uploads\/2018\/08\/eva.jpg 2000w\" sizes=\"(max-width: 185px) 100vw, 185px\" \/><\/a><a href=\"http:\/\/www.atletikaolomouc.cz\/?attachment_id=10594\" rel=\"attachment wp-att-10594\"><br \/><\/a><\/td>\n<td>\n<p><strong>Eva Kacanu (F54)<\/strong>, je zku\u0161en\u011bj\u0161\u00ed z\u00e1vodnic\u00ed, kter\u00e1 m\u00e1 za sebou nespo\u010det takov\u00fdch z\u00e1vod\u016f a v\u00ed, co ji na t\u011bchto z\u00e1vodech \u010dek\u00e1.\u00a0<\/p>\n<p><strong>Z\u00e1vod:<br \/><\/strong><strong>25.8.2018 v 16:00 hod &#8211; vrh koul\u00ed<\/strong><\/p>\n<\/td>\n<\/tr>\n<tr>\n<td><a href=\"http:\/\/www.atletikaolomouc.cz\/?attachment_id=10596\" rel=\"attachment wp-att-10596\"><img decoding=\"async\" loading=\"lazy\" class=\"wp-image-10596 aligncenter\" title=\"du\u0161an\" src=\"http:\/\/www.atletikaolomouc.cz\/wp-content\/uploads\/2018\/08\/du\u0161an-800x600.jpg\" alt=\"\" width=\"188\" height=\"141\" srcset=\"https:\/\/old.atletikaolomouc.cz\/wp-content\/uploads\/2018\/08\/du\u0161an-800x600.jpg 800w, https:\/\/old.atletikaolomouc.cz\/wp-content\/uploads\/2018\/08\/du\u0161an-300x225.jpg 300w, https:\/\/old.atletikaolomouc.cz\/wp-content\/uploads\/2018\/08\/du\u0161an.jpg 972w\" sizes=\"(max-width: 188px) 100vw, 188px\" \/><\/a><\/td>\n<td>\n<p>Dal\u0161\u00edm kabr\u0148\u00e1kem je <strong>Du\u0161an \u0160\u010dambura (F55),<\/strong> kter\u00fd si jede\u00a0 zm\u011b\u0159it sv\u00e9 s\u00edly v hodu o\u0161t\u011bpem a ve vrhu koul\u00ed. Du\u0161an m\u00e1 v t\u00e9to sez\u00f3n\u011b dob\u0159e na\u0161l\u00e1pnuto a budeme doufat, \u017ee to Du\u0161anovi cinkne.\u00a0<\/p>\n<p><strong>Z\u00e1vody:<br \/><\/strong><strong>23.8.2018 v 17:00 hod &#8211; hod o\u0161t\u011bpem<br \/><\/strong><strong>25.8.2018 v 15:15 hod &#8211; vrh koul\u00ed<\/strong><\/p>\n<p>&nbsp;<\/p>\n<\/td>\n<\/tr>\n<tr>\n<td><a href=\"http:\/\/www.atletikaolomouc.cz\/?attachment_id=10598\" rel=\"attachment wp-att-10598\"><img decoding=\"async\" loading=\"lazy\" class=\" wp-image-10598 alignnone\" title=\"_MG_8881\" src=\"http:\/\/www.atletikaolomouc.cz\/wp-content\/uploads\/2018\/08\/MG_8881-446x600.jpg\" alt=\"\" width=\"195\" height=\"262\" srcset=\"https:\/\/old.atletikaolomouc.cz\/wp-content\/uploads\/2018\/08\/MG_8881-446x600.jpg 446w, https:\/\/old.atletikaolomouc.cz\/wp-content\/uploads\/2018\/08\/MG_8881-223x300.jpg 223w\" sizes=\"(max-width: 195px) 100vw, 195px\" \/><\/a>\u00a0<\/td>\n<td>Nejmlad\u0161\u00edm \u010dlenem v olomouck\u00e9m t\u00fdmu v reprezentaci bude <strong>Martin Kukla (F37)<\/strong>, kter\u00fd si hned po ukon\u010den\u00ed zahajovac\u00edho ceremoni\u00e1lu zaz\u00e1vod\u00ed v hodu o\u0161t\u011bpem. Martin se na tyto z\u00e1vody velice t\u011b\u0161\u00ed a bude r\u00e1d za n\u011bjakou placku.\u00a0<\/p>\n<p><strong>Z\u00e1vod:\u00a0<br \/><\/strong><strong>20.8.2018 v 17:35 hod &#8211; hod o\u0161t\u011bpem<\/strong><\/p>\n<\/td>\n<\/tr>\n<tr>\n<td><a href=\"http:\/\/www.atletikaolomouc.cz\/?attachment_id=10597\" rel=\"attachment wp-att-10597\"><img decoding=\"async\" loading=\"lazy\" class=\" wp-image-10597 alignnone\" title=\"filip\" src=\"http:\/\/www.atletikaolomouc.cz\/wp-content\/uploads\/2018\/08\/filip-545x600.jpg\" alt=\"\" width=\"194\" height=\"213\" srcset=\"https:\/\/old.atletikaolomouc.cz\/wp-content\/uploads\/2018\/08\/filip-545x600.jpg 545w, https:\/\/old.atletikaolomouc.cz\/wp-content\/uploads\/2018\/08\/filip-272x300.jpg 272w, https:\/\/old.atletikaolomouc.cz\/wp-content\/uploads\/2018\/08\/filip.jpg 575w\" sizes=\"(max-width: 194px) 100vw, 194px\" \/><\/a><\/td>\n<td>Posledn\u00edm \u010dlenem bude \u201c<strong>benjam\u00ednek\u201d Filip Varto\u0148 (F52)<\/strong>, kter\u00fd\u00a0 jede na tyto z\u00e1vody v\u016fbec poprv\u00e9 a t\u011b\u0161\u00ed se na atmosf\u00e9ru evropsk\u00e9ho \u0161ampion\u00e1tu.<\/p>\n<p><strong>Z\u00e1vod:\u00a0<br \/><\/strong><strong>24.8.2018 v 17:30 hod &#8211; hod diskem<\/strong><\/p>\n<\/td>\n<\/tr>\n<\/tbody>\n<\/table>\n<p style=\"text-align: center;\"><strong>V\u0161em sportovc\u016fm budeme moc fandit a dr\u017eet p\u011bsti!!!<\/strong><\/p>\n<p style=\"text-align: center;\"><a href=\"http:\/\/www.atletikaolomouc.cz\/?attachment_id=10599\" rel=\"attachment wp-att-10599\"><img decoding=\"async\" loading=\"lazy\" class=\"wp-image-10599 aligncenter\" title=\"dr\u017eet p\u011bsti\" src=\"http:\/\/www.atletikaolomouc.cz\/wp-content\/uploads\/2018\/08\/dr\u017eet-p\u011bsti.jpg\" alt=\"\" width=\"180\" height=\"147\" \/><\/a><\/p>\n","protected":false},"excerpt":{"rendered":"","protected":false},"author":11,"featured_media":10592,"comment_status":"closed","ping_status":"closed","sticky":false,"template":"","format":"standard","meta":{"ngg_post_thumbnail":0},"categories":[48,6,37],"tags":[],"_links":{"self":[{"href":"https:\/\/old.atletikaolomouc.cz\/index.php?rest_route=\/wp\/v2\/posts\/10591"}],"collection":[{"href":"https:\/\/old.atletikaolomouc.cz\/index.php?rest_route=\/wp\/v2\/posts"}],"about":[{"href":"https:\/\/old.atletikaolomouc.cz\/index.php?rest_route=\/wp\/v2\/types\/post"}],"author":[{"embeddable":true,"href":"https:\/\/old.atletikaolomouc.cz\/index.php?rest_route=\/wp\/v2\/users\/11"}],"replies":[{"embeddable":true,"href":"https:\/\/old.atletikaolomouc.cz\/index.php?rest_route=%2Fwp%2Fv2%2Fcomments&post=10591"}],"version-history":[{"count":16,"href":"https:\/\/old.atletikaolomouc.cz\/index.php?rest_route=\/wp\/v2\/posts\/10591\/revisions"}],"predecessor-version":[{"id":10614,"href":"https:\/\/old.atletikaolomouc.cz\/index.php?rest_route=\/wp\/v2\/posts\/10591\/revisions\/10614"}],"wp:featuredmedia":[{"embeddable":true,"href":"https:\/\/old.atletikaolomouc.cz\/index.php?rest_route=\/wp\/v2\/media\/10592"}],"wp:attachment":[{"href":"https:\/\/old.atletikaolomouc.cz\/index.php?rest_route=%2Fwp%2Fv2%2Fmedia&parent=10591"}],"wp:term":[{"taxonomy":"category","embeddable":true,"href":"https:\/\/old.atletikaolomouc.cz\/index.php?rest_route=%2Fwp%2Fv2%2Fcategories&post=10591"},{"taxonomy":"post_tag","embeddable":true,"href":"https:\/\/old.atletikaolomouc.cz\/index.php?rest_route=%2Fwp%2Fv2%2Ftags&post=10591"}],"curies":[{"name":"wp","href":"https:\/\/api.w.org\/{rel}","templated":true}]}}