{"id":10629,"date":"2018-08-30T08:19:41","date_gmt":"2018-08-30T06:19:41","guid":{"rendered":"http:\/\/www.atletikaolomouc.cz\/?p=10629"},"modified":"2018-08-30T08:19:42","modified_gmt":"2018-08-30T06:19:42","slug":"evropsky-bronz-pro-ak-olomouc","status":"publish","type":"post","link":"https:\/\/old.atletikaolomouc.cz\/?p=10629","title":{"rendered":"Evropsk\u00fd bronz pro AK Olomouc !!!"},"content":{"rendered":"<p style=\"text-align: justify;\">Dne 20-26.8.2018 se uskute\u010dnilo Mistrovstv\u00ed Evropy t\u011blesn\u011b posti\u017een\u00fdch v Berl\u00edn\u011b, kter\u00fd se odehr\u00e1val na stadionu Friedrich-Ludwig- Jahn-Sportpark.\u00a0<!--more--><\/p>\n<p style=\"text-align: justify;\">Evropsk\u00fd bronz si z ME v Berl\u00edn\u011b, odvezla paralympijsk\u00e1 v\u00edt\u011bzka z Pekingu\u00a0<strong>Eva Kacanu (F54)<\/strong>, kde po ukon\u010den\u00ed z\u00e1vodu p\u0159iznala, \u017ee s v\u00fdkonem (5,02m) nebyla \u00fapln\u011b spokojen\u00e1, ale je r\u00e1da, \u017ee to na zisk bronzu sta\u010dilo.\u00a0<\/p>\n<p style=\"text-align: justify;\"><strong>Mirka Obrov\u00e1 (F56)<\/strong>, usilovala o medaile ve v\u0161ech t\u0159ech discipl\u00edn\u00e1ch, jen\u017ee konkurence byla siln\u00e1. V den kdy m\u011bla z\u00e1vod v hodu diskem, do\u0161lo k probl\u00e9m\u016fm, kter\u00fdm jsme se cht\u011bli vyhnout. Technick\u00e1 \u010deta bohu\u017eel nedonesla na sektor Mir\u010diny zv\u00e1\u017een\u00e9 disky, co\u017e ovlivnilo v z\u00e1vod\u011b Mir\u010dinu psychiku a s jin\u00fdma diskama to prost\u011b hodit d\u00e1l ne\u0161lo. Hod o\u0161t\u011bpem byla pro Mirku premi\u00e9ra na t\u011bchto z\u00e1vodech a vyh\u00e1zela si kr\u00e1sn\u00e9 5.m\u00edsto. Posledn\u00ed discipl\u00ednou bylo vrh koul\u00ed, bohu\u017eel ze zdravotn\u00edch d\u016fvod\u016f v tomto z\u00e1vod\u011b nestartovala.<\/p>\n<p style=\"text-align: justify;\"><strong>Martin Kukla (F37)<\/strong> byl na z\u00e1vod dob\u0159e p\u0159ipraven\u00fd jak ment\u00e1ln\u011b i fyzicky. Vyh\u00e1zel si solidn\u00ed 5.m\u00edsto a c\u00edtil, \u017ee to mohlo l\u00edtat d\u00e1l, jen\u017ee kv\u016fli siln\u00e9mu protiv\u011btru se nemohl spr\u00e1vn\u011b trefit.\u00a0<\/p>\n<p style=\"text-align: justify;\"><strong>Du\u0161an \u0160\u010dambura (F55)<\/strong> se usilovn\u011b pokou\u0161el posunout sv\u00e9 osobn\u00ed maximum v hodu o\u0161t\u011bpem a v siln\u00e9 konkurenci se um\u00edstil na 7. m\u00edst\u011b.\u00a0Ze stejn\u00fdch d\u016fvod\u016f jako Mirka Obrov\u00e1, nenastoupil do z\u00e1vodu vrha\u010d\u016f.<\/p>\n<p style=\"text-align: justify;\">Benjam\u00ednkem ME v Berl\u00edn\u011b byl <strong>Filip Varto\u0148 (F52)<\/strong>, kter\u00fd si jel zlep\u0161it sv\u016fj osobn\u00ed rekord a to se mu povedlo. T\u00edmto si vyh\u00e1zel hezk\u00e9 9.m\u00edsto.<\/p>\n<p style=\"text-align: justify;\">Celkov\u00fd dojem z\u00a0leto\u0161n\u00edho Mistrovstv\u00ed Evropy v\u00a0atletice, kter\u00e9 pr\u00e1v\u011b skon\u010dilo, nem\u016f\u017ee b\u00fdt jin\u00fd, ne\u017e nesm\u00edrn\u011b pozitivn\u00ed!<\/p>\n<p style=\"text-align: justify;\">V\u0161em blahop\u0159ejeme.<\/p>\n<p><strong>Fotogalerie &#8211; zde<\/strong><\/p>\n<p><strong>Shr\u0148me si fin\u00e1ln\u00ed v\u00fdsledkov\u00fd servis AK OLOMOUC<\/strong><\/p>\n<table border=\"0\">\n<tbody>\n<tr>\n<td>\n<p>&nbsp;<\/p>\n<p><a href=\"http:\/\/www.atletikaolomouc.cz\/?attachment_id=10633\" rel=\"attachment wp-att-10633\"><img decoding=\"async\" loading=\"lazy\" class=\" wp-image-10633 alignnone\" title=\"Eva kacanu bronz\" src=\"http:\/\/www.atletikaolomouc.cz\/wp-content\/uploads\/2018\/08\/Eva-kacanu-bronz1-301x600.jpg\" alt=\"\" width=\"193\" height=\"384\" srcset=\"https:\/\/old.atletikaolomouc.cz\/wp-content\/uploads\/2018\/08\/Eva-kacanu-bronz1-301x600.jpg 301w, https:\/\/old.atletikaolomouc.cz\/wp-content\/uploads\/2018\/08\/Eva-kacanu-bronz1.jpg 761w\" sizes=\"(max-width: 193px) 100vw, 193px\" \/><\/a><\/p>\n<\/td>\n<td>\n<p>&nbsp;<\/p>\n<p style=\"text-align: center;\"><strong>BRONZOV\u00c1 MEDAILE<\/strong><\/p>\n<p style=\"text-align: center;\"><strong>EVA KACANU &#8211; F54<br \/><\/strong><br \/>3.m\u00edsto &#8211; vrh koul\u00ed &#8211; 5,02m \u00a0<\/p>\n<\/td>\n<\/tr>\n<tr>\n<td><img decoding=\"async\" loading=\"lazy\" class=\"size-medium wp-image-10631 alignnone\" style=\"font-family: -webkit-standard;\" title=\"OLYMPUS DIGITAL CAMERA\" src=\"http:\/\/www.atletikaolomouc.cz\/wp-content\/uploads\/2018\/08\/Mirka-obrov\u00e1-244x300.jpg\" alt=\"\" width=\"244\" height=\"300\" srcset=\"https:\/\/old.atletikaolomouc.cz\/wp-content\/uploads\/2018\/08\/Mirka-obrov\u00e1-244x300.jpg 244w, https:\/\/old.atletikaolomouc.cz\/wp-content\/uploads\/2018\/08\/Mirka-obrov\u00e1-489x600.jpg 489w\" sizes=\"(max-width: 244px) 100vw, 244px\" \/><\/td>\n<td>\n<p style=\"text-align: center;\"><strong>MIRKA OBROV\u00c1 &#8211; F56<\/strong><\/p>\n<p style=\"text-align: center;\">5. m\u00edsto &#8211; hod diskem &#8211; 18,29m<br \/>5.m\u00edsto &#8211; hod o\u0161t\u011bpem &#8211; 14,02m\u00a0<br \/>DNS &#8211; vrh koul\u00ed &#8211; nestartovala\u00a0<\/p>\n<\/td>\n<td>\u00a0<\/td>\n<\/tr>\n<tr>\n<td><a href=\"http:\/\/www.atletikaolomouc.cz\/?attachment_id=10598\" rel=\"attachment wp-att-10598\"><img decoding=\"async\" loading=\"lazy\" class=\" wp-image-10598 alignnone\" title=\"_MG_8881\" src=\"http:\/\/www.atletikaolomouc.cz\/wp-content\/uploads\/2018\/08\/MG_8881-446x600.jpg\" alt=\"\" width=\"241\" height=\"324\" srcset=\"https:\/\/old.atletikaolomouc.cz\/wp-content\/uploads\/2018\/08\/MG_8881-446x600.jpg 446w, https:\/\/old.atletikaolomouc.cz\/wp-content\/uploads\/2018\/08\/MG_8881-223x300.jpg 223w\" sizes=\"(max-width: 241px) 100vw, 241px\" \/><\/a><\/td>\n<td>\n<p style=\"text-align: center;\"><strong>MARTIN KUKLA &#8211; F37<\/strong><\/p>\n<p>5.m\u00edsto &#8211; hod o\u0161t\u011bpem &#8211; 36,30m<\/p>\n<\/td>\n<td>\u00a0<\/td>\n<\/tr>\n<tr>\n<td><a href=\"http:\/\/www.atletikaolomouc.cz\/?attachment_id=10635\" rel=\"attachment wp-att-10635\"><img decoding=\"async\" loading=\"lazy\" class=\" wp-image-10635 alignnone\" title=\"OLYMPUS DIGITAL CAMERA\" src=\"http:\/\/www.atletikaolomouc.cz\/wp-content\/uploads\/2018\/08\/du\u0161an-\u0161\u010dambura1-412x600.jpg\" alt=\"\" width=\"238\" height=\"346\" srcset=\"https:\/\/old.atletikaolomouc.cz\/wp-content\/uploads\/2018\/08\/du\u0161an-\u0161\u010dambura1-412x600.jpg 412w, https:\/\/old.atletikaolomouc.cz\/wp-content\/uploads\/2018\/08\/du\u0161an-\u0161\u010dambura1-206x300.jpg 206w\" sizes=\"(max-width: 238px) 100vw, 238px\" \/><\/a><\/td>\n<td>\n<p style=\"text-align: center;\"><strong>DU\u0160AN \u0160\u010cAMBURA &#8211; F55<\/strong><\/p>\n<p style=\"text-align: center;\">7. m\u00edsto &#8211; hod o\u0161t\u011bpem &#8211; 22,11m<br \/>Vrh koul\u00ed &#8211; nestartoval\u00a0<\/p>\n<\/td>\n<td>\u00a0<\/td>\n<\/tr>\n<tr>\n<td><a href=\"http:\/\/www.atletikaolomouc.cz\/?attachment_id=10636\" rel=\"attachment wp-att-10636\"><img decoding=\"async\" loading=\"lazy\" class=\" wp-image-10636 alignnone\" title=\"OLYMPUS DIGITAL CAMERA\" src=\"http:\/\/www.atletikaolomouc.cz\/wp-content\/uploads\/2018\/08\/Filip-Varto\u0148-800x542.jpg\" alt=\"\" width=\"239\" height=\"163\" srcset=\"https:\/\/old.atletikaolomouc.cz\/wp-content\/uploads\/2018\/08\/Filip-Varto\u0148-800x542.jpg 800w, https:\/\/old.atletikaolomouc.cz\/wp-content\/uploads\/2018\/08\/Filip-Varto\u0148-300x203.jpg 300w\" sizes=\"(max-width: 239px) 100vw, 239px\" \/><\/a><\/td>\n<td>\n<p style=\"text-align: center;\"><strong>FILIP VARTO\u0147 &#8211; F52<\/strong><\/p>\n<p style=\"text-align: center;\">9. m\u00edsto &#8211; hod diskem &#8211; 11,86 <strong>SB<\/strong>\u00a0<\/p>\n<\/td>\n<td>\u00a0<\/td>\n<\/tr>\n<\/tbody>\n<\/table>\n<p>&nbsp;<\/p>\n<p>&nbsp;<\/p>\n<p>&nbsp;<\/p>\n<p>&nbsp;<\/p>\n<p>&nbsp;<\/p>\n<p>&nbsp;<\/p>\n<p>&nbsp;<\/p>\n","protected":false},"excerpt":{"rendered":"<p>Dne 20-26.8.2018 se uskute\u010dnilo Mistrovstv\u00ed Evropy t\u011blesn\u011b posti\u017een\u00fdch v Berl\u00edn\u011b, kter\u00fd se odehr\u00e1val na stadionu Friedrich-Ludwig- Jahn-Sportpark.\u00a0<\/p>\n","protected":false},"author":11,"featured_media":10660,"comment_status":"closed","ping_status":"closed","sticky":false,"template":"","format":"standard","meta":{"ngg_post_thumbnail":0},"categories":[5,48,6,37],"tags":[],"_links":{"self":[{"href":"https:\/\/old.atletikaolomouc.cz\/index.php?rest_route=\/wp\/v2\/posts\/10629"}],"collection":[{"href":"https:\/\/old.atletikaolomouc.cz\/index.php?rest_route=\/wp\/v2\/posts"}],"about":[{"href":"https:\/\/old.atletikaolomouc.cz\/index.php?rest_route=\/wp\/v2\/types\/post"}],"author":[{"embeddable":true,"href":"https:\/\/old.atletikaolomouc.cz\/index.php?rest_route=\/wp\/v2\/users\/11"}],"replies":[{"embeddable":true,"href":"https:\/\/old.atletikaolomouc.cz\/index.php?rest_route=%2Fwp%2Fv2%2Fcomments&post=10629"}],"version-history":[{"count":6,"href":"https:\/\/old.atletikaolomouc.cz\/index.php?rest_route=\/wp\/v2\/posts\/10629\/revisions"}],"predecessor-version":[{"id":10662,"href":"https:\/\/old.atletikaolomouc.cz\/index.php?rest_route=\/wp\/v2\/posts\/10629\/revisions\/10662"}],"wp:featuredmedia":[{"embeddable":true,"href":"https:\/\/old.atletikaolomouc.cz\/index.php?rest_route=\/wp\/v2\/media\/10660"}],"wp:attachment":[{"href":"https:\/\/old.atletikaolomouc.cz\/index.php?rest_route=%2Fwp%2Fv2%2Fmedia&parent=10629"}],"wp:term":[{"taxonomy":"category","embeddable":true,"href":"https:\/\/old.atletikaolomouc.cz\/index.php?rest_route=%2Fwp%2Fv2%2Fcategories&post=10629"},{"taxonomy":"post_tag","embeddable":true,"href":"https:\/\/old.atletikaolomouc.cz\/index.php?rest_route=%2Fwp%2Fv2%2Ftags&post=10629"}],"curies":[{"name":"wp","href":"https:\/\/api.w.org\/{rel}","templated":true}]}}