{"id":11246,"date":"2018-12-20T14:31:12","date_gmt":"2018-12-20T13:31:12","guid":{"rendered":"http:\/\/www.atletikaolomouc.cz\/?p=11246"},"modified":"2018-12-20T14:31:12","modified_gmt":"2018-12-20T13:31:12","slug":"halovy-zavod-vozickaru-ve-vrhu-kouli-v-ostrave","status":"publish","type":"post","link":"https:\/\/old.atletikaolomouc.cz\/?p=11246","title":{"rendered":"Halov\u00fd z\u00e1vod voz\u00ed\u010dk\u00e1\u0159\u016f ve vrhu koul\u00ed v Ostrav\u011b"},"content":{"rendered":"<p>Dne 9.12.2018 se konal halov\u00fd z\u00e1vod voz\u00ed\u010dk\u00e1\u0159\u016f ve vrhu koul\u00ed po\u0159\u00e1dan\u00e9 v Ostrav\u011b.<!--more--><\/p>\n<p style=\"text-align: left;\">Vrha\u010dsk\u00fd z\u00e1vod voz\u00ed\u010dk\u00e1\u0159\u016f v Ostrav\u011b se vyda\u0159il a Eva Kacanu z\u00edskala prvenstv\u00ed ve vrhu koul\u00ed v\u00fdkonem 5,47m a hned za n\u00ed se na druhou p\u0159\u00ed\u010dku za\u0159adila Mirka Obrov\u00e1 v\u00fdkonem 6,66m. Z mu\u017esk\u00e9 kategorie v Ostrav\u011b z\u00e1vodil pouze Michal Rotter, kter\u00fd z\u00edskal 7. m\u00edsto v\u00fdkonem 6,50m.<\/p>\n<p>V\u0161em moc gratuluji<\/p>\n<p><a href=\"https:\/\/photos.app.goo.gl\/RpKvRHwdSRmRbPwi7\">Fotogalerie<\/a><\/p>\n<p>V\u00fdsledky<\/p>\n<p>&nbsp;<\/p>\n<p>&nbsp;<\/p>\n","protected":false},"excerpt":{"rendered":"<p>Dne 9.12.2018 se konal halov\u00fd z\u00e1vod voz\u00ed\u010dk\u00e1\u0159\u016f ve vrhu koul\u00ed po\u0159\u00e1dan\u00e9 v Ostrav\u011b.<\/p>\n","protected":false},"author":11,"featured_media":11250,"comment_status":"closed","ping_status":"closed","sticky":false,"template":"","format":"standard","meta":{"ngg_post_thumbnail":0},"categories":[5,48,6,37],"tags":[],"_links":{"self":[{"href":"https:\/\/old.atletikaolomouc.cz\/index.php?rest_route=\/wp\/v2\/posts\/11246"}],"collection":[{"href":"https:\/\/old.atletikaolomouc.cz\/index.php?rest_route=\/wp\/v2\/posts"}],"about":[{"href":"https:\/\/old.atletikaolomouc.cz\/index.php?rest_route=\/wp\/v2\/types\/post"}],"author":[{"embeddable":true,"href":"https:\/\/old.atletikaolomouc.cz\/index.php?rest_route=\/wp\/v2\/users\/11"}],"replies":[{"embeddable":true,"href":"https:\/\/old.atletikaolomouc.cz\/index.php?rest_route=%2Fwp%2Fv2%2Fcomments&post=11246"}],"version-history":[{"count":1,"href":"https:\/\/old.atletikaolomouc.cz\/index.php?rest_route=\/wp\/v2\/posts\/11246\/revisions"}],"predecessor-version":[{"id":11251,"href":"https:\/\/old.atletikaolomouc.cz\/index.php?rest_route=\/wp\/v2\/posts\/11246\/revisions\/11251"}],"wp:featuredmedia":[{"embeddable":true,"href":"https:\/\/old.atletikaolomouc.cz\/index.php?rest_route=\/wp\/v2\/media\/11250"}],"wp:attachment":[{"href":"https:\/\/old.atletikaolomouc.cz\/index.php?rest_route=%2Fwp%2Fv2%2Fmedia&parent=11246"}],"wp:term":[{"taxonomy":"category","embeddable":true,"href":"https:\/\/old.atletikaolomouc.cz\/index.php?rest_route=%2Fwp%2Fv2%2Fcategories&post=11246"},{"taxonomy":"post_tag","embeddable":true,"href":"https:\/\/old.atletikaolomouc.cz\/index.php?rest_route=%2Fwp%2Fv2%2Ftags&post=11246"}],"curies":[{"name":"wp","href":"https:\/\/api.w.org\/{rel}","templated":true}]}}