{"id":11252,"date":"2018-12-20T14:45:46","date_gmt":"2018-12-20T13:45:46","guid":{"rendered":"http:\/\/www.atletikaolomouc.cz\/?p=11252"},"modified":"2018-12-20T14:47:13","modified_gmt":"2018-12-20T13:47:13","slug":"vanocni-vrhacsky-mitink-vozickaru-2018","status":"publish","type":"post","link":"https:\/\/old.atletikaolomouc.cz\/?p=11252","title":{"rendered":"V\u00e1no\u010dn\u00ed vrha\u010dsk\u00fd m\u00edtink voz\u00ed\u010dk\u00e1\u0159\u016f 2018"},"content":{"rendered":"<p style=\"text-align: left;\">Dne 15.12.2018 se konal posledn\u00ed z\u00e1vod voz\u00ed\u010dk\u00e1\u0159\u016f v tomto roce 2018.<!--more--><\/p>\n<p>Sobotn\u00ed super z\u00e1vod se konal\u00a0v Olomouci. V \u017eensk\u00e9 kategorii v hodu ku\u017eelkou se na 2.m\u00edst\u011b um\u00edstila Evi\u010dka Kvapilov\u00e1 a na 3.m\u00edst\u011b Ad\u00e9lka Sekyrov\u00e1. Ve stejn\u00e9 kategorii, ale ve vrhu koul\u00ed brala zlatou pozici Eva Kacanu a hned za ni \u00a0st\u0159\u00edbrn\u00e1 Mirka Obrov\u00e1 a 6.misto Ivana Drapov\u00e1.<\/p>\n<p>U mu\u017e\u016f se bojovalo tak\u00e9 a Michal Rotter si vybojoval krasn\u00e9 bramborov\u00e9 um\u00edst\u011bn\u00ed. Luk\u00e1\u0161 Kunc se um\u00edstil na skv\u011bl\u00e9m 6.mist\u011b.<\/p>\n<p>V\u0161em moc <span id=\"u_fetchstream_9_p\" class=\"_ezo\">gratuluji<\/span>, jste u\u017easn\u00ed a t\u011b\u0161\u00edm se na nadch\u00e1zej\u00edc\u00ed sez\u00f3nu 2019.<\/p>\n<p><a href=\"https:\/\/drive.google.com\/open?id=12Z6kZ7h_PP8iiSTZQJUNixNZmE62Jogv\">V\u00fdsledky<\/a><\/p>\n<p><a href=\"https:\/\/photos.app.goo.gl\/JcUCU8MWCQ2kv8ia8\">Fotogalerie<\/a><\/p>\n<p>&nbsp;<\/p>\n","protected":false},"excerpt":{"rendered":"<p>Dne 15.12.2018 se konal posledn\u00ed z\u00e1vod voz\u00ed\u010dk\u00e1\u0159\u016f v tomto roce 2018.<\/p>\n","protected":false},"author":11,"featured_media":11253,"comment_status":"closed","ping_status":"closed","sticky":false,"template":"","format":"standard","meta":{"ngg_post_thumbnail":0},"categories":[5,48,6,37],"tags":[],"_links":{"self":[{"href":"https:\/\/old.atletikaolomouc.cz\/index.php?rest_route=\/wp\/v2\/posts\/11252"}],"collection":[{"href":"https:\/\/old.atletikaolomouc.cz\/index.php?rest_route=\/wp\/v2\/posts"}],"about":[{"href":"https:\/\/old.atletikaolomouc.cz\/index.php?rest_route=\/wp\/v2\/types\/post"}],"author":[{"embeddable":true,"href":"https:\/\/old.atletikaolomouc.cz\/index.php?rest_route=\/wp\/v2\/users\/11"}],"replies":[{"embeddable":true,"href":"https:\/\/old.atletikaolomouc.cz\/index.php?rest_route=%2Fwp%2Fv2%2Fcomments&post=11252"}],"version-history":[{"count":3,"href":"https:\/\/old.atletikaolomouc.cz\/index.php?rest_route=\/wp\/v2\/posts\/11252\/revisions"}],"predecessor-version":[{"id":11256,"href":"https:\/\/old.atletikaolomouc.cz\/index.php?rest_route=\/wp\/v2\/posts\/11252\/revisions\/11256"}],"wp:featuredmedia":[{"embeddable":true,"href":"https:\/\/old.atletikaolomouc.cz\/index.php?rest_route=\/wp\/v2\/media\/11253"}],"wp:attachment":[{"href":"https:\/\/old.atletikaolomouc.cz\/index.php?rest_route=%2Fwp%2Fv2%2Fmedia&parent=11252"}],"wp:term":[{"taxonomy":"category","embeddable":true,"href":"https:\/\/old.atletikaolomouc.cz\/index.php?rest_route=%2Fwp%2Fv2%2Fcategories&post=11252"},{"taxonomy":"post_tag","embeddable":true,"href":"https:\/\/old.atletikaolomouc.cz\/index.php?rest_route=%2Fwp%2Fv2%2Ftags&post=11252"}],"curies":[{"name":"wp","href":"https:\/\/api.w.org\/{rel}","templated":true}]}}