{"id":11731,"date":"2019-03-21T10:44:52","date_gmt":"2019-03-21T09:44:52","guid":{"rendered":"http:\/\/www.atletikaolomouc.cz\/?p=11731"},"modified":"2019-03-21T11:02:25","modified_gmt":"2019-03-21T10:02:25","slug":"13-rocnik-behu-michalskym-vypadem-foto","status":"publish","type":"post","link":"https:\/\/old.atletikaolomouc.cz\/?p=11731","title":{"rendered":"13. ro\u010dn\u00edk B\u011bhu Michalsk\u00fdm v\u00fdpadem &#8211; foto"},"content":{"rendered":"\n<p><img decoding=\"async\" loading=\"lazy\" class=\"alignleft wp-image-11732 size-thumbnail\" src=\"http:\/\/www.atletikaolomouc.cz\/wp-content\/uploads\/2019\/03\/DSC_4044-VC-V\u00fdpad-2019-150x150.jpg\" alt=\"\" width=\"150\" height=\"150\">Fotogalerie z 13. ro\u010dn\u00edku B\u011bhu Michalsk\u00fdm v\u00fdpadem.<\/p>\n<p><!--more--><\/p>\n<!-- default-view.php -->\n<div\n\tclass=\"ngg-galleryoverview default-view \"\n\tid=\"ngg-gallery-5d12640e52ae1eb94204485cba4a1102-1\">\n\n\t\t<!-- Thumbnails -->\n\t\t\t\t<div id=\"ngg-image-0\" class=\"ngg-gallery-thumbnail-box ngg-4-columns\" >\n\t\t\t\t        <div class=\"ngg-gallery-thumbnail\">\n            <a href=\"https:\/\/old.atletikaolomouc.cz\/wp-content\/gallery\/13-rocnik-behu-michalskym-vypadem\/DSC_4041-VC-V%C3%BDpad-2019.jpg\"\n               title=\"\"\n               data-src=\"https:\/\/old.atletikaolomouc.cz\/wp-content\/gallery\/13-rocnik-behu-michalskym-vypadem\/DSC_4041-VC-V%C3%BDpad-2019.jpg\"\n               data-thumbnail=\"https:\/\/old.atletikaolomouc.cz\/wp-content\/gallery\/13-rocnik-behu-michalskym-vypadem\/thumbs\/thumbs_DSC_4041-VC-V%C3%BDpad-2019.jpg\"\n               data-image-id=\"3305\"\n               data-title=\"DSC_4041 VC V\u00fdpad 2019\"\n               data-description=\"\"\n               data-image-slug=\"dsc_4041-vc-v%c3%bdpad-2019\"\n               class=\"ngg-simplelightbox\" rel=\"5d12640e52ae1eb94204485cba4a1102\">\n                <img\n                    title=\"DSC_4041 VC V\u00fdpad 2019\"\n                    alt=\"DSC_4041 VC V\u00fdpad 2019\"\n                    src=\"https:\/\/old.atletikaolomouc.cz\/wp-content\/gallery\/13-rocnik-behu-michalskym-vypadem\/thumbs\/thumbs_DSC_4041-VC-V%C3%BDpad-2019.jpg\"\n                    width=\"240\"\n                    height=\"160\"\n                    style=\"max-width:100%;\"\n                \/>\n            <\/a>\n        <\/div>\n\t\t\t\t\t\t\t<\/div> \n\t\t\t\n\t\t\t\t<div id=\"ngg-image-1\" class=\"ngg-gallery-thumbnail-box ngg-4-columns\" >\n\t\t\t\t        <div class=\"ngg-gallery-thumbnail\">\n            <a href=\"https:\/\/old.atletikaolomouc.cz\/wp-content\/gallery\/13-rocnik-behu-michalskym-vypadem\/DSC_4043-VC-V%C3%BDpad-2019.jpg\"\n               title=\"\"\n               data-src=\"https:\/\/old.atletikaolomouc.cz\/wp-content\/gallery\/13-rocnik-behu-michalskym-vypadem\/DSC_4043-VC-V%C3%BDpad-2019.jpg\"\n               data-thumbnail=\"https:\/\/old.atletikaolomouc.cz\/wp-content\/gallery\/13-rocnik-behu-michalskym-vypadem\/thumbs\/thumbs_DSC_4043-VC-V%C3%BDpad-2019.jpg\"\n               data-image-id=\"3306\"\n               data-title=\"DSC_4043 VC V\u00fdpad 2019\"\n               data-description=\"\"\n               data-image-slug=\"dsc_4043-vc-v%c3%bdpad-2019\"\n               class=\"ngg-simplelightbox\" rel=\"5d12640e52ae1eb94204485cba4a1102\">\n                <img\n                    title=\"DSC_4043 VC V\u00fdpad 2019\"\n                    alt=\"DSC_4043 VC V\u00fdpad 2019\"\n                    src=\"https:\/\/old.atletikaolomouc.cz\/wp-content\/gallery\/13-rocnik-behu-michalskym-vypadem\/thumbs\/thumbs_DSC_4043-VC-V%C3%BDpad-2019.jpg\"\n                    width=\"240\"\n                    height=\"160\"\n                    style=\"max-width:100%;\"\n                \/>\n            <\/a>\n        <\/div>\n\t\t\t\t\t\t\t<\/div> \n\t\t\t\n\t\t\t\t<div id=\"ngg-image-2\" class=\"ngg-gallery-thumbnail-box ngg-4-columns\" >\n\t\t\t\t        <div class=\"ngg-gallery-thumbnail\">\n            <a href=\"https:\/\/old.atletikaolomouc.cz\/wp-content\/gallery\/13-rocnik-behu-michalskym-vypadem\/DSC_4044-VC-V%C3%BDpad-2019.jpg\"\n               title=\"\"\n               data-src=\"https:\/\/old.atletikaolomouc.cz\/wp-content\/gallery\/13-rocnik-behu-michalskym-vypadem\/DSC_4044-VC-V%C3%BDpad-2019.jpg\"\n               data-thumbnail=\"https:\/\/old.atletikaolomouc.cz\/wp-content\/gallery\/13-rocnik-behu-michalskym-vypadem\/thumbs\/thumbs_DSC_4044-VC-V%C3%BDpad-2019.jpg\"\n               data-image-id=\"3307\"\n               data-title=\"DSC_4044 VC V\u00fdpad 2019\"\n               data-description=\"\"\n               data-image-slug=\"dsc_4044-vc-v%c3%bdpad-2019\"\n               class=\"ngg-simplelightbox\" rel=\"5d12640e52ae1eb94204485cba4a1102\">\n                <img\n                    title=\"DSC_4044 VC V\u00fdpad 2019\"\n                    alt=\"DSC_4044 VC V\u00fdpad 2019\"\n                    src=\"https:\/\/old.atletikaolomouc.cz\/wp-content\/gallery\/13-rocnik-behu-michalskym-vypadem\/thumbs\/thumbs_DSC_4044-VC-V%C3%BDpad-2019.jpg\"\n                    width=\"240\"\n                    height=\"160\"\n                    style=\"max-width:100%;\"\n                \/>\n            <\/a>\n        <\/div>\n\t\t\t\t\t\t\t<\/div> \n\t\t\t\n\t\t\t\t<div id=\"ngg-image-3\" class=\"ngg-gallery-thumbnail-box ngg-4-columns\" >\n\t\t\t\t        <div class=\"ngg-gallery-thumbnail\">\n            <a href=\"https:\/\/old.atletikaolomouc.cz\/wp-content\/gallery\/13-rocnik-behu-michalskym-vypadem\/DSC_4045-VC-V%C3%BDpad-2019.jpg\"\n               title=\"\"\n               data-src=\"https:\/\/old.atletikaolomouc.cz\/wp-content\/gallery\/13-rocnik-behu-michalskym-vypadem\/DSC_4045-VC-V%C3%BDpad-2019.jpg\"\n               data-thumbnail=\"https:\/\/old.atletikaolomouc.cz\/wp-content\/gallery\/13-rocnik-behu-michalskym-vypadem\/thumbs\/thumbs_DSC_4045-VC-V%C3%BDpad-2019.jpg\"\n               data-image-id=\"3308\"\n               data-title=\"DSC_4045 VC V\u00fdpad 2019\"\n               data-description=\"\"\n               data-image-slug=\"dsc_4045-vc-v%c3%bdpad-2019\"\n               class=\"ngg-simplelightbox\" rel=\"5d12640e52ae1eb94204485cba4a1102\">\n                <img\n                    title=\"DSC_4045 VC V\u00fdpad 2019\"\n                    alt=\"DSC_4045 VC V\u00fdpad 2019\"\n                    src=\"https:\/\/old.atletikaolomouc.cz\/wp-content\/gallery\/13-rocnik-behu-michalskym-vypadem\/thumbs\/thumbs_DSC_4045-VC-V%C3%BDpad-2019.jpg\"\n                    width=\"240\"\n                    height=\"160\"\n                    style=\"max-width:100%;\"\n                \/>\n            <\/a>\n        <\/div>\n\t\t\t\t\t\t\t<\/div> \n\t\t\t\n\t\t\t\t<div id=\"ngg-image-4\" class=\"ngg-gallery-thumbnail-box ngg-4-columns\" >\n\t\t\t\t        <div class=\"ngg-gallery-thumbnail\">\n            <a href=\"https:\/\/old.atletikaolomouc.cz\/wp-content\/gallery\/13-rocnik-behu-michalskym-vypadem\/DSC_4046-VC-V%C3%BDpad-2019.jpg\"\n               title=\"\"\n               data-src=\"https:\/\/old.atletikaolomouc.cz\/wp-content\/gallery\/13-rocnik-behu-michalskym-vypadem\/DSC_4046-VC-V%C3%BDpad-2019.jpg\"\n               data-thumbnail=\"https:\/\/old.atletikaolomouc.cz\/wp-content\/gallery\/13-rocnik-behu-michalskym-vypadem\/thumbs\/thumbs_DSC_4046-VC-V%C3%BDpad-2019.jpg\"\n               data-image-id=\"3309\"\n               data-title=\"DSC_4046 VC V\u00fdpad 2019\"\n               data-description=\"\"\n               data-image-slug=\"dsc_4046-vc-v%c3%bdpad-2019\"\n               class=\"ngg-simplelightbox\" rel=\"5d12640e52ae1eb94204485cba4a1102\">\n                <img\n                    title=\"DSC_4046 VC V\u00fdpad 2019\"\n                    alt=\"DSC_4046 VC V\u00fdpad 2019\"\n                    src=\"https:\/\/old.atletikaolomouc.cz\/wp-content\/gallery\/13-rocnik-behu-michalskym-vypadem\/thumbs\/thumbs_DSC_4046-VC-V%C3%BDpad-2019.jpg\"\n                    width=\"240\"\n                    height=\"160\"\n                    style=\"max-width:100%;\"\n                \/>\n            <\/a>\n        <\/div>\n\t\t\t\t\t\t\t<\/div> \n\t\t\t\n\t\t\t\t<div id=\"ngg-image-5\" class=\"ngg-gallery-thumbnail-box ngg-4-columns\" >\n\t\t\t\t        <div class=\"ngg-gallery-thumbnail\">\n            <a href=\"https:\/\/old.atletikaolomouc.cz\/wp-content\/gallery\/13-rocnik-behu-michalskym-vypadem\/DSC_4047-VC-V%C3%BDpad-2019.jpg\"\n               title=\"\"\n               data-src=\"https:\/\/old.atletikaolomouc.cz\/wp-content\/gallery\/13-rocnik-behu-michalskym-vypadem\/DSC_4047-VC-V%C3%BDpad-2019.jpg\"\n               data-thumbnail=\"https:\/\/old.atletikaolomouc.cz\/wp-content\/gallery\/13-rocnik-behu-michalskym-vypadem\/thumbs\/thumbs_DSC_4047-VC-V%C3%BDpad-2019.jpg\"\n               data-image-id=\"3310\"\n               data-title=\"DSC_4047 VC V\u00fdpad 2019\"\n               data-description=\"\"\n               data-image-slug=\"dsc_4047-vc-v%c3%bdpad-2019\"\n               class=\"ngg-simplelightbox\" rel=\"5d12640e52ae1eb94204485cba4a1102\">\n                <img\n                    title=\"DSC_4047 VC V\u00fdpad 2019\"\n                    alt=\"DSC_4047 VC V\u00fdpad 2019\"\n                    src=\"https:\/\/old.atletikaolomouc.cz\/wp-content\/gallery\/13-rocnik-behu-michalskym-vypadem\/thumbs\/thumbs_DSC_4047-VC-V%C3%BDpad-2019.jpg\"\n                    width=\"240\"\n                    height=\"160\"\n                    style=\"max-width:100%;\"\n                \/>\n            <\/a>\n        <\/div>\n\t\t\t\t\t\t\t<\/div> \n\t\t\t\n\t\t\t\t<div id=\"ngg-image-6\" class=\"ngg-gallery-thumbnail-box ngg-4-columns\" >\n\t\t\t\t        <div class=\"ngg-gallery-thumbnail\">\n            <a href=\"https:\/\/old.atletikaolomouc.cz\/wp-content\/gallery\/13-rocnik-behu-michalskym-vypadem\/DSC_4051-VC-V%C3%BDpad-2019.jpg\"\n               title=\"\"\n               data-src=\"https:\/\/old.atletikaolomouc.cz\/wp-content\/gallery\/13-rocnik-behu-michalskym-vypadem\/DSC_4051-VC-V%C3%BDpad-2019.jpg\"\n               data-thumbnail=\"https:\/\/old.atletikaolomouc.cz\/wp-content\/gallery\/13-rocnik-behu-michalskym-vypadem\/thumbs\/thumbs_DSC_4051-VC-V%C3%BDpad-2019.jpg\"\n               data-image-id=\"3311\"\n               data-title=\"DSC_4051 VC V\u00fdpad 2019\"\n               data-description=\"\"\n               data-image-slug=\"dsc_4051-vc-v%c3%bdpad-2019\"\n               class=\"ngg-simplelightbox\" rel=\"5d12640e52ae1eb94204485cba4a1102\">\n                <img\n                    title=\"DSC_4051 VC V\u00fdpad 2019\"\n                    alt=\"DSC_4051 VC V\u00fdpad 2019\"\n                    src=\"https:\/\/old.atletikaolomouc.cz\/wp-content\/gallery\/13-rocnik-behu-michalskym-vypadem\/thumbs\/thumbs_DSC_4051-VC-V%C3%BDpad-2019.jpg\"\n                    width=\"240\"\n                    height=\"160\"\n                    style=\"max-width:100%;\"\n                \/>\n            <\/a>\n        <\/div>\n\t\t\t\t\t\t\t<\/div> \n\t\t\t\n\t\t\t\t<div id=\"ngg-image-7\" class=\"ngg-gallery-thumbnail-box ngg-4-columns\" >\n\t\t\t\t        <div class=\"ngg-gallery-thumbnail\">\n            <a href=\"https:\/\/old.atletikaolomouc.cz\/wp-content\/gallery\/13-rocnik-behu-michalskym-vypadem\/DSC_4052-VC-V%C3%BDpad-2019.jpg\"\n               title=\"\"\n               data-src=\"https:\/\/old.atletikaolomouc.cz\/wp-content\/gallery\/13-rocnik-behu-michalskym-vypadem\/DSC_4052-VC-V%C3%BDpad-2019.jpg\"\n               data-thumbnail=\"https:\/\/old.atletikaolomouc.cz\/wp-content\/gallery\/13-rocnik-behu-michalskym-vypadem\/thumbs\/thumbs_DSC_4052-VC-V%C3%BDpad-2019.jpg\"\n               data-image-id=\"3312\"\n               data-title=\"DSC_4052 VC V\u00fdpad 2019\"\n               data-description=\"\"\n               data-image-slug=\"dsc_4052-vc-v%c3%bdpad-2019\"\n               class=\"ngg-simplelightbox\" rel=\"5d12640e52ae1eb94204485cba4a1102\">\n                <img\n                    title=\"DSC_4052 VC V\u00fdpad 2019\"\n                    alt=\"DSC_4052 VC V\u00fdpad 2019\"\n                    src=\"https:\/\/old.atletikaolomouc.cz\/wp-content\/gallery\/13-rocnik-behu-michalskym-vypadem\/thumbs\/thumbs_DSC_4052-VC-V%C3%BDpad-2019.jpg\"\n                    width=\"240\"\n                    height=\"160\"\n                    style=\"max-width:100%;\"\n                \/>\n            <\/a>\n        <\/div>\n\t\t\t\t\t\t\t<\/div> \n\t\t\t\n\t\t\t\t<div id=\"ngg-image-8\" class=\"ngg-gallery-thumbnail-box ngg-4-columns\" >\n\t\t\t\t        <div class=\"ngg-gallery-thumbnail\">\n            <a href=\"https:\/\/old.atletikaolomouc.cz\/wp-content\/gallery\/13-rocnik-behu-michalskym-vypadem\/DSC_4053-VC-V%C3%BDpad-2019.jpg\"\n               title=\"\"\n               data-src=\"https:\/\/old.atletikaolomouc.cz\/wp-content\/gallery\/13-rocnik-behu-michalskym-vypadem\/DSC_4053-VC-V%C3%BDpad-2019.jpg\"\n               data-thumbnail=\"https:\/\/old.atletikaolomouc.cz\/wp-content\/gallery\/13-rocnik-behu-michalskym-vypadem\/thumbs\/thumbs_DSC_4053-VC-V%C3%BDpad-2019.jpg\"\n               data-image-id=\"3313\"\n               data-title=\"DSC_4053 VC V\u00fdpad 2019\"\n               data-description=\"\"\n               data-image-slug=\"dsc_4053-vc-v%c3%bdpad-2019\"\n               class=\"ngg-simplelightbox\" rel=\"5d12640e52ae1eb94204485cba4a1102\">\n                <img\n                    title=\"DSC_4053 VC V\u00fdpad 2019\"\n                    alt=\"DSC_4053 VC V\u00fdpad 2019\"\n                    src=\"https:\/\/old.atletikaolomouc.cz\/wp-content\/gallery\/13-rocnik-behu-michalskym-vypadem\/thumbs\/thumbs_DSC_4053-VC-V%C3%BDpad-2019.jpg\"\n                    width=\"240\"\n                    height=\"160\"\n                    style=\"max-width:100%;\"\n                \/>\n            <\/a>\n        <\/div>\n\t\t\t\t\t\t\t<\/div> \n\t\t\t\n\t\t\t\t<div id=\"ngg-image-9\" class=\"ngg-gallery-thumbnail-box ngg-4-columns\" >\n\t\t\t\t        <div class=\"ngg-gallery-thumbnail\">\n            <a href=\"https:\/\/old.atletikaolomouc.cz\/wp-content\/gallery\/13-rocnik-behu-michalskym-vypadem\/DSC_4054-VC-V%C3%BDpad-2019.jpg\"\n               title=\"\"\n               data-src=\"https:\/\/old.atletikaolomouc.cz\/wp-content\/gallery\/13-rocnik-behu-michalskym-vypadem\/DSC_4054-VC-V%C3%BDpad-2019.jpg\"\n               data-thumbnail=\"https:\/\/old.atletikaolomouc.cz\/wp-content\/gallery\/13-rocnik-behu-michalskym-vypadem\/thumbs\/thumbs_DSC_4054-VC-V%C3%BDpad-2019.jpg\"\n               data-image-id=\"3314\"\n               data-title=\"DSC_4054 VC V\u00fdpad 2019\"\n               data-description=\"\"\n               data-image-slug=\"dsc_4054-vc-v%c3%bdpad-2019\"\n               class=\"ngg-simplelightbox\" rel=\"5d12640e52ae1eb94204485cba4a1102\">\n                <img\n                    title=\"DSC_4054 VC V\u00fdpad 2019\"\n                    alt=\"DSC_4054 VC V\u00fdpad 2019\"\n                    src=\"https:\/\/old.atletikaolomouc.cz\/wp-content\/gallery\/13-rocnik-behu-michalskym-vypadem\/thumbs\/thumbs_DSC_4054-VC-V%C3%BDpad-2019.jpg\"\n                    width=\"240\"\n                    height=\"160\"\n                    style=\"max-width:100%;\"\n                \/>\n            <\/a>\n        <\/div>\n\t\t\t\t\t\t\t<\/div> \n\t\t\t\n\t\t\t\t<div id=\"ngg-image-10\" class=\"ngg-gallery-thumbnail-box ngg-4-columns\" >\n\t\t\t\t        <div class=\"ngg-gallery-thumbnail\">\n            <a href=\"https:\/\/old.atletikaolomouc.cz\/wp-content\/gallery\/13-rocnik-behu-michalskym-vypadem\/DSC_4055-VC-V%C3%BDpad-2019.jpg\"\n               title=\"\"\n               data-src=\"https:\/\/old.atletikaolomouc.cz\/wp-content\/gallery\/13-rocnik-behu-michalskym-vypadem\/DSC_4055-VC-V%C3%BDpad-2019.jpg\"\n               data-thumbnail=\"https:\/\/old.atletikaolomouc.cz\/wp-content\/gallery\/13-rocnik-behu-michalskym-vypadem\/thumbs\/thumbs_DSC_4055-VC-V%C3%BDpad-2019.jpg\"\n               data-image-id=\"3315\"\n               data-title=\"DSC_4055 VC V\u00fdpad 2019\"\n               data-description=\"\"\n               data-image-slug=\"dsc_4055-vc-v%c3%bdpad-2019\"\n               class=\"ngg-simplelightbox\" rel=\"5d12640e52ae1eb94204485cba4a1102\">\n                <img\n                    title=\"DSC_4055 VC V\u00fdpad 2019\"\n                    alt=\"DSC_4055 VC V\u00fdpad 2019\"\n                    src=\"https:\/\/old.atletikaolomouc.cz\/wp-content\/gallery\/13-rocnik-behu-michalskym-vypadem\/thumbs\/thumbs_DSC_4055-VC-V%C3%BDpad-2019.jpg\"\n                    width=\"240\"\n                    height=\"160\"\n                    style=\"max-width:100%;\"\n                \/>\n            <\/a>\n        <\/div>\n\t\t\t\t\t\t\t<\/div> \n\t\t\t\n\t\t\t\t<div id=\"ngg-image-11\" class=\"ngg-gallery-thumbnail-box ngg-4-columns\" >\n\t\t\t\t        <div class=\"ngg-gallery-thumbnail\">\n            <a href=\"https:\/\/old.atletikaolomouc.cz\/wp-content\/gallery\/13-rocnik-behu-michalskym-vypadem\/DSC_4056-VC-V%C3%BDpad-2019.jpg\"\n               title=\"\"\n               data-src=\"https:\/\/old.atletikaolomouc.cz\/wp-content\/gallery\/13-rocnik-behu-michalskym-vypadem\/DSC_4056-VC-V%C3%BDpad-2019.jpg\"\n               data-thumbnail=\"https:\/\/old.atletikaolomouc.cz\/wp-content\/gallery\/13-rocnik-behu-michalskym-vypadem\/thumbs\/thumbs_DSC_4056-VC-V%C3%BDpad-2019.jpg\"\n               data-image-id=\"3316\"\n               data-title=\"DSC_4056 VC V\u00fdpad 2019\"\n               data-description=\"\"\n               data-image-slug=\"dsc_4056-vc-v%c3%bdpad-2019\"\n               class=\"ngg-simplelightbox\" rel=\"5d12640e52ae1eb94204485cba4a1102\">\n                <img\n                    title=\"DSC_4056 VC V\u00fdpad 2019\"\n                    alt=\"DSC_4056 VC V\u00fdpad 2019\"\n                    src=\"https:\/\/old.atletikaolomouc.cz\/wp-content\/gallery\/13-rocnik-behu-michalskym-vypadem\/thumbs\/thumbs_DSC_4056-VC-V%C3%BDpad-2019.jpg\"\n                    width=\"240\"\n                    height=\"160\"\n                    style=\"max-width:100%;\"\n                \/>\n            <\/a>\n        <\/div>\n\t\t\t\t\t\t\t<\/div> \n\t\t\t\n\t\t\t\t<div id=\"ngg-image-12\" class=\"ngg-gallery-thumbnail-box ngg-4-columns\" >\n\t\t\t\t        <div class=\"ngg-gallery-thumbnail\">\n            <a href=\"https:\/\/old.atletikaolomouc.cz\/wp-content\/gallery\/13-rocnik-behu-michalskym-vypadem\/DSC_4057-VC-V%C3%BDpad-2019.jpg\"\n               title=\"\"\n               data-src=\"https:\/\/old.atletikaolomouc.cz\/wp-content\/gallery\/13-rocnik-behu-michalskym-vypadem\/DSC_4057-VC-V%C3%BDpad-2019.jpg\"\n               data-thumbnail=\"https:\/\/old.atletikaolomouc.cz\/wp-content\/gallery\/13-rocnik-behu-michalskym-vypadem\/thumbs\/thumbs_DSC_4057-VC-V%C3%BDpad-2019.jpg\"\n               data-image-id=\"3317\"\n               data-title=\"DSC_4057 VC V\u00fdpad 2019\"\n               data-description=\"\"\n               data-image-slug=\"dsc_4057-vc-v%c3%bdpad-2019\"\n               class=\"ngg-simplelightbox\" rel=\"5d12640e52ae1eb94204485cba4a1102\">\n                <img\n                    title=\"DSC_4057 VC V\u00fdpad 2019\"\n                    alt=\"DSC_4057 VC V\u00fdpad 2019\"\n                    src=\"https:\/\/old.atletikaolomouc.cz\/wp-content\/gallery\/13-rocnik-behu-michalskym-vypadem\/thumbs\/thumbs_DSC_4057-VC-V%C3%BDpad-2019.jpg\"\n                    width=\"240\"\n                    height=\"160\"\n                    style=\"max-width:100%;\"\n                \/>\n            <\/a>\n        <\/div>\n\t\t\t\t\t\t\t<\/div> \n\t\t\t\n\t\t\t\t<div id=\"ngg-image-13\" class=\"ngg-gallery-thumbnail-box ngg-4-columns\" >\n\t\t\t\t        <div class=\"ngg-gallery-thumbnail\">\n            <a href=\"https:\/\/old.atletikaolomouc.cz\/wp-content\/gallery\/13-rocnik-behu-michalskym-vypadem\/DSC_4058-VC-V%C3%BDpad-2019.jpg\"\n               title=\"\"\n               data-src=\"https:\/\/old.atletikaolomouc.cz\/wp-content\/gallery\/13-rocnik-behu-michalskym-vypadem\/DSC_4058-VC-V%C3%BDpad-2019.jpg\"\n               data-thumbnail=\"https:\/\/old.atletikaolomouc.cz\/wp-content\/gallery\/13-rocnik-behu-michalskym-vypadem\/thumbs\/thumbs_DSC_4058-VC-V%C3%BDpad-2019.jpg\"\n               data-image-id=\"3318\"\n               data-title=\"DSC_4058 VC V\u00fdpad 2019\"\n               data-description=\"\"\n               data-image-slug=\"dsc_4058-vc-v%c3%bdpad-2019\"\n               class=\"ngg-simplelightbox\" rel=\"5d12640e52ae1eb94204485cba4a1102\">\n                <img\n                    title=\"DSC_4058 VC V\u00fdpad 2019\"\n                    alt=\"DSC_4058 VC V\u00fdpad 2019\"\n                    src=\"https:\/\/old.atletikaolomouc.cz\/wp-content\/gallery\/13-rocnik-behu-michalskym-vypadem\/thumbs\/thumbs_DSC_4058-VC-V%C3%BDpad-2019.jpg\"\n                    width=\"240\"\n                    height=\"160\"\n                    style=\"max-width:100%;\"\n                \/>\n            <\/a>\n        <\/div>\n\t\t\t\t\t\t\t<\/div> \n\t\t\t\n\t\t\t\t<div id=\"ngg-image-14\" class=\"ngg-gallery-thumbnail-box ngg-4-columns\" >\n\t\t\t\t        <div class=\"ngg-gallery-thumbnail\">\n            <a href=\"https:\/\/old.atletikaolomouc.cz\/wp-content\/gallery\/13-rocnik-behu-michalskym-vypadem\/DSC_4059-VC-V%C3%BDpad-2019.jpg\"\n               title=\"\"\n               data-src=\"https:\/\/old.atletikaolomouc.cz\/wp-content\/gallery\/13-rocnik-behu-michalskym-vypadem\/DSC_4059-VC-V%C3%BDpad-2019.jpg\"\n               data-thumbnail=\"https:\/\/old.atletikaolomouc.cz\/wp-content\/gallery\/13-rocnik-behu-michalskym-vypadem\/thumbs\/thumbs_DSC_4059-VC-V%C3%BDpad-2019.jpg\"\n               data-image-id=\"3319\"\n               data-title=\"DSC_4059 VC V\u00fdpad 2019\"\n               data-description=\"\"\n               data-image-slug=\"dsc_4059-vc-v%c3%bdpad-2019\"\n               class=\"ngg-simplelightbox\" rel=\"5d12640e52ae1eb94204485cba4a1102\">\n                <img\n                    title=\"DSC_4059 VC V\u00fdpad 2019\"\n                    alt=\"DSC_4059 VC V\u00fdpad 2019\"\n                    src=\"https:\/\/old.atletikaolomouc.cz\/wp-content\/gallery\/13-rocnik-behu-michalskym-vypadem\/thumbs\/thumbs_DSC_4059-VC-V%C3%BDpad-2019.jpg\"\n                    width=\"240\"\n                    height=\"160\"\n                    style=\"max-width:100%;\"\n                \/>\n            <\/a>\n        <\/div>\n\t\t\t\t\t\t\t<\/div> \n\t\t\t\n\t\t\t\t<div id=\"ngg-image-15\" class=\"ngg-gallery-thumbnail-box ngg-4-columns\" >\n\t\t\t\t        <div class=\"ngg-gallery-thumbnail\">\n            <a href=\"https:\/\/old.atletikaolomouc.cz\/wp-content\/gallery\/13-rocnik-behu-michalskym-vypadem\/DSC_4060-VC-V%C3%BDpad-2019.jpg\"\n               title=\"\"\n               data-src=\"https:\/\/old.atletikaolomouc.cz\/wp-content\/gallery\/13-rocnik-behu-michalskym-vypadem\/DSC_4060-VC-V%C3%BDpad-2019.jpg\"\n               data-thumbnail=\"https:\/\/old.atletikaolomouc.cz\/wp-content\/gallery\/13-rocnik-behu-michalskym-vypadem\/thumbs\/thumbs_DSC_4060-VC-V%C3%BDpad-2019.jpg\"\n               data-image-id=\"3320\"\n               data-title=\"DSC_4060 VC V\u00fdpad 2019\"\n               data-description=\"\"\n               data-image-slug=\"dsc_4060-vc-v%c3%bdpad-2019\"\n               class=\"ngg-simplelightbox\" rel=\"5d12640e52ae1eb94204485cba4a1102\">\n                <img\n                    title=\"DSC_4060 VC V\u00fdpad 2019\"\n                    alt=\"DSC_4060 VC V\u00fdpad 2019\"\n                    src=\"https:\/\/old.atletikaolomouc.cz\/wp-content\/gallery\/13-rocnik-behu-michalskym-vypadem\/thumbs\/thumbs_DSC_4060-VC-V%C3%BDpad-2019.jpg\"\n                    width=\"240\"\n                    height=\"160\"\n                    style=\"max-width:100%;\"\n                \/>\n            <\/a>\n        <\/div>\n\t\t\t\t\t\t\t<\/div> \n\t\t\t\n\t\t\t\t<div id=\"ngg-image-16\" class=\"ngg-gallery-thumbnail-box ngg-4-columns\" >\n\t\t\t\t        <div class=\"ngg-gallery-thumbnail\">\n            <a href=\"https:\/\/old.atletikaolomouc.cz\/wp-content\/gallery\/13-rocnik-behu-michalskym-vypadem\/DSC_4061-VC-V%C3%BDpad-2019.jpg\"\n               title=\"\"\n               data-src=\"https:\/\/old.atletikaolomouc.cz\/wp-content\/gallery\/13-rocnik-behu-michalskym-vypadem\/DSC_4061-VC-V%C3%BDpad-2019.jpg\"\n               data-thumbnail=\"https:\/\/old.atletikaolomouc.cz\/wp-content\/gallery\/13-rocnik-behu-michalskym-vypadem\/thumbs\/thumbs_DSC_4061-VC-V%C3%BDpad-2019.jpg\"\n               data-image-id=\"3321\"\n               data-title=\"DSC_4061 VC V\u00fdpad 2019\"\n               data-description=\"\"\n               data-image-slug=\"dsc_4061-vc-v%c3%bdpad-2019\"\n               class=\"ngg-simplelightbox\" rel=\"5d12640e52ae1eb94204485cba4a1102\">\n                <img\n                    title=\"DSC_4061 VC V\u00fdpad 2019\"\n                    alt=\"DSC_4061 VC V\u00fdpad 2019\"\n                    src=\"https:\/\/old.atletikaolomouc.cz\/wp-content\/gallery\/13-rocnik-behu-michalskym-vypadem\/thumbs\/thumbs_DSC_4061-VC-V%C3%BDpad-2019.jpg\"\n                    width=\"240\"\n                    height=\"160\"\n                    style=\"max-width:100%;\"\n                \/>\n            <\/a>\n        <\/div>\n\t\t\t\t\t\t\t<\/div> \n\t\t\t\n\t\t\t\t<div id=\"ngg-image-17\" class=\"ngg-gallery-thumbnail-box ngg-4-columns\" >\n\t\t\t\t        <div class=\"ngg-gallery-thumbnail\">\n            <a href=\"https:\/\/old.atletikaolomouc.cz\/wp-content\/gallery\/13-rocnik-behu-michalskym-vypadem\/DSC_4063-VC-V%C3%BDpad-2019.jpg\"\n               title=\"\"\n               data-src=\"https:\/\/old.atletikaolomouc.cz\/wp-content\/gallery\/13-rocnik-behu-michalskym-vypadem\/DSC_4063-VC-V%C3%BDpad-2019.jpg\"\n               data-thumbnail=\"https:\/\/old.atletikaolomouc.cz\/wp-content\/gallery\/13-rocnik-behu-michalskym-vypadem\/thumbs\/thumbs_DSC_4063-VC-V%C3%BDpad-2019.jpg\"\n               data-image-id=\"3322\"\n               data-title=\"DSC_4063 VC V\u00fdpad 2019\"\n               data-description=\"\"\n               data-image-slug=\"dsc_4063-vc-v%c3%bdpad-2019\"\n               class=\"ngg-simplelightbox\" rel=\"5d12640e52ae1eb94204485cba4a1102\">\n                <img\n                    title=\"DSC_4063 VC V\u00fdpad 2019\"\n                    alt=\"DSC_4063 VC V\u00fdpad 2019\"\n                    src=\"https:\/\/old.atletikaolomouc.cz\/wp-content\/gallery\/13-rocnik-behu-michalskym-vypadem\/thumbs\/thumbs_DSC_4063-VC-V%C3%BDpad-2019.jpg\"\n                    width=\"240\"\n                    height=\"160\"\n                    style=\"max-width:100%;\"\n                \/>\n            <\/a>\n        <\/div>\n\t\t\t\t\t\t\t<\/div> \n\t\t\t\n\t\t\t\t<div id=\"ngg-image-18\" class=\"ngg-gallery-thumbnail-box ngg-4-columns\" >\n\t\t\t\t        <div class=\"ngg-gallery-thumbnail\">\n            <a href=\"https:\/\/old.atletikaolomouc.cz\/wp-content\/gallery\/13-rocnik-behu-michalskym-vypadem\/DSC_4064-VC-V%C3%BDpad-2019.jpg\"\n               title=\"\"\n               data-src=\"https:\/\/old.atletikaolomouc.cz\/wp-content\/gallery\/13-rocnik-behu-michalskym-vypadem\/DSC_4064-VC-V%C3%BDpad-2019.jpg\"\n               data-thumbnail=\"https:\/\/old.atletikaolomouc.cz\/wp-content\/gallery\/13-rocnik-behu-michalskym-vypadem\/thumbs\/thumbs_DSC_4064-VC-V%C3%BDpad-2019.jpg\"\n               data-image-id=\"3323\"\n               data-title=\"DSC_4064 VC V\u00fdpad 2019\"\n               data-description=\"\"\n               data-image-slug=\"dsc_4064-vc-v%c3%bdpad-2019\"\n               class=\"ngg-simplelightbox\" rel=\"5d12640e52ae1eb94204485cba4a1102\">\n                <img\n                    title=\"DSC_4064 VC V\u00fdpad 2019\"\n                    alt=\"DSC_4064 VC V\u00fdpad 2019\"\n                    src=\"https:\/\/old.atletikaolomouc.cz\/wp-content\/gallery\/13-rocnik-behu-michalskym-vypadem\/thumbs\/thumbs_DSC_4064-VC-V%C3%BDpad-2019.jpg\"\n                    width=\"240\"\n                    height=\"160\"\n                    style=\"max-width:100%;\"\n                \/>\n            <\/a>\n        <\/div>\n\t\t\t\t\t\t\t<\/div> \n\t\t\t\n\t\t\t\t<div id=\"ngg-image-19\" class=\"ngg-gallery-thumbnail-box ngg-4-columns\" >\n\t\t\t\t        <div class=\"ngg-gallery-thumbnail\">\n            <a href=\"https:\/\/old.atletikaolomouc.cz\/wp-content\/gallery\/13-rocnik-behu-michalskym-vypadem\/DSC_4065-VC-V%C3%BDpad-2019.jpg\"\n               title=\"\"\n               data-src=\"https:\/\/old.atletikaolomouc.cz\/wp-content\/gallery\/13-rocnik-behu-michalskym-vypadem\/DSC_4065-VC-V%C3%BDpad-2019.jpg\"\n               data-thumbnail=\"https:\/\/old.atletikaolomouc.cz\/wp-content\/gallery\/13-rocnik-behu-michalskym-vypadem\/thumbs\/thumbs_DSC_4065-VC-V%C3%BDpad-2019.jpg\"\n               data-image-id=\"3324\"\n               data-title=\"DSC_4065 VC V\u00fdpad 2019\"\n               data-description=\"\"\n               data-image-slug=\"dsc_4065-vc-v%c3%bdpad-2019\"\n               class=\"ngg-simplelightbox\" rel=\"5d12640e52ae1eb94204485cba4a1102\">\n                <img\n                    title=\"DSC_4065 VC V\u00fdpad 2019\"\n                    alt=\"DSC_4065 VC V\u00fdpad 2019\"\n                    src=\"https:\/\/old.atletikaolomouc.cz\/wp-content\/gallery\/13-rocnik-behu-michalskym-vypadem\/thumbs\/thumbs_DSC_4065-VC-V%C3%BDpad-2019.jpg\"\n                    width=\"240\"\n                    height=\"160\"\n                    style=\"max-width:100%;\"\n                \/>\n            <\/a>\n        <\/div>\n\t\t\t\t\t\t\t<\/div> \n\t\t\t\n\t\t\t\t<div id=\"ngg-image-20\" class=\"ngg-gallery-thumbnail-box ngg-4-columns\" >\n\t\t\t\t        <div class=\"ngg-gallery-thumbnail\">\n            <a href=\"https:\/\/old.atletikaolomouc.cz\/wp-content\/gallery\/13-rocnik-behu-michalskym-vypadem\/DSC_4066-VC-V%C3%BDpad-2019.jpg\"\n               title=\"\"\n               data-src=\"https:\/\/old.atletikaolomouc.cz\/wp-content\/gallery\/13-rocnik-behu-michalskym-vypadem\/DSC_4066-VC-V%C3%BDpad-2019.jpg\"\n               data-thumbnail=\"https:\/\/old.atletikaolomouc.cz\/wp-content\/gallery\/13-rocnik-behu-michalskym-vypadem\/thumbs\/thumbs_DSC_4066-VC-V%C3%BDpad-2019.jpg\"\n               data-image-id=\"3325\"\n               data-title=\"DSC_4066 VC V\u00fdpad 2019\"\n               data-description=\"\"\n               data-image-slug=\"dsc_4066-vc-v%c3%bdpad-2019\"\n               class=\"ngg-simplelightbox\" rel=\"5d12640e52ae1eb94204485cba4a1102\">\n                <img\n                    title=\"DSC_4066 VC V\u00fdpad 2019\"\n                    alt=\"DSC_4066 VC V\u00fdpad 2019\"\n                    src=\"https:\/\/old.atletikaolomouc.cz\/wp-content\/gallery\/13-rocnik-behu-michalskym-vypadem\/thumbs\/thumbs_DSC_4066-VC-V%C3%BDpad-2019.jpg\"\n                    width=\"240\"\n                    height=\"160\"\n                    style=\"max-width:100%;\"\n                \/>\n            <\/a>\n        <\/div>\n\t\t\t\t\t\t\t<\/div> \n\t\t\t\n\t\t\t\t<div id=\"ngg-image-21\" class=\"ngg-gallery-thumbnail-box ngg-4-columns\" >\n\t\t\t\t        <div class=\"ngg-gallery-thumbnail\">\n            <a href=\"https:\/\/old.atletikaolomouc.cz\/wp-content\/gallery\/13-rocnik-behu-michalskym-vypadem\/DSC_4067-VC-V%C3%BDpad-2019.jpg\"\n               title=\"\"\n               data-src=\"https:\/\/old.atletikaolomouc.cz\/wp-content\/gallery\/13-rocnik-behu-michalskym-vypadem\/DSC_4067-VC-V%C3%BDpad-2019.jpg\"\n               data-thumbnail=\"https:\/\/old.atletikaolomouc.cz\/wp-content\/gallery\/13-rocnik-behu-michalskym-vypadem\/thumbs\/thumbs_DSC_4067-VC-V%C3%BDpad-2019.jpg\"\n               data-image-id=\"3326\"\n               data-title=\"DSC_4067 VC V\u00fdpad 2019\"\n               data-description=\"\"\n               data-image-slug=\"dsc_4067-vc-v%c3%bdpad-2019\"\n               class=\"ngg-simplelightbox\" rel=\"5d12640e52ae1eb94204485cba4a1102\">\n                <img\n                    title=\"DSC_4067 VC V\u00fdpad 2019\"\n                    alt=\"DSC_4067 VC V\u00fdpad 2019\"\n                    src=\"https:\/\/old.atletikaolomouc.cz\/wp-content\/gallery\/13-rocnik-behu-michalskym-vypadem\/thumbs\/thumbs_DSC_4067-VC-V%C3%BDpad-2019.jpg\"\n                    width=\"240\"\n                    height=\"160\"\n                    style=\"max-width:100%;\"\n                \/>\n            <\/a>\n        <\/div>\n\t\t\t\t\t\t\t<\/div> \n\t\t\t\n\t\t\t\t<div id=\"ngg-image-22\" class=\"ngg-gallery-thumbnail-box ngg-4-columns\" >\n\t\t\t\t        <div class=\"ngg-gallery-thumbnail\">\n            <a href=\"https:\/\/old.atletikaolomouc.cz\/wp-content\/gallery\/13-rocnik-behu-michalskym-vypadem\/DSC_4068-VC-V%C3%BDpad-2019.jpg\"\n               title=\"\"\n               data-src=\"https:\/\/old.atletikaolomouc.cz\/wp-content\/gallery\/13-rocnik-behu-michalskym-vypadem\/DSC_4068-VC-V%C3%BDpad-2019.jpg\"\n               data-thumbnail=\"https:\/\/old.atletikaolomouc.cz\/wp-content\/gallery\/13-rocnik-behu-michalskym-vypadem\/thumbs\/thumbs_DSC_4068-VC-V%C3%BDpad-2019.jpg\"\n               data-image-id=\"3327\"\n               data-title=\"DSC_4068 VC V\u00fdpad 2019\"\n               data-description=\"\"\n               data-image-slug=\"dsc_4068-vc-v%c3%bdpad-2019\"\n               class=\"ngg-simplelightbox\" rel=\"5d12640e52ae1eb94204485cba4a1102\">\n                <img\n                    title=\"DSC_4068 VC V\u00fdpad 2019\"\n                    alt=\"DSC_4068 VC V\u00fdpad 2019\"\n                    src=\"https:\/\/old.atletikaolomouc.cz\/wp-content\/gallery\/13-rocnik-behu-michalskym-vypadem\/thumbs\/thumbs_DSC_4068-VC-V%C3%BDpad-2019.jpg\"\n                    width=\"240\"\n                    height=\"160\"\n                    style=\"max-width:100%;\"\n                \/>\n            <\/a>\n        <\/div>\n\t\t\t\t\t\t\t<\/div> \n\t\t\t\n\t\t\t\t<div id=\"ngg-image-23\" class=\"ngg-gallery-thumbnail-box ngg-4-columns\" >\n\t\t\t\t        <div class=\"ngg-gallery-thumbnail\">\n            <a href=\"https:\/\/old.atletikaolomouc.cz\/wp-content\/gallery\/13-rocnik-behu-michalskym-vypadem\/DSC_4069-VC-V%C3%BDpad-2019.jpg\"\n               title=\"\"\n               data-src=\"https:\/\/old.atletikaolomouc.cz\/wp-content\/gallery\/13-rocnik-behu-michalskym-vypadem\/DSC_4069-VC-V%C3%BDpad-2019.jpg\"\n               data-thumbnail=\"https:\/\/old.atletikaolomouc.cz\/wp-content\/gallery\/13-rocnik-behu-michalskym-vypadem\/thumbs\/thumbs_DSC_4069-VC-V%C3%BDpad-2019.jpg\"\n               data-image-id=\"3328\"\n               data-title=\"DSC_4069 VC V\u00fdpad 2019\"\n               data-description=\"\"\n               data-image-slug=\"dsc_4069-vc-v%c3%bdpad-2019\"\n               class=\"ngg-simplelightbox\" rel=\"5d12640e52ae1eb94204485cba4a1102\">\n                <img\n                    title=\"DSC_4069 VC V\u00fdpad 2019\"\n                    alt=\"DSC_4069 VC V\u00fdpad 2019\"\n                    src=\"https:\/\/old.atletikaolomouc.cz\/wp-content\/gallery\/13-rocnik-behu-michalskym-vypadem\/thumbs\/thumbs_DSC_4069-VC-V%C3%BDpad-2019.jpg\"\n                    width=\"240\"\n                    height=\"160\"\n                    style=\"max-width:100%;\"\n                \/>\n            <\/a>\n        <\/div>\n\t\t\t\t\t\t\t<\/div> \n\t\t\t\n\t\n\t<br style=\"clear: both\" \/>\n\n\t\n\t\t<!-- Pagination -->\n\t<div class='ngg-navigation'><span class='current'>1<\/span>\n<a class='page-numbers' data-pageid='2' href='https:\/\/old.atletikaolomouc.cz\/index.php\/nggallery\/page\/2?p=11731'>2<\/a>\n<span class='ellipsis'>...<\/span>\n<a class='page-numbers' data-pageid='4' href='https:\/\/old.atletikaolomouc.cz\/index.php\/nggallery\/page\/4?p=11731'>4<\/a>\n<a class='prev' href='https:\/\/old.atletikaolomouc.cz\/index.php\/nggallery\/page\/2?p=11731' data-pageid=2>&#9658;<\/a><\/div>\t<\/div>\n\n","protected":false},"excerpt":{"rendered":"<p>Fotogalerie z 13. ro\u010dn\u00edku B\u011bhu Michalsk\u00fdm v\u00fdpadem.<\/p>\n","protected":false},"author":4,"featured_media":0,"comment_status":"closed","ping_status":"closed","sticky":false,"template":"","format":"standard","meta":{"ngg_post_thumbnail":0},"categories":[62],"tags":[],"_links":{"self":[{"href":"https:\/\/old.atletikaolomouc.cz\/index.php?rest_route=\/wp\/v2\/posts\/11731"}],"collection":[{"href":"https:\/\/old.atletikaolomouc.cz\/index.php?rest_route=\/wp\/v2\/posts"}],"about":[{"href":"https:\/\/old.atletikaolomouc.cz\/index.php?rest_route=\/wp\/v2\/types\/post"}],"author":[{"embeddable":true,"href":"https:\/\/old.atletikaolomouc.cz\/index.php?rest_route=\/wp\/v2\/users\/4"}],"replies":[{"embeddable":true,"href":"https:\/\/old.atletikaolomouc.cz\/index.php?rest_route=%2Fwp%2Fv2%2Fcomments&post=11731"}],"version-history":[{"count":1,"href":"https:\/\/old.atletikaolomouc.cz\/index.php?rest_route=\/wp\/v2\/posts\/11731\/revisions"}],"predecessor-version":[{"id":11733,"href":"https:\/\/old.atletikaolomouc.cz\/index.php?rest_route=\/wp\/v2\/posts\/11731\/revisions\/11733"}],"wp:attachment":[{"href":"https:\/\/old.atletikaolomouc.cz\/index.php?rest_route=%2Fwp%2Fv2%2Fmedia&parent=11731"}],"wp:term":[{"taxonomy":"category","embeddable":true,"href":"https:\/\/old.atletikaolomouc.cz\/index.php?rest_route=%2Fwp%2Fv2%2Fcategories&post=11731"},{"taxonomy":"post_tag","embeddable":true,"href":"https:\/\/old.atletikaolomouc.cz\/index.php?rest_route=%2Fwp%2Fv2%2Ftags&post=11731"}],"curies":[{"name":"wp","href":"https:\/\/api.w.org\/{rel}","templated":true}]}}