{"id":11786,"date":"2019-04-15T10:43:47","date_gmt":"2019-04-15T08:43:47","guid":{"rendered":"http:\/\/www.atletikaolomouc.cz\/?p=11786"},"modified":"2019-04-15T10:43:51","modified_gmt":"2019-04-15T08:43:51","slug":"bezecky-pohar-mladeze-foto","status":"publish","type":"post","link":"https:\/\/old.atletikaolomouc.cz\/?p=11786","title":{"rendered":"B\u011b\u017eeck\u00fd poh\u00e1r ml\u00e1de\u017ee &#8211; foto"},"content":{"rendered":"\n<p><a href=\"http:\/\/www.atletikaolomouc.cz\/wp-content\/uploads\/2019\/04\/DSC00869.jpg\"><img decoding=\"async\" loading=\"lazy\" class=\"alignleft size-thumbnail wp-image-11787\" src=\"http:\/\/www.atletikaolomouc.cz\/wp-content\/uploads\/2019\/04\/DSC00869-150x150.jpg\" alt=\"\" width=\"150\" height=\"150\"><\/a>V sobotu 13.4.2019 prob\u011bhl ve smetanov\u00fdch sadech B\u011b\u017eeck\u00fd poh\u00e1r ml\u00e1de\u017ee Olomouck\u00e9ho kraje. Zde je p\u00e1r fotek z t\u011bchto z\u00e1vod\u016f.<\/p>\n<p><!--more--><\/p>\n<!-- default-view.php -->\n<div\n\tclass=\"ngg-galleryoverview default-view \"\n\tid=\"ngg-gallery-fb2d188a271db2809db359a6787b50ad-1\">\n\n\t\t<!-- Thumbnails -->\n\t\t\t\t<div id=\"ngg-image-0\" class=\"ngg-gallery-thumbnail-box \" >\n\t\t\t\t        <div class=\"ngg-gallery-thumbnail\">\n            <a href=\"https:\/\/old.atletikaolomouc.cz\/wp-content\/gallery\/bezecky-pohar-mladeze-2019\/DSC00696.JPG\"\n               title=\"\"\n               data-src=\"https:\/\/old.atletikaolomouc.cz\/wp-content\/gallery\/bezecky-pohar-mladeze-2019\/DSC00696.JPG\"\n               data-thumbnail=\"https:\/\/old.atletikaolomouc.cz\/wp-content\/gallery\/bezecky-pohar-mladeze-2019\/thumbs\/thumbs_DSC00696.JPG\"\n               data-image-id=\"3384\"\n               data-title=\"DSC00696\"\n               data-description=\"\"\n               data-image-slug=\"dsc00696\"\n               class=\"ngg-simplelightbox\" rel=\"fb2d188a271db2809db359a6787b50ad\">\n                <img\n                    title=\"DSC00696\"\n                    alt=\"DSC00696\"\n                    src=\"https:\/\/old.atletikaolomouc.cz\/wp-content\/gallery\/bezecky-pohar-mladeze-2019\/thumbs\/thumbs_DSC00696.JPG\"\n                    width=\"240\"\n                    height=\"160\"\n                    style=\"max-width:100%;\"\n                \/>\n            <\/a>\n        <\/div>\n\t\t\t\t\t\t\t<\/div> \n\t\t\t\n\t\t\t\t<div id=\"ngg-image-1\" class=\"ngg-gallery-thumbnail-box \" >\n\t\t\t\t        <div class=\"ngg-gallery-thumbnail\">\n            <a href=\"https:\/\/old.atletikaolomouc.cz\/wp-content\/gallery\/bezecky-pohar-mladeze-2019\/DSC00698.JPG\"\n               title=\"\"\n               data-src=\"https:\/\/old.atletikaolomouc.cz\/wp-content\/gallery\/bezecky-pohar-mladeze-2019\/DSC00698.JPG\"\n               data-thumbnail=\"https:\/\/old.atletikaolomouc.cz\/wp-content\/gallery\/bezecky-pohar-mladeze-2019\/thumbs\/thumbs_DSC00698.JPG\"\n               data-image-id=\"3385\"\n               data-title=\"DSC00698\"\n               data-description=\"\"\n               data-image-slug=\"dsc00698\"\n               class=\"ngg-simplelightbox\" rel=\"fb2d188a271db2809db359a6787b50ad\">\n                <img\n                    title=\"DSC00698\"\n                    alt=\"DSC00698\"\n                    src=\"https:\/\/old.atletikaolomouc.cz\/wp-content\/gallery\/bezecky-pohar-mladeze-2019\/thumbs\/thumbs_DSC00698.JPG\"\n                    width=\"240\"\n                    height=\"160\"\n                    style=\"max-width:100%;\"\n                \/>\n            <\/a>\n        <\/div>\n\t\t\t\t\t\t\t<\/div> \n\t\t\t\n\t\t\t\t<div id=\"ngg-image-2\" class=\"ngg-gallery-thumbnail-box \" >\n\t\t\t\t        <div class=\"ngg-gallery-thumbnail\">\n            <a href=\"https:\/\/old.atletikaolomouc.cz\/wp-content\/gallery\/bezecky-pohar-mladeze-2019\/DSC00701.JPG\"\n               title=\"\"\n               data-src=\"https:\/\/old.atletikaolomouc.cz\/wp-content\/gallery\/bezecky-pohar-mladeze-2019\/DSC00701.JPG\"\n               data-thumbnail=\"https:\/\/old.atletikaolomouc.cz\/wp-content\/gallery\/bezecky-pohar-mladeze-2019\/thumbs\/thumbs_DSC00701.JPG\"\n               data-image-id=\"3386\"\n               data-title=\"DSC00701\"\n               data-description=\"\"\n               data-image-slug=\"dsc00701\"\n               class=\"ngg-simplelightbox\" rel=\"fb2d188a271db2809db359a6787b50ad\">\n                <img\n                    title=\"DSC00701\"\n                    alt=\"DSC00701\"\n                    src=\"https:\/\/old.atletikaolomouc.cz\/wp-content\/gallery\/bezecky-pohar-mladeze-2019\/thumbs\/thumbs_DSC00701.JPG\"\n                    width=\"240\"\n                    height=\"160\"\n                    style=\"max-width:100%;\"\n                \/>\n            <\/a>\n        <\/div>\n\t\t\t\t\t\t\t<\/div> \n\t\t\t\n\t\t\t\t<div id=\"ngg-image-3\" class=\"ngg-gallery-thumbnail-box \" >\n\t\t\t\t        <div class=\"ngg-gallery-thumbnail\">\n            <a href=\"https:\/\/old.atletikaolomouc.cz\/wp-content\/gallery\/bezecky-pohar-mladeze-2019\/DSC00709.JPG\"\n               title=\"\"\n               data-src=\"https:\/\/old.atletikaolomouc.cz\/wp-content\/gallery\/bezecky-pohar-mladeze-2019\/DSC00709.JPG\"\n               data-thumbnail=\"https:\/\/old.atletikaolomouc.cz\/wp-content\/gallery\/bezecky-pohar-mladeze-2019\/thumbs\/thumbs_DSC00709.JPG\"\n               data-image-id=\"3387\"\n               data-title=\"DSC00709\"\n               data-description=\"\"\n               data-image-slug=\"dsc00709\"\n               class=\"ngg-simplelightbox\" rel=\"fb2d188a271db2809db359a6787b50ad\">\n                <img\n                    title=\"DSC00709\"\n                    alt=\"DSC00709\"\n                    src=\"https:\/\/old.atletikaolomouc.cz\/wp-content\/gallery\/bezecky-pohar-mladeze-2019\/thumbs\/thumbs_DSC00709.JPG\"\n                    width=\"240\"\n                    height=\"160\"\n                    style=\"max-width:100%;\"\n                \/>\n            <\/a>\n        <\/div>\n\t\t\t\t\t\t\t<\/div> \n\t\t\t\n\t\t\t\t<div id=\"ngg-image-4\" class=\"ngg-gallery-thumbnail-box \" >\n\t\t\t\t        <div class=\"ngg-gallery-thumbnail\">\n            <a href=\"https:\/\/old.atletikaolomouc.cz\/wp-content\/gallery\/bezecky-pohar-mladeze-2019\/DSC00710.JPG\"\n               title=\"\"\n               data-src=\"https:\/\/old.atletikaolomouc.cz\/wp-content\/gallery\/bezecky-pohar-mladeze-2019\/DSC00710.JPG\"\n               data-thumbnail=\"https:\/\/old.atletikaolomouc.cz\/wp-content\/gallery\/bezecky-pohar-mladeze-2019\/thumbs\/thumbs_DSC00710.JPG\"\n               data-image-id=\"3388\"\n               data-title=\"DSC00710\"\n               data-description=\"\"\n               data-image-slug=\"dsc00710\"\n               class=\"ngg-simplelightbox\" rel=\"fb2d188a271db2809db359a6787b50ad\">\n                <img\n                    title=\"DSC00710\"\n                    alt=\"DSC00710\"\n                    src=\"https:\/\/old.atletikaolomouc.cz\/wp-content\/gallery\/bezecky-pohar-mladeze-2019\/thumbs\/thumbs_DSC00710.JPG\"\n                    width=\"240\"\n                    height=\"160\"\n                    style=\"max-width:100%;\"\n                \/>\n            <\/a>\n        <\/div>\n\t\t\t\t\t\t\t<\/div> \n\t\t\t\n\t\t\t\t<div id=\"ngg-image-5\" class=\"ngg-gallery-thumbnail-box \" >\n\t\t\t\t        <div class=\"ngg-gallery-thumbnail\">\n            <a href=\"https:\/\/old.atletikaolomouc.cz\/wp-content\/gallery\/bezecky-pohar-mladeze-2019\/DSC00712.JPG\"\n               title=\"\"\n               data-src=\"https:\/\/old.atletikaolomouc.cz\/wp-content\/gallery\/bezecky-pohar-mladeze-2019\/DSC00712.JPG\"\n               data-thumbnail=\"https:\/\/old.atletikaolomouc.cz\/wp-content\/gallery\/bezecky-pohar-mladeze-2019\/thumbs\/thumbs_DSC00712.JPG\"\n               data-image-id=\"3389\"\n               data-title=\"DSC00712\"\n               data-description=\"\"\n               data-image-slug=\"dsc00712\"\n               class=\"ngg-simplelightbox\" rel=\"fb2d188a271db2809db359a6787b50ad\">\n                <img\n                    title=\"DSC00712\"\n                    alt=\"DSC00712\"\n                    src=\"https:\/\/old.atletikaolomouc.cz\/wp-content\/gallery\/bezecky-pohar-mladeze-2019\/thumbs\/thumbs_DSC00712.JPG\"\n                    width=\"240\"\n                    height=\"160\"\n                    style=\"max-width:100%;\"\n                \/>\n            <\/a>\n        <\/div>\n\t\t\t\t\t\t\t<\/div> \n\t\t\t\n\t\t\t\t<div id=\"ngg-image-6\" class=\"ngg-gallery-thumbnail-box \" >\n\t\t\t\t        <div class=\"ngg-gallery-thumbnail\">\n            <a href=\"https:\/\/old.atletikaolomouc.cz\/wp-content\/gallery\/bezecky-pohar-mladeze-2019\/DSC00714.JPG\"\n               title=\"\"\n               data-src=\"https:\/\/old.atletikaolomouc.cz\/wp-content\/gallery\/bezecky-pohar-mladeze-2019\/DSC00714.JPG\"\n               data-thumbnail=\"https:\/\/old.atletikaolomouc.cz\/wp-content\/gallery\/bezecky-pohar-mladeze-2019\/thumbs\/thumbs_DSC00714.JPG\"\n               data-image-id=\"3390\"\n               data-title=\"DSC00714\"\n               data-description=\"\"\n               data-image-slug=\"dsc00714\"\n               class=\"ngg-simplelightbox\" rel=\"fb2d188a271db2809db359a6787b50ad\">\n                <img\n                    title=\"DSC00714\"\n                    alt=\"DSC00714\"\n                    src=\"https:\/\/old.atletikaolomouc.cz\/wp-content\/gallery\/bezecky-pohar-mladeze-2019\/thumbs\/thumbs_DSC00714.JPG\"\n                    width=\"240\"\n                    height=\"160\"\n                    style=\"max-width:100%;\"\n                \/>\n            <\/a>\n        <\/div>\n\t\t\t\t\t\t\t<\/div> \n\t\t\t\n\t\t\t\t<div id=\"ngg-image-7\" class=\"ngg-gallery-thumbnail-box \" >\n\t\t\t\t        <div class=\"ngg-gallery-thumbnail\">\n            <a href=\"https:\/\/old.atletikaolomouc.cz\/wp-content\/gallery\/bezecky-pohar-mladeze-2019\/DSC00717.JPG\"\n               title=\"\"\n               data-src=\"https:\/\/old.atletikaolomouc.cz\/wp-content\/gallery\/bezecky-pohar-mladeze-2019\/DSC00717.JPG\"\n               data-thumbnail=\"https:\/\/old.atletikaolomouc.cz\/wp-content\/gallery\/bezecky-pohar-mladeze-2019\/thumbs\/thumbs_DSC00717.JPG\"\n               data-image-id=\"3391\"\n               data-title=\"DSC00717\"\n               data-description=\"\"\n               data-image-slug=\"dsc00717\"\n               class=\"ngg-simplelightbox\" rel=\"fb2d188a271db2809db359a6787b50ad\">\n                <img\n                    title=\"DSC00717\"\n                    alt=\"DSC00717\"\n                    src=\"https:\/\/old.atletikaolomouc.cz\/wp-content\/gallery\/bezecky-pohar-mladeze-2019\/thumbs\/thumbs_DSC00717.JPG\"\n                    width=\"240\"\n                    height=\"160\"\n                    style=\"max-width:100%;\"\n                \/>\n            <\/a>\n        <\/div>\n\t\t\t\t\t\t\t<\/div> \n\t\t\t\n\t\t\t\t<div id=\"ngg-image-8\" class=\"ngg-gallery-thumbnail-box \" >\n\t\t\t\t        <div class=\"ngg-gallery-thumbnail\">\n            <a href=\"https:\/\/old.atletikaolomouc.cz\/wp-content\/gallery\/bezecky-pohar-mladeze-2019\/DSC00719.JPG\"\n               title=\"\"\n               data-src=\"https:\/\/old.atletikaolomouc.cz\/wp-content\/gallery\/bezecky-pohar-mladeze-2019\/DSC00719.JPG\"\n               data-thumbnail=\"https:\/\/old.atletikaolomouc.cz\/wp-content\/gallery\/bezecky-pohar-mladeze-2019\/thumbs\/thumbs_DSC00719.JPG\"\n               data-image-id=\"3392\"\n               data-title=\"DSC00719\"\n               data-description=\"\"\n               data-image-slug=\"dsc00719\"\n               class=\"ngg-simplelightbox\" rel=\"fb2d188a271db2809db359a6787b50ad\">\n                <img\n                    title=\"DSC00719\"\n                    alt=\"DSC00719\"\n                    src=\"https:\/\/old.atletikaolomouc.cz\/wp-content\/gallery\/bezecky-pohar-mladeze-2019\/thumbs\/thumbs_DSC00719.JPG\"\n                    width=\"240\"\n                    height=\"160\"\n                    style=\"max-width:100%;\"\n                \/>\n            <\/a>\n        <\/div>\n\t\t\t\t\t\t\t<\/div> \n\t\t\t\n\t\t\t\t<div id=\"ngg-image-9\" class=\"ngg-gallery-thumbnail-box \" >\n\t\t\t\t        <div class=\"ngg-gallery-thumbnail\">\n            <a href=\"https:\/\/old.atletikaolomouc.cz\/wp-content\/gallery\/bezecky-pohar-mladeze-2019\/DSC00730.JPG\"\n               title=\"\"\n               data-src=\"https:\/\/old.atletikaolomouc.cz\/wp-content\/gallery\/bezecky-pohar-mladeze-2019\/DSC00730.JPG\"\n               data-thumbnail=\"https:\/\/old.atletikaolomouc.cz\/wp-content\/gallery\/bezecky-pohar-mladeze-2019\/thumbs\/thumbs_DSC00730.JPG\"\n               data-image-id=\"3393\"\n               data-title=\"DSC00730\"\n               data-description=\"\"\n               data-image-slug=\"dsc00730\"\n               class=\"ngg-simplelightbox\" rel=\"fb2d188a271db2809db359a6787b50ad\">\n                <img\n                    title=\"DSC00730\"\n                    alt=\"DSC00730\"\n                    src=\"https:\/\/old.atletikaolomouc.cz\/wp-content\/gallery\/bezecky-pohar-mladeze-2019\/thumbs\/thumbs_DSC00730.JPG\"\n                    width=\"240\"\n                    height=\"160\"\n                    style=\"max-width:100%;\"\n                \/>\n            <\/a>\n        <\/div>\n\t\t\t\t\t\t\t<\/div> \n\t\t\t\n\t\t\t\t<div id=\"ngg-image-10\" class=\"ngg-gallery-thumbnail-box \" >\n\t\t\t\t        <div class=\"ngg-gallery-thumbnail\">\n            <a href=\"https:\/\/old.atletikaolomouc.cz\/wp-content\/gallery\/bezecky-pohar-mladeze-2019\/DSC00738.JPG\"\n               title=\"\"\n               data-src=\"https:\/\/old.atletikaolomouc.cz\/wp-content\/gallery\/bezecky-pohar-mladeze-2019\/DSC00738.JPG\"\n               data-thumbnail=\"https:\/\/old.atletikaolomouc.cz\/wp-content\/gallery\/bezecky-pohar-mladeze-2019\/thumbs\/thumbs_DSC00738.JPG\"\n               data-image-id=\"3394\"\n               data-title=\"DSC00738\"\n               data-description=\"\"\n               data-image-slug=\"dsc00738\"\n               class=\"ngg-simplelightbox\" rel=\"fb2d188a271db2809db359a6787b50ad\">\n                <img\n                    title=\"DSC00738\"\n                    alt=\"DSC00738\"\n                    src=\"https:\/\/old.atletikaolomouc.cz\/wp-content\/gallery\/bezecky-pohar-mladeze-2019\/thumbs\/thumbs_DSC00738.JPG\"\n                    width=\"240\"\n                    height=\"160\"\n                    style=\"max-width:100%;\"\n                \/>\n            <\/a>\n        <\/div>\n\t\t\t\t\t\t\t<\/div> \n\t\t\t\n\t\t\t\t<div id=\"ngg-image-11\" class=\"ngg-gallery-thumbnail-box \" >\n\t\t\t\t        <div class=\"ngg-gallery-thumbnail\">\n            <a href=\"https:\/\/old.atletikaolomouc.cz\/wp-content\/gallery\/bezecky-pohar-mladeze-2019\/DSC00742.JPG\"\n               title=\"\"\n               data-src=\"https:\/\/old.atletikaolomouc.cz\/wp-content\/gallery\/bezecky-pohar-mladeze-2019\/DSC00742.JPG\"\n               data-thumbnail=\"https:\/\/old.atletikaolomouc.cz\/wp-content\/gallery\/bezecky-pohar-mladeze-2019\/thumbs\/thumbs_DSC00742.JPG\"\n               data-image-id=\"3395\"\n               data-title=\"DSC00742\"\n               data-description=\"\"\n               data-image-slug=\"dsc00742\"\n               class=\"ngg-simplelightbox\" rel=\"fb2d188a271db2809db359a6787b50ad\">\n                <img\n                    title=\"DSC00742\"\n                    alt=\"DSC00742\"\n                    src=\"https:\/\/old.atletikaolomouc.cz\/wp-content\/gallery\/bezecky-pohar-mladeze-2019\/thumbs\/thumbs_DSC00742.JPG\"\n                    width=\"240\"\n                    height=\"160\"\n                    style=\"max-width:100%;\"\n                \/>\n            <\/a>\n        <\/div>\n\t\t\t\t\t\t\t<\/div> \n\t\t\t\n\t\t\t\t<div id=\"ngg-image-12\" class=\"ngg-gallery-thumbnail-box \" >\n\t\t\t\t        <div class=\"ngg-gallery-thumbnail\">\n            <a href=\"https:\/\/old.atletikaolomouc.cz\/wp-content\/gallery\/bezecky-pohar-mladeze-2019\/DSC00749.JPG\"\n               title=\"\"\n               data-src=\"https:\/\/old.atletikaolomouc.cz\/wp-content\/gallery\/bezecky-pohar-mladeze-2019\/DSC00749.JPG\"\n               data-thumbnail=\"https:\/\/old.atletikaolomouc.cz\/wp-content\/gallery\/bezecky-pohar-mladeze-2019\/thumbs\/thumbs_DSC00749.JPG\"\n               data-image-id=\"3396\"\n               data-title=\"DSC00749\"\n               data-description=\"\"\n               data-image-slug=\"dsc00749\"\n               class=\"ngg-simplelightbox\" rel=\"fb2d188a271db2809db359a6787b50ad\">\n                <img\n                    title=\"DSC00749\"\n                    alt=\"DSC00749\"\n                    src=\"https:\/\/old.atletikaolomouc.cz\/wp-content\/gallery\/bezecky-pohar-mladeze-2019\/thumbs\/thumbs_DSC00749.JPG\"\n                    width=\"240\"\n                    height=\"160\"\n                    style=\"max-width:100%;\"\n                \/>\n            <\/a>\n        <\/div>\n\t\t\t\t\t\t\t<\/div> \n\t\t\t\n\t\t\t\t<div id=\"ngg-image-13\" class=\"ngg-gallery-thumbnail-box \" >\n\t\t\t\t        <div class=\"ngg-gallery-thumbnail\">\n            <a href=\"https:\/\/old.atletikaolomouc.cz\/wp-content\/gallery\/bezecky-pohar-mladeze-2019\/DSC00750.JPG\"\n               title=\"\"\n               data-src=\"https:\/\/old.atletikaolomouc.cz\/wp-content\/gallery\/bezecky-pohar-mladeze-2019\/DSC00750.JPG\"\n               data-thumbnail=\"https:\/\/old.atletikaolomouc.cz\/wp-content\/gallery\/bezecky-pohar-mladeze-2019\/thumbs\/thumbs_DSC00750.JPG\"\n               data-image-id=\"3397\"\n               data-title=\"DSC00750\"\n               data-description=\"\"\n               data-image-slug=\"dsc00750\"\n               class=\"ngg-simplelightbox\" rel=\"fb2d188a271db2809db359a6787b50ad\">\n                <img\n                    title=\"DSC00750\"\n                    alt=\"DSC00750\"\n                    src=\"https:\/\/old.atletikaolomouc.cz\/wp-content\/gallery\/bezecky-pohar-mladeze-2019\/thumbs\/thumbs_DSC00750.JPG\"\n                    width=\"240\"\n                    height=\"160\"\n                    style=\"max-width:100%;\"\n                \/>\n            <\/a>\n        <\/div>\n\t\t\t\t\t\t\t<\/div> \n\t\t\t\n\t\t\t\t<div id=\"ngg-image-14\" class=\"ngg-gallery-thumbnail-box \" >\n\t\t\t\t        <div class=\"ngg-gallery-thumbnail\">\n            <a href=\"https:\/\/old.atletikaolomouc.cz\/wp-content\/gallery\/bezecky-pohar-mladeze-2019\/DSC00752.JPG\"\n               title=\"\"\n               data-src=\"https:\/\/old.atletikaolomouc.cz\/wp-content\/gallery\/bezecky-pohar-mladeze-2019\/DSC00752.JPG\"\n               data-thumbnail=\"https:\/\/old.atletikaolomouc.cz\/wp-content\/gallery\/bezecky-pohar-mladeze-2019\/thumbs\/thumbs_DSC00752.JPG\"\n               data-image-id=\"3398\"\n               data-title=\"DSC00752\"\n               data-description=\"\"\n               data-image-slug=\"dsc00752\"\n               class=\"ngg-simplelightbox\" rel=\"fb2d188a271db2809db359a6787b50ad\">\n                <img\n                    title=\"DSC00752\"\n                    alt=\"DSC00752\"\n                    src=\"https:\/\/old.atletikaolomouc.cz\/wp-content\/gallery\/bezecky-pohar-mladeze-2019\/thumbs\/thumbs_DSC00752.JPG\"\n                    width=\"240\"\n                    height=\"160\"\n                    style=\"max-width:100%;\"\n                \/>\n            <\/a>\n        <\/div>\n\t\t\t\t\t\t\t<\/div> \n\t\t\t\n\t\t\t\t<div id=\"ngg-image-15\" class=\"ngg-gallery-thumbnail-box \" >\n\t\t\t\t        <div class=\"ngg-gallery-thumbnail\">\n            <a href=\"https:\/\/old.atletikaolomouc.cz\/wp-content\/gallery\/bezecky-pohar-mladeze-2019\/DSC00755.JPG\"\n               title=\"\"\n               data-src=\"https:\/\/old.atletikaolomouc.cz\/wp-content\/gallery\/bezecky-pohar-mladeze-2019\/DSC00755.JPG\"\n               data-thumbnail=\"https:\/\/old.atletikaolomouc.cz\/wp-content\/gallery\/bezecky-pohar-mladeze-2019\/thumbs\/thumbs_DSC00755.JPG\"\n               data-image-id=\"3399\"\n               data-title=\"DSC00755\"\n               data-description=\"\"\n               data-image-slug=\"dsc00755\"\n               class=\"ngg-simplelightbox\" rel=\"fb2d188a271db2809db359a6787b50ad\">\n                <img\n                    title=\"DSC00755\"\n                    alt=\"DSC00755\"\n                    src=\"https:\/\/old.atletikaolomouc.cz\/wp-content\/gallery\/bezecky-pohar-mladeze-2019\/thumbs\/thumbs_DSC00755.JPG\"\n                    width=\"240\"\n                    height=\"160\"\n                    style=\"max-width:100%;\"\n                \/>\n            <\/a>\n        <\/div>\n\t\t\t\t\t\t\t<\/div> \n\t\t\t\n\t\t\t\t<div id=\"ngg-image-16\" class=\"ngg-gallery-thumbnail-box \" >\n\t\t\t\t        <div class=\"ngg-gallery-thumbnail\">\n            <a href=\"https:\/\/old.atletikaolomouc.cz\/wp-content\/gallery\/bezecky-pohar-mladeze-2019\/DSC00757.JPG\"\n               title=\"\"\n               data-src=\"https:\/\/old.atletikaolomouc.cz\/wp-content\/gallery\/bezecky-pohar-mladeze-2019\/DSC00757.JPG\"\n               data-thumbnail=\"https:\/\/old.atletikaolomouc.cz\/wp-content\/gallery\/bezecky-pohar-mladeze-2019\/thumbs\/thumbs_DSC00757.JPG\"\n               data-image-id=\"3400\"\n               data-title=\"DSC00757\"\n               data-description=\"\"\n               data-image-slug=\"dsc00757\"\n               class=\"ngg-simplelightbox\" rel=\"fb2d188a271db2809db359a6787b50ad\">\n                <img\n                    title=\"DSC00757\"\n                    alt=\"DSC00757\"\n                    src=\"https:\/\/old.atletikaolomouc.cz\/wp-content\/gallery\/bezecky-pohar-mladeze-2019\/thumbs\/thumbs_DSC00757.JPG\"\n                    width=\"240\"\n                    height=\"160\"\n                    style=\"max-width:100%;\"\n                \/>\n            <\/a>\n        <\/div>\n\t\t\t\t\t\t\t<\/div> \n\t\t\t\n\t\t\t\t<div id=\"ngg-image-17\" class=\"ngg-gallery-thumbnail-box \" >\n\t\t\t\t        <div class=\"ngg-gallery-thumbnail\">\n            <a href=\"https:\/\/old.atletikaolomouc.cz\/wp-content\/gallery\/bezecky-pohar-mladeze-2019\/DSC00761.JPG\"\n               title=\"\"\n               data-src=\"https:\/\/old.atletikaolomouc.cz\/wp-content\/gallery\/bezecky-pohar-mladeze-2019\/DSC00761.JPG\"\n               data-thumbnail=\"https:\/\/old.atletikaolomouc.cz\/wp-content\/gallery\/bezecky-pohar-mladeze-2019\/thumbs\/thumbs_DSC00761.JPG\"\n               data-image-id=\"3401\"\n               data-title=\"DSC00761\"\n               data-description=\"\"\n               data-image-slug=\"dsc00761\"\n               class=\"ngg-simplelightbox\" rel=\"fb2d188a271db2809db359a6787b50ad\">\n                <img\n                    title=\"DSC00761\"\n                    alt=\"DSC00761\"\n                    src=\"https:\/\/old.atletikaolomouc.cz\/wp-content\/gallery\/bezecky-pohar-mladeze-2019\/thumbs\/thumbs_DSC00761.JPG\"\n                    width=\"240\"\n                    height=\"160\"\n                    style=\"max-width:100%;\"\n                \/>\n            <\/a>\n        <\/div>\n\t\t\t\t\t\t\t<\/div> \n\t\t\t\n\t\t\t\t<div id=\"ngg-image-18\" class=\"ngg-gallery-thumbnail-box \" >\n\t\t\t\t        <div class=\"ngg-gallery-thumbnail\">\n            <a href=\"https:\/\/old.atletikaolomouc.cz\/wp-content\/gallery\/bezecky-pohar-mladeze-2019\/DSC00764.JPG\"\n               title=\"\"\n               data-src=\"https:\/\/old.atletikaolomouc.cz\/wp-content\/gallery\/bezecky-pohar-mladeze-2019\/DSC00764.JPG\"\n               data-thumbnail=\"https:\/\/old.atletikaolomouc.cz\/wp-content\/gallery\/bezecky-pohar-mladeze-2019\/thumbs\/thumbs_DSC00764.JPG\"\n               data-image-id=\"3402\"\n               data-title=\"DSC00764\"\n               data-description=\"\"\n               data-image-slug=\"dsc00764\"\n               class=\"ngg-simplelightbox\" rel=\"fb2d188a271db2809db359a6787b50ad\">\n                <img\n                    title=\"DSC00764\"\n                    alt=\"DSC00764\"\n                    src=\"https:\/\/old.atletikaolomouc.cz\/wp-content\/gallery\/bezecky-pohar-mladeze-2019\/thumbs\/thumbs_DSC00764.JPG\"\n                    width=\"240\"\n                    height=\"160\"\n                    style=\"max-width:100%;\"\n                \/>\n            <\/a>\n        <\/div>\n\t\t\t\t\t\t\t<\/div> \n\t\t\t\n\t\t\t\t<div id=\"ngg-image-19\" class=\"ngg-gallery-thumbnail-box \" >\n\t\t\t\t        <div class=\"ngg-gallery-thumbnail\">\n            <a href=\"https:\/\/old.atletikaolomouc.cz\/wp-content\/gallery\/bezecky-pohar-mladeze-2019\/DSC00767.JPG\"\n               title=\"\"\n               data-src=\"https:\/\/old.atletikaolomouc.cz\/wp-content\/gallery\/bezecky-pohar-mladeze-2019\/DSC00767.JPG\"\n               data-thumbnail=\"https:\/\/old.atletikaolomouc.cz\/wp-content\/gallery\/bezecky-pohar-mladeze-2019\/thumbs\/thumbs_DSC00767.JPG\"\n               data-image-id=\"3403\"\n               data-title=\"DSC00767\"\n               data-description=\"\"\n               data-image-slug=\"dsc00767\"\n               class=\"ngg-simplelightbox\" rel=\"fb2d188a271db2809db359a6787b50ad\">\n                <img\n                    title=\"DSC00767\"\n                    alt=\"DSC00767\"\n                    src=\"https:\/\/old.atletikaolomouc.cz\/wp-content\/gallery\/bezecky-pohar-mladeze-2019\/thumbs\/thumbs_DSC00767.JPG\"\n                    width=\"240\"\n                    height=\"160\"\n                    style=\"max-width:100%;\"\n                \/>\n            <\/a>\n        <\/div>\n\t\t\t\t\t\t\t<\/div> \n\t\t\t\n\t\t\t\t<div id=\"ngg-image-20\" class=\"ngg-gallery-thumbnail-box \" >\n\t\t\t\t        <div class=\"ngg-gallery-thumbnail\">\n            <a href=\"https:\/\/old.atletikaolomouc.cz\/wp-content\/gallery\/bezecky-pohar-mladeze-2019\/DSC00769.JPG\"\n               title=\"\"\n               data-src=\"https:\/\/old.atletikaolomouc.cz\/wp-content\/gallery\/bezecky-pohar-mladeze-2019\/DSC00769.JPG\"\n               data-thumbnail=\"https:\/\/old.atletikaolomouc.cz\/wp-content\/gallery\/bezecky-pohar-mladeze-2019\/thumbs\/thumbs_DSC00769.JPG\"\n               data-image-id=\"3404\"\n               data-title=\"DSC00769\"\n               data-description=\"\"\n               data-image-slug=\"dsc00769\"\n               class=\"ngg-simplelightbox\" rel=\"fb2d188a271db2809db359a6787b50ad\">\n                <img\n                    title=\"DSC00769\"\n                    alt=\"DSC00769\"\n                    src=\"https:\/\/old.atletikaolomouc.cz\/wp-content\/gallery\/bezecky-pohar-mladeze-2019\/thumbs\/thumbs_DSC00769.JPG\"\n                    width=\"240\"\n                    height=\"160\"\n                    style=\"max-width:100%;\"\n                \/>\n            <\/a>\n        <\/div>\n\t\t\t\t\t\t\t<\/div> \n\t\t\t\n\t\t\t\t<div id=\"ngg-image-21\" class=\"ngg-gallery-thumbnail-box \" >\n\t\t\t\t        <div class=\"ngg-gallery-thumbnail\">\n            <a href=\"https:\/\/old.atletikaolomouc.cz\/wp-content\/gallery\/bezecky-pohar-mladeze-2019\/DSC00773.JPG\"\n               title=\"\"\n               data-src=\"https:\/\/old.atletikaolomouc.cz\/wp-content\/gallery\/bezecky-pohar-mladeze-2019\/DSC00773.JPG\"\n               data-thumbnail=\"https:\/\/old.atletikaolomouc.cz\/wp-content\/gallery\/bezecky-pohar-mladeze-2019\/thumbs\/thumbs_DSC00773.JPG\"\n               data-image-id=\"3405\"\n               data-title=\"DSC00773\"\n               data-description=\"\"\n               data-image-slug=\"dsc00773\"\n               class=\"ngg-simplelightbox\" rel=\"fb2d188a271db2809db359a6787b50ad\">\n                <img\n                    title=\"DSC00773\"\n                    alt=\"DSC00773\"\n                    src=\"https:\/\/old.atletikaolomouc.cz\/wp-content\/gallery\/bezecky-pohar-mladeze-2019\/thumbs\/thumbs_DSC00773.JPG\"\n                    width=\"240\"\n                    height=\"160\"\n                    style=\"max-width:100%;\"\n                \/>\n            <\/a>\n        <\/div>\n\t\t\t\t\t\t\t<\/div> \n\t\t\t\n\t\t\t\t<div id=\"ngg-image-22\" class=\"ngg-gallery-thumbnail-box \" >\n\t\t\t\t        <div class=\"ngg-gallery-thumbnail\">\n            <a href=\"https:\/\/old.atletikaolomouc.cz\/wp-content\/gallery\/bezecky-pohar-mladeze-2019\/DSC00781.JPG\"\n               title=\"\"\n               data-src=\"https:\/\/old.atletikaolomouc.cz\/wp-content\/gallery\/bezecky-pohar-mladeze-2019\/DSC00781.JPG\"\n               data-thumbnail=\"https:\/\/old.atletikaolomouc.cz\/wp-content\/gallery\/bezecky-pohar-mladeze-2019\/thumbs\/thumbs_DSC00781.JPG\"\n               data-image-id=\"3406\"\n               data-title=\"DSC00781\"\n               data-description=\"\"\n               data-image-slug=\"dsc00781\"\n               class=\"ngg-simplelightbox\" rel=\"fb2d188a271db2809db359a6787b50ad\">\n                <img\n                    title=\"DSC00781\"\n                    alt=\"DSC00781\"\n                    src=\"https:\/\/old.atletikaolomouc.cz\/wp-content\/gallery\/bezecky-pohar-mladeze-2019\/thumbs\/thumbs_DSC00781.JPG\"\n                    width=\"240\"\n                    height=\"160\"\n                    style=\"max-width:100%;\"\n                \/>\n            <\/a>\n        <\/div>\n\t\t\t\t\t\t\t<\/div> \n\t\t\t\n\t\t\t\t<div id=\"ngg-image-23\" class=\"ngg-gallery-thumbnail-box \" >\n\t\t\t\t        <div class=\"ngg-gallery-thumbnail\">\n            <a href=\"https:\/\/old.atletikaolomouc.cz\/wp-content\/gallery\/bezecky-pohar-mladeze-2019\/DSC00783.JPG\"\n               title=\"\"\n               data-src=\"https:\/\/old.atletikaolomouc.cz\/wp-content\/gallery\/bezecky-pohar-mladeze-2019\/DSC00783.JPG\"\n               data-thumbnail=\"https:\/\/old.atletikaolomouc.cz\/wp-content\/gallery\/bezecky-pohar-mladeze-2019\/thumbs\/thumbs_DSC00783.JPG\"\n               data-image-id=\"3407\"\n               data-title=\"DSC00783\"\n               data-description=\"\"\n               data-image-slug=\"dsc00783\"\n               class=\"ngg-simplelightbox\" rel=\"fb2d188a271db2809db359a6787b50ad\">\n                <img\n                    title=\"DSC00783\"\n                    alt=\"DSC00783\"\n                    src=\"https:\/\/old.atletikaolomouc.cz\/wp-content\/gallery\/bezecky-pohar-mladeze-2019\/thumbs\/thumbs_DSC00783.JPG\"\n                    width=\"240\"\n                    height=\"160\"\n                    style=\"max-width:100%;\"\n                \/>\n            <\/a>\n        <\/div>\n\t\t\t\t\t\t\t<\/div> \n\t\t\t\n\t\n\t<br style=\"clear: both\" \/>\n\n\t\n\t\t<!-- Pagination -->\n\t<div class='ngg-navigation'><span class='current'>1<\/span>\n<a class='page-numbers' data-pageid='2' href='https:\/\/old.atletikaolomouc.cz\/index.php\/nggallery\/page\/2?p=11786'>2<\/a>\n<a class='page-numbers' data-pageid='3' href='https:\/\/old.atletikaolomouc.cz\/index.php\/nggallery\/page\/3?p=11786'>3<\/a>\n<a class='prev' href='https:\/\/old.atletikaolomouc.cz\/index.php\/nggallery\/page\/2?p=11786' data-pageid=2>&#9658;<\/a><\/div>\t<\/div>\n\n<p>&nbsp;<\/p>\n","protected":false},"excerpt":{"rendered":"<p>V sobotu 13.4.2019 prob\u011bhl ve smetanov\u00fdch sadech B\u011b\u017eeck\u00fd poh\u00e1r ml\u00e1de\u017ee Olomouck\u00e9ho kraje. Zde je p\u00e1r fotek z t\u011bchto z\u00e1vod\u016f.<\/p>\n","protected":false},"author":4,"featured_media":0,"comment_status":"closed","ping_status":"closed","sticky":false,"template":"","format":"standard","meta":{"ngg_post_thumbnail":0},"categories":[62],"tags":[],"_links":{"self":[{"href":"https:\/\/old.atletikaolomouc.cz\/index.php?rest_route=\/wp\/v2\/posts\/11786"}],"collection":[{"href":"https:\/\/old.atletikaolomouc.cz\/index.php?rest_route=\/wp\/v2\/posts"}],"about":[{"href":"https:\/\/old.atletikaolomouc.cz\/index.php?rest_route=\/wp\/v2\/types\/post"}],"author":[{"embeddable":true,"href":"https:\/\/old.atletikaolomouc.cz\/index.php?rest_route=\/wp\/v2\/users\/4"}],"replies":[{"embeddable":true,"href":"https:\/\/old.atletikaolomouc.cz\/index.php?rest_route=%2Fwp%2Fv2%2Fcomments&post=11786"}],"version-history":[{"count":2,"href":"https:\/\/old.atletikaolomouc.cz\/index.php?rest_route=\/wp\/v2\/posts\/11786\/revisions"}],"predecessor-version":[{"id":12006,"href":"https:\/\/old.atletikaolomouc.cz\/index.php?rest_route=\/wp\/v2\/posts\/11786\/revisions\/12006"}],"wp:attachment":[{"href":"https:\/\/old.atletikaolomouc.cz\/index.php?rest_route=%2Fwp%2Fv2%2Fmedia&parent=11786"}],"wp:term":[{"taxonomy":"category","embeddable":true,"href":"https:\/\/old.atletikaolomouc.cz\/index.php?rest_route=%2Fwp%2Fv2%2Fcategories&post=11786"},{"taxonomy":"post_tag","embeddable":true,"href":"https:\/\/old.atletikaolomouc.cz\/index.php?rest_route=%2Fwp%2Fv2%2Ftags&post=11786"}],"curies":[{"name":"wp","href":"https:\/\/api.w.org\/{rel}","templated":true}]}}