{"id":12007,"date":"2019-04-15T10:57:33","date_gmt":"2019-04-15T08:57:33","guid":{"rendered":"http:\/\/www.atletikaolomouc.cz\/?p=12007"},"modified":"2019-04-15T10:59:09","modified_gmt":"2019-04-15T08:59:09","slug":"olomoucka-dvacitka-v-chuzi-foto","status":"publish","type":"post","link":"https:\/\/old.atletikaolomouc.cz\/?p=12007","title":{"rendered":"Olomouck\u00e1 dvac\u00edtka v ch\u016fzi &#8211; foto"},"content":{"rendered":"\n<p><a href=\"http:\/\/www.atletikaolomouc.cz\/wp-content\/uploads\/2019\/04\/DSC01551.jpg\"><img decoding=\"async\" loading=\"lazy\" class=\"alignleft size-thumbnail wp-image-12008\" src=\"http:\/\/www.atletikaolomouc.cz\/wp-content\/uploads\/2019\/04\/DSC01551-150x150.jpg\" alt=\"\" width=\"150\" height=\"150\"><\/a>53. ro\u010dn\u00edk Olomouck\u00e9 dvac\u00edtky v ch\u016fzi se uskute\u010dnil v sobotu 13.4.2019.<\/p>\n<p><!--more--><\/p>\n<!-- default-view.php -->\n<div\n\tclass=\"ngg-galleryoverview default-view \"\n\tid=\"ngg-gallery-6a4ed3938096057273f90f1ec3eac548-1\">\n\n\t\t<!-- Thumbnails -->\n\t\t\t\t<div id=\"ngg-image-0\" class=\"ngg-gallery-thumbnail-box \" >\n\t\t\t\t        <div class=\"ngg-gallery-thumbnail\">\n            <a href=\"https:\/\/old.atletikaolomouc.cz\/wp-content\/gallery\/olomoucka-dvacitka-2019\/DSC01036.JPG\"\n               title=\"\"\n               data-src=\"https:\/\/old.atletikaolomouc.cz\/wp-content\/gallery\/olomoucka-dvacitka-2019\/DSC01036.JPG\"\n               data-thumbnail=\"https:\/\/old.atletikaolomouc.cz\/wp-content\/gallery\/olomoucka-dvacitka-2019\/thumbs\/thumbs_DSC01036.JPG\"\n               data-image-id=\"3439\"\n               data-title=\"DSC01036\"\n               data-description=\"\"\n               data-image-slug=\"dsc01036\"\n               class=\"ngg-simplelightbox\" rel=\"6a4ed3938096057273f90f1ec3eac548\">\n                <img\n                    title=\"DSC01036\"\n                    alt=\"DSC01036\"\n                    src=\"https:\/\/old.atletikaolomouc.cz\/wp-content\/gallery\/olomoucka-dvacitka-2019\/thumbs\/thumbs_DSC01036.JPG\"\n                    width=\"240\"\n                    height=\"160\"\n                    style=\"max-width:100%;\"\n                \/>\n            <\/a>\n        <\/div>\n\t\t\t\t\t\t\t<\/div> \n\t\t\t\n\t\t\t\t<div id=\"ngg-image-1\" class=\"ngg-gallery-thumbnail-box \" >\n\t\t\t\t        <div class=\"ngg-gallery-thumbnail\">\n            <a href=\"https:\/\/old.atletikaolomouc.cz\/wp-content\/gallery\/olomoucka-dvacitka-2019\/DSC01037.JPG\"\n               title=\"\"\n               data-src=\"https:\/\/old.atletikaolomouc.cz\/wp-content\/gallery\/olomoucka-dvacitka-2019\/DSC01037.JPG\"\n               data-thumbnail=\"https:\/\/old.atletikaolomouc.cz\/wp-content\/gallery\/olomoucka-dvacitka-2019\/thumbs\/thumbs_DSC01037.JPG\"\n               data-image-id=\"3440\"\n               data-title=\"DSC01037\"\n               data-description=\"\"\n               data-image-slug=\"dsc01037\"\n               class=\"ngg-simplelightbox\" rel=\"6a4ed3938096057273f90f1ec3eac548\">\n                <img\n                    title=\"DSC01037\"\n                    alt=\"DSC01037\"\n                    src=\"https:\/\/old.atletikaolomouc.cz\/wp-content\/gallery\/olomoucka-dvacitka-2019\/thumbs\/thumbs_DSC01037.JPG\"\n                    width=\"240\"\n                    height=\"160\"\n                    style=\"max-width:100%;\"\n                \/>\n            <\/a>\n        <\/div>\n\t\t\t\t\t\t\t<\/div> \n\t\t\t\n\t\t\t\t<div id=\"ngg-image-2\" class=\"ngg-gallery-thumbnail-box \" >\n\t\t\t\t        <div class=\"ngg-gallery-thumbnail\">\n            <a href=\"https:\/\/old.atletikaolomouc.cz\/wp-content\/gallery\/olomoucka-dvacitka-2019\/DSC01041.JPG\"\n               title=\"\"\n               data-src=\"https:\/\/old.atletikaolomouc.cz\/wp-content\/gallery\/olomoucka-dvacitka-2019\/DSC01041.JPG\"\n               data-thumbnail=\"https:\/\/old.atletikaolomouc.cz\/wp-content\/gallery\/olomoucka-dvacitka-2019\/thumbs\/thumbs_DSC01041.JPG\"\n               data-image-id=\"3441\"\n               data-title=\"DSC01041\"\n               data-description=\"\"\n               data-image-slug=\"dsc01041\"\n               class=\"ngg-simplelightbox\" rel=\"6a4ed3938096057273f90f1ec3eac548\">\n                <img\n                    title=\"DSC01041\"\n                    alt=\"DSC01041\"\n                    src=\"https:\/\/old.atletikaolomouc.cz\/wp-content\/gallery\/olomoucka-dvacitka-2019\/thumbs\/thumbs_DSC01041.JPG\"\n                    width=\"240\"\n                    height=\"160\"\n                    style=\"max-width:100%;\"\n                \/>\n            <\/a>\n        <\/div>\n\t\t\t\t\t\t\t<\/div> \n\t\t\t\n\t\t\t\t<div id=\"ngg-image-3\" class=\"ngg-gallery-thumbnail-box \" >\n\t\t\t\t        <div class=\"ngg-gallery-thumbnail\">\n            <a href=\"https:\/\/old.atletikaolomouc.cz\/wp-content\/gallery\/olomoucka-dvacitka-2019\/DSC01042.JPG\"\n               title=\"\"\n               data-src=\"https:\/\/old.atletikaolomouc.cz\/wp-content\/gallery\/olomoucka-dvacitka-2019\/DSC01042.JPG\"\n               data-thumbnail=\"https:\/\/old.atletikaolomouc.cz\/wp-content\/gallery\/olomoucka-dvacitka-2019\/thumbs\/thumbs_DSC01042.JPG\"\n               data-image-id=\"3442\"\n               data-title=\"DSC01042\"\n               data-description=\"\"\n               data-image-slug=\"dsc01042\"\n               class=\"ngg-simplelightbox\" rel=\"6a4ed3938096057273f90f1ec3eac548\">\n                <img\n                    title=\"DSC01042\"\n                    alt=\"DSC01042\"\n                    src=\"https:\/\/old.atletikaolomouc.cz\/wp-content\/gallery\/olomoucka-dvacitka-2019\/thumbs\/thumbs_DSC01042.JPG\"\n                    width=\"240\"\n                    height=\"160\"\n                    style=\"max-width:100%;\"\n                \/>\n            <\/a>\n        <\/div>\n\t\t\t\t\t\t\t<\/div> \n\t\t\t\n\t\t\t\t<div id=\"ngg-image-4\" class=\"ngg-gallery-thumbnail-box \" >\n\t\t\t\t        <div class=\"ngg-gallery-thumbnail\">\n            <a href=\"https:\/\/old.atletikaolomouc.cz\/wp-content\/gallery\/olomoucka-dvacitka-2019\/DSC01045.JPG\"\n               title=\"\"\n               data-src=\"https:\/\/old.atletikaolomouc.cz\/wp-content\/gallery\/olomoucka-dvacitka-2019\/DSC01045.JPG\"\n               data-thumbnail=\"https:\/\/old.atletikaolomouc.cz\/wp-content\/gallery\/olomoucka-dvacitka-2019\/thumbs\/thumbs_DSC01045.JPG\"\n               data-image-id=\"3443\"\n               data-title=\"DSC01045\"\n               data-description=\"\"\n               data-image-slug=\"dsc01045\"\n               class=\"ngg-simplelightbox\" rel=\"6a4ed3938096057273f90f1ec3eac548\">\n                <img\n                    title=\"DSC01045\"\n                    alt=\"DSC01045\"\n                    src=\"https:\/\/old.atletikaolomouc.cz\/wp-content\/gallery\/olomoucka-dvacitka-2019\/thumbs\/thumbs_DSC01045.JPG\"\n                    width=\"240\"\n                    height=\"160\"\n                    style=\"max-width:100%;\"\n                \/>\n            <\/a>\n        <\/div>\n\t\t\t\t\t\t\t<\/div> \n\t\t\t\n\t\t\t\t<div id=\"ngg-image-5\" class=\"ngg-gallery-thumbnail-box \" >\n\t\t\t\t        <div class=\"ngg-gallery-thumbnail\">\n            <a href=\"https:\/\/old.atletikaolomouc.cz\/wp-content\/gallery\/olomoucka-dvacitka-2019\/DSC01056.JPG\"\n               title=\"\"\n               data-src=\"https:\/\/old.atletikaolomouc.cz\/wp-content\/gallery\/olomoucka-dvacitka-2019\/DSC01056.JPG\"\n               data-thumbnail=\"https:\/\/old.atletikaolomouc.cz\/wp-content\/gallery\/olomoucka-dvacitka-2019\/thumbs\/thumbs_DSC01056.JPG\"\n               data-image-id=\"3444\"\n               data-title=\"DSC01056\"\n               data-description=\"\"\n               data-image-slug=\"dsc01056\"\n               class=\"ngg-simplelightbox\" rel=\"6a4ed3938096057273f90f1ec3eac548\">\n                <img\n                    title=\"DSC01056\"\n                    alt=\"DSC01056\"\n                    src=\"https:\/\/old.atletikaolomouc.cz\/wp-content\/gallery\/olomoucka-dvacitka-2019\/thumbs\/thumbs_DSC01056.JPG\"\n                    width=\"240\"\n                    height=\"160\"\n                    style=\"max-width:100%;\"\n                \/>\n            <\/a>\n        <\/div>\n\t\t\t\t\t\t\t<\/div> \n\t\t\t\n\t\t\t\t<div id=\"ngg-image-6\" class=\"ngg-gallery-thumbnail-box \" >\n\t\t\t\t        <div class=\"ngg-gallery-thumbnail\">\n            <a href=\"https:\/\/old.atletikaolomouc.cz\/wp-content\/gallery\/olomoucka-dvacitka-2019\/DSC01057.JPG\"\n               title=\"\"\n               data-src=\"https:\/\/old.atletikaolomouc.cz\/wp-content\/gallery\/olomoucka-dvacitka-2019\/DSC01057.JPG\"\n               data-thumbnail=\"https:\/\/old.atletikaolomouc.cz\/wp-content\/gallery\/olomoucka-dvacitka-2019\/thumbs\/thumbs_DSC01057.JPG\"\n               data-image-id=\"3445\"\n               data-title=\"DSC01057\"\n               data-description=\"\"\n               data-image-slug=\"dsc01057\"\n               class=\"ngg-simplelightbox\" rel=\"6a4ed3938096057273f90f1ec3eac548\">\n                <img\n                    title=\"DSC01057\"\n                    alt=\"DSC01057\"\n                    src=\"https:\/\/old.atletikaolomouc.cz\/wp-content\/gallery\/olomoucka-dvacitka-2019\/thumbs\/thumbs_DSC01057.JPG\"\n                    width=\"240\"\n                    height=\"160\"\n                    style=\"max-width:100%;\"\n                \/>\n            <\/a>\n        <\/div>\n\t\t\t\t\t\t\t<\/div> \n\t\t\t\n\t\t\t\t<div id=\"ngg-image-7\" class=\"ngg-gallery-thumbnail-box \" >\n\t\t\t\t        <div class=\"ngg-gallery-thumbnail\">\n            <a href=\"https:\/\/old.atletikaolomouc.cz\/wp-content\/gallery\/olomoucka-dvacitka-2019\/DSC01071.JPG\"\n               title=\"\"\n               data-src=\"https:\/\/old.atletikaolomouc.cz\/wp-content\/gallery\/olomoucka-dvacitka-2019\/DSC01071.JPG\"\n               data-thumbnail=\"https:\/\/old.atletikaolomouc.cz\/wp-content\/gallery\/olomoucka-dvacitka-2019\/thumbs\/thumbs_DSC01071.JPG\"\n               data-image-id=\"3446\"\n               data-title=\"DSC01071\"\n               data-description=\"\"\n               data-image-slug=\"dsc01071\"\n               class=\"ngg-simplelightbox\" rel=\"6a4ed3938096057273f90f1ec3eac548\">\n                <img\n                    title=\"DSC01071\"\n                    alt=\"DSC01071\"\n                    src=\"https:\/\/old.atletikaolomouc.cz\/wp-content\/gallery\/olomoucka-dvacitka-2019\/thumbs\/thumbs_DSC01071.JPG\"\n                    width=\"240\"\n                    height=\"160\"\n                    style=\"max-width:100%;\"\n                \/>\n            <\/a>\n        <\/div>\n\t\t\t\t\t\t\t<\/div> \n\t\t\t\n\t\t\t\t<div id=\"ngg-image-8\" class=\"ngg-gallery-thumbnail-box \" >\n\t\t\t\t        <div class=\"ngg-gallery-thumbnail\">\n            <a href=\"https:\/\/old.atletikaolomouc.cz\/wp-content\/gallery\/olomoucka-dvacitka-2019\/DSC01072.JPG\"\n               title=\"\"\n               data-src=\"https:\/\/old.atletikaolomouc.cz\/wp-content\/gallery\/olomoucka-dvacitka-2019\/DSC01072.JPG\"\n               data-thumbnail=\"https:\/\/old.atletikaolomouc.cz\/wp-content\/gallery\/olomoucka-dvacitka-2019\/thumbs\/thumbs_DSC01072.JPG\"\n               data-image-id=\"3447\"\n               data-title=\"DSC01072\"\n               data-description=\"\"\n               data-image-slug=\"dsc01072\"\n               class=\"ngg-simplelightbox\" rel=\"6a4ed3938096057273f90f1ec3eac548\">\n                <img\n                    title=\"DSC01072\"\n                    alt=\"DSC01072\"\n                    src=\"https:\/\/old.atletikaolomouc.cz\/wp-content\/gallery\/olomoucka-dvacitka-2019\/thumbs\/thumbs_DSC01072.JPG\"\n                    width=\"240\"\n                    height=\"160\"\n                    style=\"max-width:100%;\"\n                \/>\n            <\/a>\n        <\/div>\n\t\t\t\t\t\t\t<\/div> \n\t\t\t\n\t\t\t\t<div id=\"ngg-image-9\" class=\"ngg-gallery-thumbnail-box \" >\n\t\t\t\t        <div class=\"ngg-gallery-thumbnail\">\n            <a href=\"https:\/\/old.atletikaolomouc.cz\/wp-content\/gallery\/olomoucka-dvacitka-2019\/DSC01074.JPG\"\n               title=\"\"\n               data-src=\"https:\/\/old.atletikaolomouc.cz\/wp-content\/gallery\/olomoucka-dvacitka-2019\/DSC01074.JPG\"\n               data-thumbnail=\"https:\/\/old.atletikaolomouc.cz\/wp-content\/gallery\/olomoucka-dvacitka-2019\/thumbs\/thumbs_DSC01074.JPG\"\n               data-image-id=\"3448\"\n               data-title=\"DSC01074\"\n               data-description=\"\"\n               data-image-slug=\"dsc01074\"\n               class=\"ngg-simplelightbox\" rel=\"6a4ed3938096057273f90f1ec3eac548\">\n                <img\n                    title=\"DSC01074\"\n                    alt=\"DSC01074\"\n                    src=\"https:\/\/old.atletikaolomouc.cz\/wp-content\/gallery\/olomoucka-dvacitka-2019\/thumbs\/thumbs_DSC01074.JPG\"\n                    width=\"240\"\n                    height=\"160\"\n                    style=\"max-width:100%;\"\n                \/>\n            <\/a>\n        <\/div>\n\t\t\t\t\t\t\t<\/div> \n\t\t\t\n\t\t\t\t<div id=\"ngg-image-10\" class=\"ngg-gallery-thumbnail-box \" >\n\t\t\t\t        <div class=\"ngg-gallery-thumbnail\">\n            <a href=\"https:\/\/old.atletikaolomouc.cz\/wp-content\/gallery\/olomoucka-dvacitka-2019\/DSC01079.JPG\"\n               title=\"\"\n               data-src=\"https:\/\/old.atletikaolomouc.cz\/wp-content\/gallery\/olomoucka-dvacitka-2019\/DSC01079.JPG\"\n               data-thumbnail=\"https:\/\/old.atletikaolomouc.cz\/wp-content\/gallery\/olomoucka-dvacitka-2019\/thumbs\/thumbs_DSC01079.JPG\"\n               data-image-id=\"3449\"\n               data-title=\"DSC01079\"\n               data-description=\"\"\n               data-image-slug=\"dsc01079\"\n               class=\"ngg-simplelightbox\" rel=\"6a4ed3938096057273f90f1ec3eac548\">\n                <img\n                    title=\"DSC01079\"\n                    alt=\"DSC01079\"\n                    src=\"https:\/\/old.atletikaolomouc.cz\/wp-content\/gallery\/olomoucka-dvacitka-2019\/thumbs\/thumbs_DSC01079.JPG\"\n                    width=\"240\"\n                    height=\"160\"\n                    style=\"max-width:100%;\"\n                \/>\n            <\/a>\n        <\/div>\n\t\t\t\t\t\t\t<\/div> \n\t\t\t\n\t\t\t\t<div id=\"ngg-image-11\" class=\"ngg-gallery-thumbnail-box \" >\n\t\t\t\t        <div class=\"ngg-gallery-thumbnail\">\n            <a href=\"https:\/\/old.atletikaolomouc.cz\/wp-content\/gallery\/olomoucka-dvacitka-2019\/DSC01083.JPG\"\n               title=\"\"\n               data-src=\"https:\/\/old.atletikaolomouc.cz\/wp-content\/gallery\/olomoucka-dvacitka-2019\/DSC01083.JPG\"\n               data-thumbnail=\"https:\/\/old.atletikaolomouc.cz\/wp-content\/gallery\/olomoucka-dvacitka-2019\/thumbs\/thumbs_DSC01083.JPG\"\n               data-image-id=\"3450\"\n               data-title=\"DSC01083\"\n               data-description=\"\"\n               data-image-slug=\"dsc01083\"\n               class=\"ngg-simplelightbox\" rel=\"6a4ed3938096057273f90f1ec3eac548\">\n                <img\n                    title=\"DSC01083\"\n                    alt=\"DSC01083\"\n                    src=\"https:\/\/old.atletikaolomouc.cz\/wp-content\/gallery\/olomoucka-dvacitka-2019\/thumbs\/thumbs_DSC01083.JPG\"\n                    width=\"240\"\n                    height=\"160\"\n                    style=\"max-width:100%;\"\n                \/>\n            <\/a>\n        <\/div>\n\t\t\t\t\t\t\t<\/div> \n\t\t\t\n\t\t\t\t<div id=\"ngg-image-12\" class=\"ngg-gallery-thumbnail-box \" >\n\t\t\t\t        <div class=\"ngg-gallery-thumbnail\">\n            <a href=\"https:\/\/old.atletikaolomouc.cz\/wp-content\/gallery\/olomoucka-dvacitka-2019\/DSC01088.JPG\"\n               title=\"\"\n               data-src=\"https:\/\/old.atletikaolomouc.cz\/wp-content\/gallery\/olomoucka-dvacitka-2019\/DSC01088.JPG\"\n               data-thumbnail=\"https:\/\/old.atletikaolomouc.cz\/wp-content\/gallery\/olomoucka-dvacitka-2019\/thumbs\/thumbs_DSC01088.JPG\"\n               data-image-id=\"3451\"\n               data-title=\"DSC01088\"\n               data-description=\"\"\n               data-image-slug=\"dsc01088\"\n               class=\"ngg-simplelightbox\" rel=\"6a4ed3938096057273f90f1ec3eac548\">\n                <img\n                    title=\"DSC01088\"\n                    alt=\"DSC01088\"\n                    src=\"https:\/\/old.atletikaolomouc.cz\/wp-content\/gallery\/olomoucka-dvacitka-2019\/thumbs\/thumbs_DSC01088.JPG\"\n                    width=\"240\"\n                    height=\"160\"\n                    style=\"max-width:100%;\"\n                \/>\n            <\/a>\n        <\/div>\n\t\t\t\t\t\t\t<\/div> \n\t\t\t\n\t\t\t\t<div id=\"ngg-image-13\" class=\"ngg-gallery-thumbnail-box \" >\n\t\t\t\t        <div class=\"ngg-gallery-thumbnail\">\n            <a href=\"https:\/\/old.atletikaolomouc.cz\/wp-content\/gallery\/olomoucka-dvacitka-2019\/DSC01101.JPG\"\n               title=\"\"\n               data-src=\"https:\/\/old.atletikaolomouc.cz\/wp-content\/gallery\/olomoucka-dvacitka-2019\/DSC01101.JPG\"\n               data-thumbnail=\"https:\/\/old.atletikaolomouc.cz\/wp-content\/gallery\/olomoucka-dvacitka-2019\/thumbs\/thumbs_DSC01101.JPG\"\n               data-image-id=\"3452\"\n               data-title=\"DSC01101\"\n               data-description=\"\"\n               data-image-slug=\"dsc01101\"\n               class=\"ngg-simplelightbox\" rel=\"6a4ed3938096057273f90f1ec3eac548\">\n                <img\n                    title=\"DSC01101\"\n                    alt=\"DSC01101\"\n                    src=\"https:\/\/old.atletikaolomouc.cz\/wp-content\/gallery\/olomoucka-dvacitka-2019\/thumbs\/thumbs_DSC01101.JPG\"\n                    width=\"240\"\n                    height=\"160\"\n                    style=\"max-width:100%;\"\n                \/>\n            <\/a>\n        <\/div>\n\t\t\t\t\t\t\t<\/div> \n\t\t\t\n\t\t\t\t<div id=\"ngg-image-14\" class=\"ngg-gallery-thumbnail-box \" >\n\t\t\t\t        <div class=\"ngg-gallery-thumbnail\">\n            <a href=\"https:\/\/old.atletikaolomouc.cz\/wp-content\/gallery\/olomoucka-dvacitka-2019\/DSC01113.JPG\"\n               title=\"\"\n               data-src=\"https:\/\/old.atletikaolomouc.cz\/wp-content\/gallery\/olomoucka-dvacitka-2019\/DSC01113.JPG\"\n               data-thumbnail=\"https:\/\/old.atletikaolomouc.cz\/wp-content\/gallery\/olomoucka-dvacitka-2019\/thumbs\/thumbs_DSC01113.JPG\"\n               data-image-id=\"3453\"\n               data-title=\"DSC01113\"\n               data-description=\"\"\n               data-image-slug=\"dsc01113\"\n               class=\"ngg-simplelightbox\" rel=\"6a4ed3938096057273f90f1ec3eac548\">\n                <img\n                    title=\"DSC01113\"\n                    alt=\"DSC01113\"\n                    src=\"https:\/\/old.atletikaolomouc.cz\/wp-content\/gallery\/olomoucka-dvacitka-2019\/thumbs\/thumbs_DSC01113.JPG\"\n                    width=\"240\"\n                    height=\"160\"\n                    style=\"max-width:100%;\"\n                \/>\n            <\/a>\n        <\/div>\n\t\t\t\t\t\t\t<\/div> \n\t\t\t\n\t\t\t\t<div id=\"ngg-image-15\" class=\"ngg-gallery-thumbnail-box \" >\n\t\t\t\t        <div class=\"ngg-gallery-thumbnail\">\n            <a href=\"https:\/\/old.atletikaolomouc.cz\/wp-content\/gallery\/olomoucka-dvacitka-2019\/DSC01139.JPG\"\n               title=\"\"\n               data-src=\"https:\/\/old.atletikaolomouc.cz\/wp-content\/gallery\/olomoucka-dvacitka-2019\/DSC01139.JPG\"\n               data-thumbnail=\"https:\/\/old.atletikaolomouc.cz\/wp-content\/gallery\/olomoucka-dvacitka-2019\/thumbs\/thumbs_DSC01139.JPG\"\n               data-image-id=\"3454\"\n               data-title=\"DSC01139\"\n               data-description=\"\"\n               data-image-slug=\"dsc01139\"\n               class=\"ngg-simplelightbox\" rel=\"6a4ed3938096057273f90f1ec3eac548\">\n                <img\n                    title=\"DSC01139\"\n                    alt=\"DSC01139\"\n                    src=\"https:\/\/old.atletikaolomouc.cz\/wp-content\/gallery\/olomoucka-dvacitka-2019\/thumbs\/thumbs_DSC01139.JPG\"\n                    width=\"240\"\n                    height=\"160\"\n                    style=\"max-width:100%;\"\n                \/>\n            <\/a>\n        <\/div>\n\t\t\t\t\t\t\t<\/div> \n\t\t\t\n\t\t\t\t<div id=\"ngg-image-16\" class=\"ngg-gallery-thumbnail-box \" >\n\t\t\t\t        <div class=\"ngg-gallery-thumbnail\">\n            <a href=\"https:\/\/old.atletikaolomouc.cz\/wp-content\/gallery\/olomoucka-dvacitka-2019\/DSC01148.JPG\"\n               title=\"\"\n               data-src=\"https:\/\/old.atletikaolomouc.cz\/wp-content\/gallery\/olomoucka-dvacitka-2019\/DSC01148.JPG\"\n               data-thumbnail=\"https:\/\/old.atletikaolomouc.cz\/wp-content\/gallery\/olomoucka-dvacitka-2019\/thumbs\/thumbs_DSC01148.JPG\"\n               data-image-id=\"3455\"\n               data-title=\"DSC01148\"\n               data-description=\"\"\n               data-image-slug=\"dsc01148\"\n               class=\"ngg-simplelightbox\" rel=\"6a4ed3938096057273f90f1ec3eac548\">\n                <img\n                    title=\"DSC01148\"\n                    alt=\"DSC01148\"\n                    src=\"https:\/\/old.atletikaolomouc.cz\/wp-content\/gallery\/olomoucka-dvacitka-2019\/thumbs\/thumbs_DSC01148.JPG\"\n                    width=\"240\"\n                    height=\"160\"\n                    style=\"max-width:100%;\"\n                \/>\n            <\/a>\n        <\/div>\n\t\t\t\t\t\t\t<\/div> \n\t\t\t\n\t\t\t\t<div id=\"ngg-image-17\" class=\"ngg-gallery-thumbnail-box \" >\n\t\t\t\t        <div class=\"ngg-gallery-thumbnail\">\n            <a href=\"https:\/\/old.atletikaolomouc.cz\/wp-content\/gallery\/olomoucka-dvacitka-2019\/DSC01153.JPG\"\n               title=\"\"\n               data-src=\"https:\/\/old.atletikaolomouc.cz\/wp-content\/gallery\/olomoucka-dvacitka-2019\/DSC01153.JPG\"\n               data-thumbnail=\"https:\/\/old.atletikaolomouc.cz\/wp-content\/gallery\/olomoucka-dvacitka-2019\/thumbs\/thumbs_DSC01153.JPG\"\n               data-image-id=\"3456\"\n               data-title=\"DSC01153\"\n               data-description=\"\"\n               data-image-slug=\"dsc01153\"\n               class=\"ngg-simplelightbox\" rel=\"6a4ed3938096057273f90f1ec3eac548\">\n                <img\n                    title=\"DSC01153\"\n                    alt=\"DSC01153\"\n                    src=\"https:\/\/old.atletikaolomouc.cz\/wp-content\/gallery\/olomoucka-dvacitka-2019\/thumbs\/thumbs_DSC01153.JPG\"\n                    width=\"240\"\n                    height=\"160\"\n                    style=\"max-width:100%;\"\n                \/>\n            <\/a>\n        <\/div>\n\t\t\t\t\t\t\t<\/div> \n\t\t\t\n\t\t\t\t<div id=\"ngg-image-18\" class=\"ngg-gallery-thumbnail-box \" >\n\t\t\t\t        <div class=\"ngg-gallery-thumbnail\">\n            <a href=\"https:\/\/old.atletikaolomouc.cz\/wp-content\/gallery\/olomoucka-dvacitka-2019\/DSC01166.JPG\"\n               title=\"\"\n               data-src=\"https:\/\/old.atletikaolomouc.cz\/wp-content\/gallery\/olomoucka-dvacitka-2019\/DSC01166.JPG\"\n               data-thumbnail=\"https:\/\/old.atletikaolomouc.cz\/wp-content\/gallery\/olomoucka-dvacitka-2019\/thumbs\/thumbs_DSC01166.JPG\"\n               data-image-id=\"3457\"\n               data-title=\"DSC01166\"\n               data-description=\"\"\n               data-image-slug=\"dsc01166\"\n               class=\"ngg-simplelightbox\" rel=\"6a4ed3938096057273f90f1ec3eac548\">\n                <img\n                    title=\"DSC01166\"\n                    alt=\"DSC01166\"\n                    src=\"https:\/\/old.atletikaolomouc.cz\/wp-content\/gallery\/olomoucka-dvacitka-2019\/thumbs\/thumbs_DSC01166.JPG\"\n                    width=\"240\"\n                    height=\"160\"\n                    style=\"max-width:100%;\"\n                \/>\n            <\/a>\n        <\/div>\n\t\t\t\t\t\t\t<\/div> \n\t\t\t\n\t\t\t\t<div id=\"ngg-image-19\" class=\"ngg-gallery-thumbnail-box \" >\n\t\t\t\t        <div class=\"ngg-gallery-thumbnail\">\n            <a href=\"https:\/\/old.atletikaolomouc.cz\/wp-content\/gallery\/olomoucka-dvacitka-2019\/DSC01179.JPG\"\n               title=\"\"\n               data-src=\"https:\/\/old.atletikaolomouc.cz\/wp-content\/gallery\/olomoucka-dvacitka-2019\/DSC01179.JPG\"\n               data-thumbnail=\"https:\/\/old.atletikaolomouc.cz\/wp-content\/gallery\/olomoucka-dvacitka-2019\/thumbs\/thumbs_DSC01179.JPG\"\n               data-image-id=\"3458\"\n               data-title=\"DSC01179\"\n               data-description=\"\"\n               data-image-slug=\"dsc01179\"\n               class=\"ngg-simplelightbox\" rel=\"6a4ed3938096057273f90f1ec3eac548\">\n                <img\n                    title=\"DSC01179\"\n                    alt=\"DSC01179\"\n                    src=\"https:\/\/old.atletikaolomouc.cz\/wp-content\/gallery\/olomoucka-dvacitka-2019\/thumbs\/thumbs_DSC01179.JPG\"\n                    width=\"240\"\n                    height=\"160\"\n                    style=\"max-width:100%;\"\n                \/>\n            <\/a>\n        <\/div>\n\t\t\t\t\t\t\t<\/div> \n\t\t\t\n\t\t\t\t<div id=\"ngg-image-20\" class=\"ngg-gallery-thumbnail-box \" >\n\t\t\t\t        <div class=\"ngg-gallery-thumbnail\">\n            <a href=\"https:\/\/old.atletikaolomouc.cz\/wp-content\/gallery\/olomoucka-dvacitka-2019\/DSC01188.JPG\"\n               title=\"\"\n               data-src=\"https:\/\/old.atletikaolomouc.cz\/wp-content\/gallery\/olomoucka-dvacitka-2019\/DSC01188.JPG\"\n               data-thumbnail=\"https:\/\/old.atletikaolomouc.cz\/wp-content\/gallery\/olomoucka-dvacitka-2019\/thumbs\/thumbs_DSC01188.JPG\"\n               data-image-id=\"3459\"\n               data-title=\"DSC01188\"\n               data-description=\"\"\n               data-image-slug=\"dsc01188\"\n               class=\"ngg-simplelightbox\" rel=\"6a4ed3938096057273f90f1ec3eac548\">\n                <img\n                    title=\"DSC01188\"\n                    alt=\"DSC01188\"\n                    src=\"https:\/\/old.atletikaolomouc.cz\/wp-content\/gallery\/olomoucka-dvacitka-2019\/thumbs\/thumbs_DSC01188.JPG\"\n                    width=\"240\"\n                    height=\"160\"\n                    style=\"max-width:100%;\"\n                \/>\n            <\/a>\n        <\/div>\n\t\t\t\t\t\t\t<\/div> \n\t\t\t\n\t\t\t\t<div id=\"ngg-image-21\" class=\"ngg-gallery-thumbnail-box \" >\n\t\t\t\t        <div class=\"ngg-gallery-thumbnail\">\n            <a href=\"https:\/\/old.atletikaolomouc.cz\/wp-content\/gallery\/olomoucka-dvacitka-2019\/DSC01197.JPG\"\n               title=\"\"\n               data-src=\"https:\/\/old.atletikaolomouc.cz\/wp-content\/gallery\/olomoucka-dvacitka-2019\/DSC01197.JPG\"\n               data-thumbnail=\"https:\/\/old.atletikaolomouc.cz\/wp-content\/gallery\/olomoucka-dvacitka-2019\/thumbs\/thumbs_DSC01197.JPG\"\n               data-image-id=\"3460\"\n               data-title=\"DSC01197\"\n               data-description=\"\"\n               data-image-slug=\"dsc01197\"\n               class=\"ngg-simplelightbox\" rel=\"6a4ed3938096057273f90f1ec3eac548\">\n                <img\n                    title=\"DSC01197\"\n                    alt=\"DSC01197\"\n                    src=\"https:\/\/old.atletikaolomouc.cz\/wp-content\/gallery\/olomoucka-dvacitka-2019\/thumbs\/thumbs_DSC01197.JPG\"\n                    width=\"240\"\n                    height=\"160\"\n                    style=\"max-width:100%;\"\n                \/>\n            <\/a>\n        <\/div>\n\t\t\t\t\t\t\t<\/div> \n\t\t\t\n\t\t\t\t<div id=\"ngg-image-22\" class=\"ngg-gallery-thumbnail-box \" >\n\t\t\t\t        <div class=\"ngg-gallery-thumbnail\">\n            <a href=\"https:\/\/old.atletikaolomouc.cz\/wp-content\/gallery\/olomoucka-dvacitka-2019\/DSC01203.JPG\"\n               title=\"\"\n               data-src=\"https:\/\/old.atletikaolomouc.cz\/wp-content\/gallery\/olomoucka-dvacitka-2019\/DSC01203.JPG\"\n               data-thumbnail=\"https:\/\/old.atletikaolomouc.cz\/wp-content\/gallery\/olomoucka-dvacitka-2019\/thumbs\/thumbs_DSC01203.JPG\"\n               data-image-id=\"3461\"\n               data-title=\"DSC01203\"\n               data-description=\"\"\n               data-image-slug=\"dsc01203\"\n               class=\"ngg-simplelightbox\" rel=\"6a4ed3938096057273f90f1ec3eac548\">\n                <img\n                    title=\"DSC01203\"\n                    alt=\"DSC01203\"\n                    src=\"https:\/\/old.atletikaolomouc.cz\/wp-content\/gallery\/olomoucka-dvacitka-2019\/thumbs\/thumbs_DSC01203.JPG\"\n                    width=\"240\"\n                    height=\"160\"\n                    style=\"max-width:100%;\"\n                \/>\n            <\/a>\n        <\/div>\n\t\t\t\t\t\t\t<\/div> \n\t\t\t\n\t\t\t\t<div id=\"ngg-image-23\" class=\"ngg-gallery-thumbnail-box \" >\n\t\t\t\t        <div class=\"ngg-gallery-thumbnail\">\n            <a href=\"https:\/\/old.atletikaolomouc.cz\/wp-content\/gallery\/olomoucka-dvacitka-2019\/DSC01209.JPG\"\n               title=\"\"\n               data-src=\"https:\/\/old.atletikaolomouc.cz\/wp-content\/gallery\/olomoucka-dvacitka-2019\/DSC01209.JPG\"\n               data-thumbnail=\"https:\/\/old.atletikaolomouc.cz\/wp-content\/gallery\/olomoucka-dvacitka-2019\/thumbs\/thumbs_DSC01209.JPG\"\n               data-image-id=\"3462\"\n               data-title=\"DSC01209\"\n               data-description=\"\"\n               data-image-slug=\"dsc01209\"\n               class=\"ngg-simplelightbox\" rel=\"6a4ed3938096057273f90f1ec3eac548\">\n                <img\n                    title=\"DSC01209\"\n                    alt=\"DSC01209\"\n                    src=\"https:\/\/old.atletikaolomouc.cz\/wp-content\/gallery\/olomoucka-dvacitka-2019\/thumbs\/thumbs_DSC01209.JPG\"\n                    width=\"240\"\n                    height=\"160\"\n                    style=\"max-width:100%;\"\n                \/>\n            <\/a>\n        <\/div>\n\t\t\t\t\t\t\t<\/div> \n\t\t\t\n\t\n\t<br style=\"clear: both\" \/>\n\n\t\n\t\t<!-- Pagination -->\n\t<div class='ngg-navigation'><span class='current'>1<\/span>\n<a class='page-numbers' data-pageid='2' href='https:\/\/old.atletikaolomouc.cz\/index.php\/nggallery\/page\/2?p=12007'>2<\/a>\n<span class='ellipsis'>...<\/span>\n<a class='page-numbers' data-pageid='7' href='https:\/\/old.atletikaolomouc.cz\/index.php\/nggallery\/page\/7?p=12007'>7<\/a>\n<a class='prev' href='https:\/\/old.atletikaolomouc.cz\/index.php\/nggallery\/page\/2?p=12007' data-pageid=2>&#9658;<\/a><\/div>\t<\/div>\n\n","protected":false},"excerpt":{"rendered":"<p>53. ro\u010dn\u00edk Olomouck\u00e9 dvac\u00edtky v ch\u016fzi se uskute\u010dnil v sobotu 13.4.2019.<\/p>\n","protected":false},"author":4,"featured_media":0,"comment_status":"closed","ping_status":"closed","sticky":false,"template":"","format":"standard","meta":{"ngg_post_thumbnail":0},"categories":[62],"tags":[],"_links":{"self":[{"href":"https:\/\/old.atletikaolomouc.cz\/index.php?rest_route=\/wp\/v2\/posts\/12007"}],"collection":[{"href":"https:\/\/old.atletikaolomouc.cz\/index.php?rest_route=\/wp\/v2\/posts"}],"about":[{"href":"https:\/\/old.atletikaolomouc.cz\/index.php?rest_route=\/wp\/v2\/types\/post"}],"author":[{"embeddable":true,"href":"https:\/\/old.atletikaolomouc.cz\/index.php?rest_route=\/wp\/v2\/users\/4"}],"replies":[{"embeddable":true,"href":"https:\/\/old.atletikaolomouc.cz\/index.php?rest_route=%2Fwp%2Fv2%2Fcomments&post=12007"}],"version-history":[{"count":1,"href":"https:\/\/old.atletikaolomouc.cz\/index.php?rest_route=\/wp\/v2\/posts\/12007\/revisions"}],"predecessor-version":[{"id":12009,"href":"https:\/\/old.atletikaolomouc.cz\/index.php?rest_route=\/wp\/v2\/posts\/12007\/revisions\/12009"}],"wp:attachment":[{"href":"https:\/\/old.atletikaolomouc.cz\/index.php?rest_route=%2Fwp%2Fv2%2Fmedia&parent=12007"}],"wp:term":[{"taxonomy":"category","embeddable":true,"href":"https:\/\/old.atletikaolomouc.cz\/index.php?rest_route=%2Fwp%2Fv2%2Fcategories&post=12007"},{"taxonomy":"post_tag","embeddable":true,"href":"https:\/\/old.atletikaolomouc.cz\/index.php?rest_route=%2Fwp%2Fv2%2Ftags&post=12007"}],"curies":[{"name":"wp","href":"https:\/\/api.w.org\/{rel}","templated":true}]}}