{"id":12017,"date":"2019-04-16T12:25:58","date_gmt":"2019-04-16T10:25:58","guid":{"rendered":"http:\/\/www.atletikaolomouc.cz\/?p=12017"},"modified":"2019-04-16T12:26:02","modified_gmt":"2019-04-16T10:26:02","slug":"olomoucka-dvacitka-v-chuzi-foto-polak","status":"publish","type":"post","link":"https:\/\/old.atletikaolomouc.cz\/?p=12017","title":{"rendered":"Olomouck\u00e1 dvac\u00edtka v ch\u016fzi &#8211; foto Pol\u00e1k"},"content":{"rendered":"\n<p><a href=\"http:\/\/www.atletikaolomouc.cz\/wp-content\/uploads\/2019\/04\/Olomouck\u00e1-dvac\u00edtka.jpg\"><img decoding=\"async\" loading=\"lazy\" class=\"alignleft size-thumbnail wp-image-12015\" src=\"http:\/\/www.atletikaolomouc.cz\/wp-content\/uploads\/2019\/04\/Olomouck\u00e1-dvac\u00edtka-150x150.jpg\" alt=\"\" width=\"150\" height=\"150\"><\/a>Fotogalerie z Olomouck\u00e9 dvac\u00edtky v ch\u016fzi &#8211; foto: Jaroslav Pol\u00e1k<\/p>\n<p><!--more--><\/p>\n<!-- default-view.php -->\n<div\n\tclass=\"ngg-galleryoverview default-view \"\n\tid=\"ngg-gallery-1f4179beef1bae743474389a55d5f27a-1\">\n\n\t\t<!-- Thumbnails -->\n\t\t\t\t<div id=\"ngg-image-0\" class=\"ngg-gallery-thumbnail-box \" >\n\t\t\t\t        <div class=\"ngg-gallery-thumbnail\">\n            <a href=\"https:\/\/old.atletikaolomouc.cz\/wp-content\/gallery\/olomoucka-dvacitka-2019-polak\/DSC_4314-Dotal%C3%ADk-bronz-z-MS-Toru%C5%88.jpg\"\n               title=\"\"\n               data-src=\"https:\/\/old.atletikaolomouc.cz\/wp-content\/gallery\/olomoucka-dvacitka-2019-polak\/DSC_4314-Dotal%C3%ADk-bronz-z-MS-Toru%C5%88.jpg\"\n               data-thumbnail=\"https:\/\/old.atletikaolomouc.cz\/wp-content\/gallery\/olomoucka-dvacitka-2019-polak\/thumbs\/thumbs_DSC_4314-Dotal%C3%ADk-bronz-z-MS-Toru%C5%88.jpg\"\n               data-image-id=\"3599\"\n               data-title=\"DSC_4314-Dotal\u00edk-bronz-z-MS-Toru\u0148\"\n               data-description=\"\"\n               data-image-slug=\"dsc_4314-dotal%c3%adk-bronz-z-ms-toru%c5%88\"\n               class=\"ngg-simplelightbox\" rel=\"1f4179beef1bae743474389a55d5f27a\">\n                <img\n                    title=\"DSC_4314-Dotal\u00edk-bronz-z-MS-Toru\u0148\"\n                    alt=\"DSC_4314-Dotal\u00edk-bronz-z-MS-Toru\u0148\"\n                    src=\"https:\/\/old.atletikaolomouc.cz\/wp-content\/gallery\/olomoucka-dvacitka-2019-polak\/thumbs\/thumbs_DSC_4314-Dotal%C3%ADk-bronz-z-MS-Toru%C5%88.jpg\"\n                    width=\"240\"\n                    height=\"160\"\n                    style=\"max-width:100%;\"\n                \/>\n            <\/a>\n        <\/div>\n\t\t\t\t\t\t\t<\/div> \n\t\t\t\n\t\t\t\t<div id=\"ngg-image-1\" class=\"ngg-gallery-thumbnail-box \" >\n\t\t\t\t        <div class=\"ngg-gallery-thumbnail\">\n            <a href=\"https:\/\/old.atletikaolomouc.cz\/wp-content\/gallery\/olomoucka-dvacitka-2019-polak\/DSC_4318-Ol.-20-2019-1-km.jpg\"\n               title=\"\"\n               data-src=\"https:\/\/old.atletikaolomouc.cz\/wp-content\/gallery\/olomoucka-dvacitka-2019-polak\/DSC_4318-Ol.-20-2019-1-km.jpg\"\n               data-thumbnail=\"https:\/\/old.atletikaolomouc.cz\/wp-content\/gallery\/olomoucka-dvacitka-2019-polak\/thumbs\/thumbs_DSC_4318-Ol.-20-2019-1-km.jpg\"\n               data-image-id=\"3600\"\n               data-title=\"DSC_4318-Ol.-20-2019-1-km\"\n               data-description=\"\"\n               data-image-slug=\"dsc_4318-ol-20-2019-1-km\"\n               class=\"ngg-simplelightbox\" rel=\"1f4179beef1bae743474389a55d5f27a\">\n                <img\n                    title=\"DSC_4318-Ol.-20-2019-1-km\"\n                    alt=\"DSC_4318-Ol.-20-2019-1-km\"\n                    src=\"https:\/\/old.atletikaolomouc.cz\/wp-content\/gallery\/olomoucka-dvacitka-2019-polak\/thumbs\/thumbs_DSC_4318-Ol.-20-2019-1-km.jpg\"\n                    width=\"240\"\n                    height=\"160\"\n                    style=\"max-width:100%;\"\n                \/>\n            <\/a>\n        <\/div>\n\t\t\t\t\t\t\t<\/div> \n\t\t\t\n\t\t\t\t<div id=\"ngg-image-2\" class=\"ngg-gallery-thumbnail-box \" >\n\t\t\t\t        <div class=\"ngg-gallery-thumbnail\">\n            <a href=\"https:\/\/old.atletikaolomouc.cz\/wp-content\/gallery\/olomoucka-dvacitka-2019-polak\/DSC_4319-Ol.-20-2019-1-km.jpg\"\n               title=\"\"\n               data-src=\"https:\/\/old.atletikaolomouc.cz\/wp-content\/gallery\/olomoucka-dvacitka-2019-polak\/DSC_4319-Ol.-20-2019-1-km.jpg\"\n               data-thumbnail=\"https:\/\/old.atletikaolomouc.cz\/wp-content\/gallery\/olomoucka-dvacitka-2019-polak\/thumbs\/thumbs_DSC_4319-Ol.-20-2019-1-km.jpg\"\n               data-image-id=\"3601\"\n               data-title=\"DSC_4319-Ol.-20-2019-1-km\"\n               data-description=\"\"\n               data-image-slug=\"dsc_4319-ol-20-2019-1-km\"\n               class=\"ngg-simplelightbox\" rel=\"1f4179beef1bae743474389a55d5f27a\">\n                <img\n                    title=\"DSC_4319-Ol.-20-2019-1-km\"\n                    alt=\"DSC_4319-Ol.-20-2019-1-km\"\n                    src=\"https:\/\/old.atletikaolomouc.cz\/wp-content\/gallery\/olomoucka-dvacitka-2019-polak\/thumbs\/thumbs_DSC_4319-Ol.-20-2019-1-km.jpg\"\n                    width=\"240\"\n                    height=\"160\"\n                    style=\"max-width:100%;\"\n                \/>\n            <\/a>\n        <\/div>\n\t\t\t\t\t\t\t<\/div> \n\t\t\t\n\t\t\t\t<div id=\"ngg-image-3\" class=\"ngg-gallery-thumbnail-box \" >\n\t\t\t\t        <div class=\"ngg-gallery-thumbnail\">\n            <a href=\"https:\/\/old.atletikaolomouc.cz\/wp-content\/gallery\/olomoucka-dvacitka-2019-polak\/DSC_4321-Ol.-20-2019-1-km.jpg\"\n               title=\"\"\n               data-src=\"https:\/\/old.atletikaolomouc.cz\/wp-content\/gallery\/olomoucka-dvacitka-2019-polak\/DSC_4321-Ol.-20-2019-1-km.jpg\"\n               data-thumbnail=\"https:\/\/old.atletikaolomouc.cz\/wp-content\/gallery\/olomoucka-dvacitka-2019-polak\/thumbs\/thumbs_DSC_4321-Ol.-20-2019-1-km.jpg\"\n               data-image-id=\"3602\"\n               data-title=\"DSC_4321-Ol.-20-2019-1-km\"\n               data-description=\"\"\n               data-image-slug=\"dsc_4321-ol-20-2019-1-km\"\n               class=\"ngg-simplelightbox\" rel=\"1f4179beef1bae743474389a55d5f27a\">\n                <img\n                    title=\"DSC_4321-Ol.-20-2019-1-km\"\n                    alt=\"DSC_4321-Ol.-20-2019-1-km\"\n                    src=\"https:\/\/old.atletikaolomouc.cz\/wp-content\/gallery\/olomoucka-dvacitka-2019-polak\/thumbs\/thumbs_DSC_4321-Ol.-20-2019-1-km.jpg\"\n                    width=\"240\"\n                    height=\"160\"\n                    style=\"max-width:100%;\"\n                \/>\n            <\/a>\n        <\/div>\n\t\t\t\t\t\t\t<\/div> \n\t\t\t\n\t\t\t\t<div id=\"ngg-image-4\" class=\"ngg-gallery-thumbnail-box \" >\n\t\t\t\t        <div class=\"ngg-gallery-thumbnail\">\n            <a href=\"https:\/\/old.atletikaolomouc.cz\/wp-content\/gallery\/olomoucka-dvacitka-2019-polak\/DSC_4322-Ol.-20-2019-1-km.jpg\"\n               title=\"\"\n               data-src=\"https:\/\/old.atletikaolomouc.cz\/wp-content\/gallery\/olomoucka-dvacitka-2019-polak\/DSC_4322-Ol.-20-2019-1-km.jpg\"\n               data-thumbnail=\"https:\/\/old.atletikaolomouc.cz\/wp-content\/gallery\/olomoucka-dvacitka-2019-polak\/thumbs\/thumbs_DSC_4322-Ol.-20-2019-1-km.jpg\"\n               data-image-id=\"3603\"\n               data-title=\"DSC_4322-Ol.-20-2019-1-km\"\n               data-description=\"\"\n               data-image-slug=\"dsc_4322-ol-20-2019-1-km\"\n               class=\"ngg-simplelightbox\" rel=\"1f4179beef1bae743474389a55d5f27a\">\n                <img\n                    title=\"DSC_4322-Ol.-20-2019-1-km\"\n                    alt=\"DSC_4322-Ol.-20-2019-1-km\"\n                    src=\"https:\/\/old.atletikaolomouc.cz\/wp-content\/gallery\/olomoucka-dvacitka-2019-polak\/thumbs\/thumbs_DSC_4322-Ol.-20-2019-1-km.jpg\"\n                    width=\"240\"\n                    height=\"160\"\n                    style=\"max-width:100%;\"\n                \/>\n            <\/a>\n        <\/div>\n\t\t\t\t\t\t\t<\/div> \n\t\t\t\n\t\t\t\t<div id=\"ngg-image-5\" class=\"ngg-gallery-thumbnail-box \" >\n\t\t\t\t        <div class=\"ngg-gallery-thumbnail\">\n            <a href=\"https:\/\/old.atletikaolomouc.cz\/wp-content\/gallery\/olomoucka-dvacitka-2019-polak\/DSC_4323-Ol.-20-2019-1-km.jpg\"\n               title=\"\"\n               data-src=\"https:\/\/old.atletikaolomouc.cz\/wp-content\/gallery\/olomoucka-dvacitka-2019-polak\/DSC_4323-Ol.-20-2019-1-km.jpg\"\n               data-thumbnail=\"https:\/\/old.atletikaolomouc.cz\/wp-content\/gallery\/olomoucka-dvacitka-2019-polak\/thumbs\/thumbs_DSC_4323-Ol.-20-2019-1-km.jpg\"\n               data-image-id=\"3604\"\n               data-title=\"DSC_4323-Ol.-20-2019-1-km\"\n               data-description=\"\"\n               data-image-slug=\"dsc_4323-ol-20-2019-1-km\"\n               class=\"ngg-simplelightbox\" rel=\"1f4179beef1bae743474389a55d5f27a\">\n                <img\n                    title=\"DSC_4323-Ol.-20-2019-1-km\"\n                    alt=\"DSC_4323-Ol.-20-2019-1-km\"\n                    src=\"https:\/\/old.atletikaolomouc.cz\/wp-content\/gallery\/olomoucka-dvacitka-2019-polak\/thumbs\/thumbs_DSC_4323-Ol.-20-2019-1-km.jpg\"\n                    width=\"240\"\n                    height=\"160\"\n                    style=\"max-width:100%;\"\n                \/>\n            <\/a>\n        <\/div>\n\t\t\t\t\t\t\t<\/div> \n\t\t\t\n\t\t\t\t<div id=\"ngg-image-6\" class=\"ngg-gallery-thumbnail-box \" >\n\t\t\t\t        <div class=\"ngg-gallery-thumbnail\">\n            <a href=\"https:\/\/old.atletikaolomouc.cz\/wp-content\/gallery\/olomoucka-dvacitka-2019-polak\/DSC_4326-Ol.-20-2019-1-km.jpg\"\n               title=\"\"\n               data-src=\"https:\/\/old.atletikaolomouc.cz\/wp-content\/gallery\/olomoucka-dvacitka-2019-polak\/DSC_4326-Ol.-20-2019-1-km.jpg\"\n               data-thumbnail=\"https:\/\/old.atletikaolomouc.cz\/wp-content\/gallery\/olomoucka-dvacitka-2019-polak\/thumbs\/thumbs_DSC_4326-Ol.-20-2019-1-km.jpg\"\n               data-image-id=\"3605\"\n               data-title=\"DSC_4326-Ol.-20-2019-1-km\"\n               data-description=\"\"\n               data-image-slug=\"dsc_4326-ol-20-2019-1-km\"\n               class=\"ngg-simplelightbox\" rel=\"1f4179beef1bae743474389a55d5f27a\">\n                <img\n                    title=\"DSC_4326-Ol.-20-2019-1-km\"\n                    alt=\"DSC_4326-Ol.-20-2019-1-km\"\n                    src=\"https:\/\/old.atletikaolomouc.cz\/wp-content\/gallery\/olomoucka-dvacitka-2019-polak\/thumbs\/thumbs_DSC_4326-Ol.-20-2019-1-km.jpg\"\n                    width=\"240\"\n                    height=\"160\"\n                    style=\"max-width:100%;\"\n                \/>\n            <\/a>\n        <\/div>\n\t\t\t\t\t\t\t<\/div> \n\t\t\t\n\t\t\t\t<div id=\"ngg-image-7\" class=\"ngg-gallery-thumbnail-box \" >\n\t\t\t\t        <div class=\"ngg-gallery-thumbnail\">\n            <a href=\"https:\/\/old.atletikaolomouc.cz\/wp-content\/gallery\/olomoucka-dvacitka-2019-polak\/DSC_4327-Ol.-20-2019-1-km.jpg\"\n               title=\"\"\n               data-src=\"https:\/\/old.atletikaolomouc.cz\/wp-content\/gallery\/olomoucka-dvacitka-2019-polak\/DSC_4327-Ol.-20-2019-1-km.jpg\"\n               data-thumbnail=\"https:\/\/old.atletikaolomouc.cz\/wp-content\/gallery\/olomoucka-dvacitka-2019-polak\/thumbs\/thumbs_DSC_4327-Ol.-20-2019-1-km.jpg\"\n               data-image-id=\"3606\"\n               data-title=\"DSC_4327-Ol.-20-2019-1-km\"\n               data-description=\"\"\n               data-image-slug=\"dsc_4327-ol-20-2019-1-km\"\n               class=\"ngg-simplelightbox\" rel=\"1f4179beef1bae743474389a55d5f27a\">\n                <img\n                    title=\"DSC_4327-Ol.-20-2019-1-km\"\n                    alt=\"DSC_4327-Ol.-20-2019-1-km\"\n                    src=\"https:\/\/old.atletikaolomouc.cz\/wp-content\/gallery\/olomoucka-dvacitka-2019-polak\/thumbs\/thumbs_DSC_4327-Ol.-20-2019-1-km.jpg\"\n                    width=\"240\"\n                    height=\"160\"\n                    style=\"max-width:100%;\"\n                \/>\n            <\/a>\n        <\/div>\n\t\t\t\t\t\t\t<\/div> \n\t\t\t\n\t\t\t\t<div id=\"ngg-image-8\" class=\"ngg-gallery-thumbnail-box \" >\n\t\t\t\t        <div class=\"ngg-gallery-thumbnail\">\n            <a href=\"https:\/\/old.atletikaolomouc.cz\/wp-content\/gallery\/olomoucka-dvacitka-2019-polak\/DSC_4330-Ol.-20-2019-1-km.jpg\"\n               title=\"\"\n               data-src=\"https:\/\/old.atletikaolomouc.cz\/wp-content\/gallery\/olomoucka-dvacitka-2019-polak\/DSC_4330-Ol.-20-2019-1-km.jpg\"\n               data-thumbnail=\"https:\/\/old.atletikaolomouc.cz\/wp-content\/gallery\/olomoucka-dvacitka-2019-polak\/thumbs\/thumbs_DSC_4330-Ol.-20-2019-1-km.jpg\"\n               data-image-id=\"3607\"\n               data-title=\"DSC_4330-Ol.-20-2019-1-km\"\n               data-description=\"\"\n               data-image-slug=\"dsc_4330-ol-20-2019-1-km\"\n               class=\"ngg-simplelightbox\" rel=\"1f4179beef1bae743474389a55d5f27a\">\n                <img\n                    title=\"DSC_4330-Ol.-20-2019-1-km\"\n                    alt=\"DSC_4330-Ol.-20-2019-1-km\"\n                    src=\"https:\/\/old.atletikaolomouc.cz\/wp-content\/gallery\/olomoucka-dvacitka-2019-polak\/thumbs\/thumbs_DSC_4330-Ol.-20-2019-1-km.jpg\"\n                    width=\"240\"\n                    height=\"160\"\n                    style=\"max-width:100%;\"\n                \/>\n            <\/a>\n        <\/div>\n\t\t\t\t\t\t\t<\/div> \n\t\t\t\n\t\t\t\t<div id=\"ngg-image-9\" class=\"ngg-gallery-thumbnail-box \" >\n\t\t\t\t        <div class=\"ngg-gallery-thumbnail\">\n            <a href=\"https:\/\/old.atletikaolomouc.cz\/wp-content\/gallery\/olomoucka-dvacitka-2019-polak\/DSC_4332-Ol.-20-3-km-2019.jpg\"\n               title=\"\"\n               data-src=\"https:\/\/old.atletikaolomouc.cz\/wp-content\/gallery\/olomoucka-dvacitka-2019-polak\/DSC_4332-Ol.-20-3-km-2019.jpg\"\n               data-thumbnail=\"https:\/\/old.atletikaolomouc.cz\/wp-content\/gallery\/olomoucka-dvacitka-2019-polak\/thumbs\/thumbs_DSC_4332-Ol.-20-3-km-2019.jpg\"\n               data-image-id=\"3608\"\n               data-title=\"DSC_4332-Ol.-20-3-km-2019\"\n               data-description=\"\"\n               data-image-slug=\"dsc_4332-ol-20-3-km-2019\"\n               class=\"ngg-simplelightbox\" rel=\"1f4179beef1bae743474389a55d5f27a\">\n                <img\n                    title=\"DSC_4332-Ol.-20-3-km-2019\"\n                    alt=\"DSC_4332-Ol.-20-3-km-2019\"\n                    src=\"https:\/\/old.atletikaolomouc.cz\/wp-content\/gallery\/olomoucka-dvacitka-2019-polak\/thumbs\/thumbs_DSC_4332-Ol.-20-3-km-2019.jpg\"\n                    width=\"240\"\n                    height=\"160\"\n                    style=\"max-width:100%;\"\n                \/>\n            <\/a>\n        <\/div>\n\t\t\t\t\t\t\t<\/div> \n\t\t\t\n\t\t\t\t<div id=\"ngg-image-10\" class=\"ngg-gallery-thumbnail-box \" >\n\t\t\t\t        <div class=\"ngg-gallery-thumbnail\">\n            <a href=\"https:\/\/old.atletikaolomouc.cz\/wp-content\/gallery\/olomoucka-dvacitka-2019-polak\/DSC_4334-Ol.-20-3-km-2019.jpg\"\n               title=\"\"\n               data-src=\"https:\/\/old.atletikaolomouc.cz\/wp-content\/gallery\/olomoucka-dvacitka-2019-polak\/DSC_4334-Ol.-20-3-km-2019.jpg\"\n               data-thumbnail=\"https:\/\/old.atletikaolomouc.cz\/wp-content\/gallery\/olomoucka-dvacitka-2019-polak\/thumbs\/thumbs_DSC_4334-Ol.-20-3-km-2019.jpg\"\n               data-image-id=\"3609\"\n               data-title=\"DSC_4334-Ol.-20-3-km-2019\"\n               data-description=\"\"\n               data-image-slug=\"dsc_4334-ol-20-3-km-2019\"\n               class=\"ngg-simplelightbox\" rel=\"1f4179beef1bae743474389a55d5f27a\">\n                <img\n                    title=\"DSC_4334-Ol.-20-3-km-2019\"\n                    alt=\"DSC_4334-Ol.-20-3-km-2019\"\n                    src=\"https:\/\/old.atletikaolomouc.cz\/wp-content\/gallery\/olomoucka-dvacitka-2019-polak\/thumbs\/thumbs_DSC_4334-Ol.-20-3-km-2019.jpg\"\n                    width=\"240\"\n                    height=\"160\"\n                    style=\"max-width:100%;\"\n                \/>\n            <\/a>\n        <\/div>\n\t\t\t\t\t\t\t<\/div> \n\t\t\t\n\t\t\t\t<div id=\"ngg-image-11\" class=\"ngg-gallery-thumbnail-box \" >\n\t\t\t\t        <div class=\"ngg-gallery-thumbnail\">\n            <a href=\"https:\/\/old.atletikaolomouc.cz\/wp-content\/gallery\/olomoucka-dvacitka-2019-polak\/DSC_4336-Ol.-20-2019-3-km.jpg\"\n               title=\"\"\n               data-src=\"https:\/\/old.atletikaolomouc.cz\/wp-content\/gallery\/olomoucka-dvacitka-2019-polak\/DSC_4336-Ol.-20-2019-3-km.jpg\"\n               data-thumbnail=\"https:\/\/old.atletikaolomouc.cz\/wp-content\/gallery\/olomoucka-dvacitka-2019-polak\/thumbs\/thumbs_DSC_4336-Ol.-20-2019-3-km.jpg\"\n               data-image-id=\"3610\"\n               data-title=\"DSC_4336-Ol.-20-2019-3-km\"\n               data-description=\"\"\n               data-image-slug=\"dsc_4336-ol-20-2019-3-km\"\n               class=\"ngg-simplelightbox\" rel=\"1f4179beef1bae743474389a55d5f27a\">\n                <img\n                    title=\"DSC_4336-Ol.-20-2019-3-km\"\n                    alt=\"DSC_4336-Ol.-20-2019-3-km\"\n                    src=\"https:\/\/old.atletikaolomouc.cz\/wp-content\/gallery\/olomoucka-dvacitka-2019-polak\/thumbs\/thumbs_DSC_4336-Ol.-20-2019-3-km.jpg\"\n                    width=\"240\"\n                    height=\"160\"\n                    style=\"max-width:100%;\"\n                \/>\n            <\/a>\n        <\/div>\n\t\t\t\t\t\t\t<\/div> \n\t\t\t\n\t\t\t\t<div id=\"ngg-image-12\" class=\"ngg-gallery-thumbnail-box \" >\n\t\t\t\t        <div class=\"ngg-gallery-thumbnail\">\n            <a href=\"https:\/\/old.atletikaolomouc.cz\/wp-content\/gallery\/olomoucka-dvacitka-2019-polak\/DSC_4337-Ol.-20-2019-3-km.jpg\"\n               title=\"\"\n               data-src=\"https:\/\/old.atletikaolomouc.cz\/wp-content\/gallery\/olomoucka-dvacitka-2019-polak\/DSC_4337-Ol.-20-2019-3-km.jpg\"\n               data-thumbnail=\"https:\/\/old.atletikaolomouc.cz\/wp-content\/gallery\/olomoucka-dvacitka-2019-polak\/thumbs\/thumbs_DSC_4337-Ol.-20-2019-3-km.jpg\"\n               data-image-id=\"3611\"\n               data-title=\"DSC_4337-Ol.-20-2019-3-km\"\n               data-description=\"\"\n               data-image-slug=\"dsc_4337-ol-20-2019-3-km\"\n               class=\"ngg-simplelightbox\" rel=\"1f4179beef1bae743474389a55d5f27a\">\n                <img\n                    title=\"DSC_4337-Ol.-20-2019-3-km\"\n                    alt=\"DSC_4337-Ol.-20-2019-3-km\"\n                    src=\"https:\/\/old.atletikaolomouc.cz\/wp-content\/gallery\/olomoucka-dvacitka-2019-polak\/thumbs\/thumbs_DSC_4337-Ol.-20-2019-3-km.jpg\"\n                    width=\"240\"\n                    height=\"160\"\n                    style=\"max-width:100%;\"\n                \/>\n            <\/a>\n        <\/div>\n\t\t\t\t\t\t\t<\/div> \n\t\t\t\n\t\t\t\t<div id=\"ngg-image-13\" class=\"ngg-gallery-thumbnail-box \" >\n\t\t\t\t        <div class=\"ngg-gallery-thumbnail\">\n            <a href=\"https:\/\/old.atletikaolomouc.cz\/wp-content\/gallery\/olomoucka-dvacitka-2019-polak\/DSC_4338-Ol.-20-2019-3-km.jpg\"\n               title=\"\"\n               data-src=\"https:\/\/old.atletikaolomouc.cz\/wp-content\/gallery\/olomoucka-dvacitka-2019-polak\/DSC_4338-Ol.-20-2019-3-km.jpg\"\n               data-thumbnail=\"https:\/\/old.atletikaolomouc.cz\/wp-content\/gallery\/olomoucka-dvacitka-2019-polak\/thumbs\/thumbs_DSC_4338-Ol.-20-2019-3-km.jpg\"\n               data-image-id=\"3612\"\n               data-title=\"DSC_4338-Ol.-20-2019-3-km\"\n               data-description=\"\"\n               data-image-slug=\"dsc_4338-ol-20-2019-3-km\"\n               class=\"ngg-simplelightbox\" rel=\"1f4179beef1bae743474389a55d5f27a\">\n                <img\n                    title=\"DSC_4338-Ol.-20-2019-3-km\"\n                    alt=\"DSC_4338-Ol.-20-2019-3-km\"\n                    src=\"https:\/\/old.atletikaolomouc.cz\/wp-content\/gallery\/olomoucka-dvacitka-2019-polak\/thumbs\/thumbs_DSC_4338-Ol.-20-2019-3-km.jpg\"\n                    width=\"240\"\n                    height=\"160\"\n                    style=\"max-width:100%;\"\n                \/>\n            <\/a>\n        <\/div>\n\t\t\t\t\t\t\t<\/div> \n\t\t\t\n\t\t\t\t<div id=\"ngg-image-14\" class=\"ngg-gallery-thumbnail-box \" >\n\t\t\t\t        <div class=\"ngg-gallery-thumbnail\">\n            <a href=\"https:\/\/old.atletikaolomouc.cz\/wp-content\/gallery\/olomoucka-dvacitka-2019-polak\/DSC_4339-Ol.-20-3-km-2019.jpg\"\n               title=\"\"\n               data-src=\"https:\/\/old.atletikaolomouc.cz\/wp-content\/gallery\/olomoucka-dvacitka-2019-polak\/DSC_4339-Ol.-20-3-km-2019.jpg\"\n               data-thumbnail=\"https:\/\/old.atletikaolomouc.cz\/wp-content\/gallery\/olomoucka-dvacitka-2019-polak\/thumbs\/thumbs_DSC_4339-Ol.-20-3-km-2019.jpg\"\n               data-image-id=\"3613\"\n               data-title=\"DSC_4339-Ol.-20-3-km-2019\"\n               data-description=\"\"\n               data-image-slug=\"dsc_4339-ol-20-3-km-2019\"\n               class=\"ngg-simplelightbox\" rel=\"1f4179beef1bae743474389a55d5f27a\">\n                <img\n                    title=\"DSC_4339-Ol.-20-3-km-2019\"\n                    alt=\"DSC_4339-Ol.-20-3-km-2019\"\n                    src=\"https:\/\/old.atletikaolomouc.cz\/wp-content\/gallery\/olomoucka-dvacitka-2019-polak\/thumbs\/thumbs_DSC_4339-Ol.-20-3-km-2019.jpg\"\n                    width=\"240\"\n                    height=\"160\"\n                    style=\"max-width:100%;\"\n                \/>\n            <\/a>\n        <\/div>\n\t\t\t\t\t\t\t<\/div> \n\t\t\t\n\t\t\t\t<div id=\"ngg-image-15\" class=\"ngg-gallery-thumbnail-box \" >\n\t\t\t\t        <div class=\"ngg-gallery-thumbnail\">\n            <a href=\"https:\/\/old.atletikaolomouc.cz\/wp-content\/gallery\/olomoucka-dvacitka-2019-polak\/DSC_4340-Ol.-20-2019-3-km.jpg\"\n               title=\"\"\n               data-src=\"https:\/\/old.atletikaolomouc.cz\/wp-content\/gallery\/olomoucka-dvacitka-2019-polak\/DSC_4340-Ol.-20-2019-3-km.jpg\"\n               data-thumbnail=\"https:\/\/old.atletikaolomouc.cz\/wp-content\/gallery\/olomoucka-dvacitka-2019-polak\/thumbs\/thumbs_DSC_4340-Ol.-20-2019-3-km.jpg\"\n               data-image-id=\"3614\"\n               data-title=\"DSC_4340-Ol.-20-2019-3-km\"\n               data-description=\"\"\n               data-image-slug=\"dsc_4340-ol-20-2019-3-km\"\n               class=\"ngg-simplelightbox\" rel=\"1f4179beef1bae743474389a55d5f27a\">\n                <img\n                    title=\"DSC_4340-Ol.-20-2019-3-km\"\n                    alt=\"DSC_4340-Ol.-20-2019-3-km\"\n                    src=\"https:\/\/old.atletikaolomouc.cz\/wp-content\/gallery\/olomoucka-dvacitka-2019-polak\/thumbs\/thumbs_DSC_4340-Ol.-20-2019-3-km.jpg\"\n                    width=\"240\"\n                    height=\"160\"\n                    style=\"max-width:100%;\"\n                \/>\n            <\/a>\n        <\/div>\n\t\t\t\t\t\t\t<\/div> \n\t\t\t\n\t\t\t\t<div id=\"ngg-image-16\" class=\"ngg-gallery-thumbnail-box \" >\n\t\t\t\t        <div class=\"ngg-gallery-thumbnail\">\n            <a href=\"https:\/\/old.atletikaolomouc.cz\/wp-content\/gallery\/olomoucka-dvacitka-2019-polak\/DSC_4341-Ol.-20-2019-3-km.jpg\"\n               title=\"\"\n               data-src=\"https:\/\/old.atletikaolomouc.cz\/wp-content\/gallery\/olomoucka-dvacitka-2019-polak\/DSC_4341-Ol.-20-2019-3-km.jpg\"\n               data-thumbnail=\"https:\/\/old.atletikaolomouc.cz\/wp-content\/gallery\/olomoucka-dvacitka-2019-polak\/thumbs\/thumbs_DSC_4341-Ol.-20-2019-3-km.jpg\"\n               data-image-id=\"3615\"\n               data-title=\"DSC_4341-Ol.-20-2019-3-km\"\n               data-description=\"\"\n               data-image-slug=\"dsc_4341-ol-20-2019-3-km\"\n               class=\"ngg-simplelightbox\" rel=\"1f4179beef1bae743474389a55d5f27a\">\n                <img\n                    title=\"DSC_4341-Ol.-20-2019-3-km\"\n                    alt=\"DSC_4341-Ol.-20-2019-3-km\"\n                    src=\"https:\/\/old.atletikaolomouc.cz\/wp-content\/gallery\/olomoucka-dvacitka-2019-polak\/thumbs\/thumbs_DSC_4341-Ol.-20-2019-3-km.jpg\"\n                    width=\"240\"\n                    height=\"160\"\n                    style=\"max-width:100%;\"\n                \/>\n            <\/a>\n        <\/div>\n\t\t\t\t\t\t\t<\/div> \n\t\t\t\n\t\t\t\t<div id=\"ngg-image-17\" class=\"ngg-gallery-thumbnail-box \" >\n\t\t\t\t        <div class=\"ngg-gallery-thumbnail\">\n            <a href=\"https:\/\/old.atletikaolomouc.cz\/wp-content\/gallery\/olomoucka-dvacitka-2019-polak\/DSC_4342-Ol.-20-2019-3-km.jpg\"\n               title=\"\"\n               data-src=\"https:\/\/old.atletikaolomouc.cz\/wp-content\/gallery\/olomoucka-dvacitka-2019-polak\/DSC_4342-Ol.-20-2019-3-km.jpg\"\n               data-thumbnail=\"https:\/\/old.atletikaolomouc.cz\/wp-content\/gallery\/olomoucka-dvacitka-2019-polak\/thumbs\/thumbs_DSC_4342-Ol.-20-2019-3-km.jpg\"\n               data-image-id=\"3616\"\n               data-title=\"DSC_4342-Ol.-20-2019-3-km\"\n               data-description=\"\"\n               data-image-slug=\"dsc_4342-ol-20-2019-3-km\"\n               class=\"ngg-simplelightbox\" rel=\"1f4179beef1bae743474389a55d5f27a\">\n                <img\n                    title=\"DSC_4342-Ol.-20-2019-3-km\"\n                    alt=\"DSC_4342-Ol.-20-2019-3-km\"\n                    src=\"https:\/\/old.atletikaolomouc.cz\/wp-content\/gallery\/olomoucka-dvacitka-2019-polak\/thumbs\/thumbs_DSC_4342-Ol.-20-2019-3-km.jpg\"\n                    width=\"240\"\n                    height=\"160\"\n                    style=\"max-width:100%;\"\n                \/>\n            <\/a>\n        <\/div>\n\t\t\t\t\t\t\t<\/div> \n\t\t\t\n\t\t\t\t<div id=\"ngg-image-18\" class=\"ngg-gallery-thumbnail-box \" >\n\t\t\t\t        <div class=\"ngg-gallery-thumbnail\">\n            <a href=\"https:\/\/old.atletikaolomouc.cz\/wp-content\/gallery\/olomoucka-dvacitka-2019-polak\/DSC_4343-Ol.-20-2019-3-km.jpg\"\n               title=\"\"\n               data-src=\"https:\/\/old.atletikaolomouc.cz\/wp-content\/gallery\/olomoucka-dvacitka-2019-polak\/DSC_4343-Ol.-20-2019-3-km.jpg\"\n               data-thumbnail=\"https:\/\/old.atletikaolomouc.cz\/wp-content\/gallery\/olomoucka-dvacitka-2019-polak\/thumbs\/thumbs_DSC_4343-Ol.-20-2019-3-km.jpg\"\n               data-image-id=\"3617\"\n               data-title=\"DSC_4343-Ol.-20-2019-3-km\"\n               data-description=\"\"\n               data-image-slug=\"dsc_4343-ol-20-2019-3-km\"\n               class=\"ngg-simplelightbox\" rel=\"1f4179beef1bae743474389a55d5f27a\">\n                <img\n                    title=\"DSC_4343-Ol.-20-2019-3-km\"\n                    alt=\"DSC_4343-Ol.-20-2019-3-km\"\n                    src=\"https:\/\/old.atletikaolomouc.cz\/wp-content\/gallery\/olomoucka-dvacitka-2019-polak\/thumbs\/thumbs_DSC_4343-Ol.-20-2019-3-km.jpg\"\n                    width=\"240\"\n                    height=\"160\"\n                    style=\"max-width:100%;\"\n                \/>\n            <\/a>\n        <\/div>\n\t\t\t\t\t\t\t<\/div> \n\t\t\t\n\t\t\t\t<div id=\"ngg-image-19\" class=\"ngg-gallery-thumbnail-box \" >\n\t\t\t\t        <div class=\"ngg-gallery-thumbnail\">\n            <a href=\"https:\/\/old.atletikaolomouc.cz\/wp-content\/gallery\/olomoucka-dvacitka-2019-polak\/DSC_4344-Ol.-20-2019-3-km.jpg\"\n               title=\"\"\n               data-src=\"https:\/\/old.atletikaolomouc.cz\/wp-content\/gallery\/olomoucka-dvacitka-2019-polak\/DSC_4344-Ol.-20-2019-3-km.jpg\"\n               data-thumbnail=\"https:\/\/old.atletikaolomouc.cz\/wp-content\/gallery\/olomoucka-dvacitka-2019-polak\/thumbs\/thumbs_DSC_4344-Ol.-20-2019-3-km.jpg\"\n               data-image-id=\"3618\"\n               data-title=\"DSC_4344-Ol.-20-2019-3-km\"\n               data-description=\"\"\n               data-image-slug=\"dsc_4344-ol-20-2019-3-km\"\n               class=\"ngg-simplelightbox\" rel=\"1f4179beef1bae743474389a55d5f27a\">\n                <img\n                    title=\"DSC_4344-Ol.-20-2019-3-km\"\n                    alt=\"DSC_4344-Ol.-20-2019-3-km\"\n                    src=\"https:\/\/old.atletikaolomouc.cz\/wp-content\/gallery\/olomoucka-dvacitka-2019-polak\/thumbs\/thumbs_DSC_4344-Ol.-20-2019-3-km.jpg\"\n                    width=\"240\"\n                    height=\"160\"\n                    style=\"max-width:100%;\"\n                \/>\n            <\/a>\n        <\/div>\n\t\t\t\t\t\t\t<\/div> \n\t\t\t\n\t\t\t\t<div id=\"ngg-image-20\" class=\"ngg-gallery-thumbnail-box \" >\n\t\t\t\t        <div class=\"ngg-gallery-thumbnail\">\n            <a href=\"https:\/\/old.atletikaolomouc.cz\/wp-content\/gallery\/olomoucka-dvacitka-2019-polak\/DSC_4345-Ol.-20-2019-3-km.jpg\"\n               title=\"\"\n               data-src=\"https:\/\/old.atletikaolomouc.cz\/wp-content\/gallery\/olomoucka-dvacitka-2019-polak\/DSC_4345-Ol.-20-2019-3-km.jpg\"\n               data-thumbnail=\"https:\/\/old.atletikaolomouc.cz\/wp-content\/gallery\/olomoucka-dvacitka-2019-polak\/thumbs\/thumbs_DSC_4345-Ol.-20-2019-3-km.jpg\"\n               data-image-id=\"3619\"\n               data-title=\"DSC_4345-Ol.-20-2019-3-km\"\n               data-description=\"\"\n               data-image-slug=\"dsc_4345-ol-20-2019-3-km\"\n               class=\"ngg-simplelightbox\" rel=\"1f4179beef1bae743474389a55d5f27a\">\n                <img\n                    title=\"DSC_4345-Ol.-20-2019-3-km\"\n                    alt=\"DSC_4345-Ol.-20-2019-3-km\"\n                    src=\"https:\/\/old.atletikaolomouc.cz\/wp-content\/gallery\/olomoucka-dvacitka-2019-polak\/thumbs\/thumbs_DSC_4345-Ol.-20-2019-3-km.jpg\"\n                    width=\"240\"\n                    height=\"160\"\n                    style=\"max-width:100%;\"\n                \/>\n            <\/a>\n        <\/div>\n\t\t\t\t\t\t\t<\/div> \n\t\t\t\n\t\t\t\t<div id=\"ngg-image-21\" class=\"ngg-gallery-thumbnail-box \" >\n\t\t\t\t        <div class=\"ngg-gallery-thumbnail\">\n            <a href=\"https:\/\/old.atletikaolomouc.cz\/wp-content\/gallery\/olomoucka-dvacitka-2019-polak\/DSC_4348-Ol.-20-2019-3-km.jpg\"\n               title=\"\"\n               data-src=\"https:\/\/old.atletikaolomouc.cz\/wp-content\/gallery\/olomoucka-dvacitka-2019-polak\/DSC_4348-Ol.-20-2019-3-km.jpg\"\n               data-thumbnail=\"https:\/\/old.atletikaolomouc.cz\/wp-content\/gallery\/olomoucka-dvacitka-2019-polak\/thumbs\/thumbs_DSC_4348-Ol.-20-2019-3-km.jpg\"\n               data-image-id=\"3620\"\n               data-title=\"DSC_4348-Ol.-20-2019-3-km\"\n               data-description=\"\"\n               data-image-slug=\"dsc_4348-ol-20-2019-3-km\"\n               class=\"ngg-simplelightbox\" rel=\"1f4179beef1bae743474389a55d5f27a\">\n                <img\n                    title=\"DSC_4348-Ol.-20-2019-3-km\"\n                    alt=\"DSC_4348-Ol.-20-2019-3-km\"\n                    src=\"https:\/\/old.atletikaolomouc.cz\/wp-content\/gallery\/olomoucka-dvacitka-2019-polak\/thumbs\/thumbs_DSC_4348-Ol.-20-2019-3-km.jpg\"\n                    width=\"240\"\n                    height=\"160\"\n                    style=\"max-width:100%;\"\n                \/>\n            <\/a>\n        <\/div>\n\t\t\t\t\t\t\t<\/div> \n\t\t\t\n\t\t\t\t<div id=\"ngg-image-22\" class=\"ngg-gallery-thumbnail-box \" >\n\t\t\t\t        <div class=\"ngg-gallery-thumbnail\">\n            <a href=\"https:\/\/old.atletikaolomouc.cz\/wp-content\/gallery\/olomoucka-dvacitka-2019-polak\/DSC_4349-Ol.-20-2019-3-km.jpg\"\n               title=\"\"\n               data-src=\"https:\/\/old.atletikaolomouc.cz\/wp-content\/gallery\/olomoucka-dvacitka-2019-polak\/DSC_4349-Ol.-20-2019-3-km.jpg\"\n               data-thumbnail=\"https:\/\/old.atletikaolomouc.cz\/wp-content\/gallery\/olomoucka-dvacitka-2019-polak\/thumbs\/thumbs_DSC_4349-Ol.-20-2019-3-km.jpg\"\n               data-image-id=\"3621\"\n               data-title=\"DSC_4349-Ol.-20-2019-3-km\"\n               data-description=\"\"\n               data-image-slug=\"dsc_4349-ol-20-2019-3-km\"\n               class=\"ngg-simplelightbox\" rel=\"1f4179beef1bae743474389a55d5f27a\">\n                <img\n                    title=\"DSC_4349-Ol.-20-2019-3-km\"\n                    alt=\"DSC_4349-Ol.-20-2019-3-km\"\n                    src=\"https:\/\/old.atletikaolomouc.cz\/wp-content\/gallery\/olomoucka-dvacitka-2019-polak\/thumbs\/thumbs_DSC_4349-Ol.-20-2019-3-km.jpg\"\n                    width=\"240\"\n                    height=\"160\"\n                    style=\"max-width:100%;\"\n                \/>\n            <\/a>\n        <\/div>\n\t\t\t\t\t\t\t<\/div> \n\t\t\t\n\t\t\t\t<div id=\"ngg-image-23\" class=\"ngg-gallery-thumbnail-box \" >\n\t\t\t\t        <div class=\"ngg-gallery-thumbnail\">\n            <a href=\"https:\/\/old.atletikaolomouc.cz\/wp-content\/gallery\/olomoucka-dvacitka-2019-polak\/DSC_4350-Ol.-20-2019-3-km.jpg\"\n               title=\"\"\n               data-src=\"https:\/\/old.atletikaolomouc.cz\/wp-content\/gallery\/olomoucka-dvacitka-2019-polak\/DSC_4350-Ol.-20-2019-3-km.jpg\"\n               data-thumbnail=\"https:\/\/old.atletikaolomouc.cz\/wp-content\/gallery\/olomoucka-dvacitka-2019-polak\/thumbs\/thumbs_DSC_4350-Ol.-20-2019-3-km.jpg\"\n               data-image-id=\"3622\"\n               data-title=\"DSC_4350-Ol.-20-2019-3-km\"\n               data-description=\"\"\n               data-image-slug=\"dsc_4350-ol-20-2019-3-km\"\n               class=\"ngg-simplelightbox\" rel=\"1f4179beef1bae743474389a55d5f27a\">\n                <img\n                    title=\"DSC_4350-Ol.-20-2019-3-km\"\n                    alt=\"DSC_4350-Ol.-20-2019-3-km\"\n                    src=\"https:\/\/old.atletikaolomouc.cz\/wp-content\/gallery\/olomoucka-dvacitka-2019-polak\/thumbs\/thumbs_DSC_4350-Ol.-20-2019-3-km.jpg\"\n                    width=\"240\"\n                    height=\"160\"\n                    style=\"max-width:100%;\"\n                \/>\n            <\/a>\n        <\/div>\n\t\t\t\t\t\t\t<\/div> \n\t\t\t\n\t\n\t<br style=\"clear: both\" \/>\n\n\t\n\t\t<!-- Pagination -->\n\t<div class='ngg-navigation'><span class='current'>1<\/span>\n<a class='page-numbers' data-pageid='2' href='https:\/\/old.atletikaolomouc.cz\/index.php\/nggallery\/page\/2?p=12017'>2<\/a>\n<span class='ellipsis'>...<\/span>\n<a class='page-numbers' data-pageid='4' href='https:\/\/old.atletikaolomouc.cz\/index.php\/nggallery\/page\/4?p=12017'>4<\/a>\n<a class='prev' href='https:\/\/old.atletikaolomouc.cz\/index.php\/nggallery\/page\/2?p=12017' data-pageid=2>&#9658;<\/a><\/div>\t<\/div>\n\n","protected":false},"excerpt":{"rendered":"<p>Fotogalerie z Olomouck\u00e9 dvac\u00edtky v ch\u016fzi &#8211; foto: Jaroslav Pol\u00e1k<\/p>\n","protected":false},"author":4,"featured_media":0,"comment_status":"closed","ping_status":"closed","sticky":false,"template":"","format":"standard","meta":{"ngg_post_thumbnail":0},"categories":[5,62],"tags":[],"_links":{"self":[{"href":"https:\/\/old.atletikaolomouc.cz\/index.php?rest_route=\/wp\/v2\/posts\/12017"}],"collection":[{"href":"https:\/\/old.atletikaolomouc.cz\/index.php?rest_route=\/wp\/v2\/posts"}],"about":[{"href":"https:\/\/old.atletikaolomouc.cz\/index.php?rest_route=\/wp\/v2\/types\/post"}],"author":[{"embeddable":true,"href":"https:\/\/old.atletikaolomouc.cz\/index.php?rest_route=\/wp\/v2\/users\/4"}],"replies":[{"embeddable":true,"href":"https:\/\/old.atletikaolomouc.cz\/index.php?rest_route=%2Fwp%2Fv2%2Fcomments&post=12017"}],"version-history":[{"count":2,"href":"https:\/\/old.atletikaolomouc.cz\/index.php?rest_route=\/wp\/v2\/posts\/12017\/revisions"}],"predecessor-version":[{"id":12068,"href":"https:\/\/old.atletikaolomouc.cz\/index.php?rest_route=\/wp\/v2\/posts\/12017\/revisions\/12068"}],"wp:attachment":[{"href":"https:\/\/old.atletikaolomouc.cz\/index.php?rest_route=%2Fwp%2Fv2%2Fmedia&parent=12017"}],"wp:term":[{"taxonomy":"category","embeddable":true,"href":"https:\/\/old.atletikaolomouc.cz\/index.php?rest_route=%2Fwp%2Fv2%2Fcategories&post=12017"},{"taxonomy":"post_tag","embeddable":true,"href":"https:\/\/old.atletikaolomouc.cz\/index.php?rest_route=%2Fwp%2Fv2%2Ftags&post=12017"}],"curies":[{"name":"wp","href":"https:\/\/api.w.org\/{rel}","templated":true}]}}