{"id":12365,"date":"2019-05-06T22:25:44","date_gmt":"2019-05-06T20:25:44","guid":{"rendered":"http:\/\/www.atletikaolomouc.cz\/?p=12365"},"modified":"2019-05-06T22:28:36","modified_gmt":"2019-05-06T20:28:36","slug":"1-kolo-zlate-ligy-2019-foto","status":"publish","type":"post","link":"https:\/\/old.atletikaolomouc.cz\/?p=12365","title":{"rendered":"1. kolo Zlat\u00e9 ligy 2019 &#8211; foto"},"content":{"rendered":"\n<p><img decoding=\"async\" loading=\"lazy\" class=\"alignleft size-thumbnail wp-image-12366\" src=\"http:\/\/www.atletikaolomouc.cz\/wp-content\/uploads\/2019\/05\/P1230168-150x150.jpg\" alt=\"\" width=\"150\" height=\"150\">Fotogalerie z 1. kola D\u011btsk\u00e9 Zlat\u00e9 ligy 2019 dne 6.5.2019&#8230;<\/p>\n<p><!--more--><\/p>\n<!-- default-view.php -->\n<div\n\tclass=\"ngg-galleryoverview default-view \"\n\tid=\"ngg-gallery-48531c4fe9f2d3ea27923c58a9ec50c4-1\">\n\n\t\t<!-- Thumbnails -->\n\t\t\t\t<div id=\"ngg-image-0\" class=\"ngg-gallery-thumbnail-box \" >\n\t\t\t\t        <div class=\"ngg-gallery-thumbnail\">\n            <a href=\"https:\/\/old.atletikaolomouc.cz\/wp-content\/gallery\/1-kolo-zlate-ligy-2019\/P1230034.JPG\"\n               title=\"\"\n               data-src=\"https:\/\/old.atletikaolomouc.cz\/wp-content\/gallery\/1-kolo-zlate-ligy-2019\/P1230034.JPG\"\n               data-thumbnail=\"https:\/\/old.atletikaolomouc.cz\/wp-content\/gallery\/1-kolo-zlate-ligy-2019\/thumbs\/thumbs_P1230034.JPG\"\n               data-image-id=\"3805\"\n               data-title=\"P1230034\"\n               data-description=\"\"\n               data-image-slug=\"p1230034\"\n               class=\"ngg-simplelightbox\" rel=\"48531c4fe9f2d3ea27923c58a9ec50c4\">\n                <img\n                    title=\"P1230034\"\n                    alt=\"P1230034\"\n                    src=\"https:\/\/old.atletikaolomouc.cz\/wp-content\/gallery\/1-kolo-zlate-ligy-2019\/thumbs\/thumbs_P1230034.JPG\"\n                    width=\"240\"\n                    height=\"160\"\n                    style=\"max-width:100%;\"\n                \/>\n            <\/a>\n        <\/div>\n\t\t\t\t\t\t\t<\/div> \n\t\t\t\n\t\t\t\t<div id=\"ngg-image-1\" class=\"ngg-gallery-thumbnail-box \" >\n\t\t\t\t        <div class=\"ngg-gallery-thumbnail\">\n            <a href=\"https:\/\/old.atletikaolomouc.cz\/wp-content\/gallery\/1-kolo-zlate-ligy-2019\/P1230037.JPG\"\n               title=\"\"\n               data-src=\"https:\/\/old.atletikaolomouc.cz\/wp-content\/gallery\/1-kolo-zlate-ligy-2019\/P1230037.JPG\"\n               data-thumbnail=\"https:\/\/old.atletikaolomouc.cz\/wp-content\/gallery\/1-kolo-zlate-ligy-2019\/thumbs\/thumbs_P1230037.JPG\"\n               data-image-id=\"3806\"\n               data-title=\"P1230037\"\n               data-description=\"\"\n               data-image-slug=\"p1230037\"\n               class=\"ngg-simplelightbox\" rel=\"48531c4fe9f2d3ea27923c58a9ec50c4\">\n                <img\n                    title=\"P1230037\"\n                    alt=\"P1230037\"\n                    src=\"https:\/\/old.atletikaolomouc.cz\/wp-content\/gallery\/1-kolo-zlate-ligy-2019\/thumbs\/thumbs_P1230037.JPG\"\n                    width=\"240\"\n                    height=\"160\"\n                    style=\"max-width:100%;\"\n                \/>\n            <\/a>\n        <\/div>\n\t\t\t\t\t\t\t<\/div> \n\t\t\t\n\t\t\t\t<div id=\"ngg-image-2\" class=\"ngg-gallery-thumbnail-box \" >\n\t\t\t\t        <div class=\"ngg-gallery-thumbnail\">\n            <a href=\"https:\/\/old.atletikaolomouc.cz\/wp-content\/gallery\/1-kolo-zlate-ligy-2019\/P1230040.JPG\"\n               title=\"\"\n               data-src=\"https:\/\/old.atletikaolomouc.cz\/wp-content\/gallery\/1-kolo-zlate-ligy-2019\/P1230040.JPG\"\n               data-thumbnail=\"https:\/\/old.atletikaolomouc.cz\/wp-content\/gallery\/1-kolo-zlate-ligy-2019\/thumbs\/thumbs_P1230040.JPG\"\n               data-image-id=\"3807\"\n               data-title=\"P1230040\"\n               data-description=\"\"\n               data-image-slug=\"p1230040\"\n               class=\"ngg-simplelightbox\" rel=\"48531c4fe9f2d3ea27923c58a9ec50c4\">\n                <img\n                    title=\"P1230040\"\n                    alt=\"P1230040\"\n                    src=\"https:\/\/old.atletikaolomouc.cz\/wp-content\/gallery\/1-kolo-zlate-ligy-2019\/thumbs\/thumbs_P1230040.JPG\"\n                    width=\"240\"\n                    height=\"160\"\n                    style=\"max-width:100%;\"\n                \/>\n            <\/a>\n        <\/div>\n\t\t\t\t\t\t\t<\/div> \n\t\t\t\n\t\t\t\t<div id=\"ngg-image-3\" class=\"ngg-gallery-thumbnail-box \" >\n\t\t\t\t        <div class=\"ngg-gallery-thumbnail\">\n            <a href=\"https:\/\/old.atletikaolomouc.cz\/wp-content\/gallery\/1-kolo-zlate-ligy-2019\/P1230045.JPG\"\n               title=\"\"\n               data-src=\"https:\/\/old.atletikaolomouc.cz\/wp-content\/gallery\/1-kolo-zlate-ligy-2019\/P1230045.JPG\"\n               data-thumbnail=\"https:\/\/old.atletikaolomouc.cz\/wp-content\/gallery\/1-kolo-zlate-ligy-2019\/thumbs\/thumbs_P1230045.JPG\"\n               data-image-id=\"3808\"\n               data-title=\"P1230045\"\n               data-description=\"\"\n               data-image-slug=\"p1230045\"\n               class=\"ngg-simplelightbox\" rel=\"48531c4fe9f2d3ea27923c58a9ec50c4\">\n                <img\n                    title=\"P1230045\"\n                    alt=\"P1230045\"\n                    src=\"https:\/\/old.atletikaolomouc.cz\/wp-content\/gallery\/1-kolo-zlate-ligy-2019\/thumbs\/thumbs_P1230045.JPG\"\n                    width=\"240\"\n                    height=\"160\"\n                    style=\"max-width:100%;\"\n                \/>\n            <\/a>\n        <\/div>\n\t\t\t\t\t\t\t<\/div> \n\t\t\t\n\t\t\t\t<div id=\"ngg-image-4\" class=\"ngg-gallery-thumbnail-box \" >\n\t\t\t\t        <div class=\"ngg-gallery-thumbnail\">\n            <a href=\"https:\/\/old.atletikaolomouc.cz\/wp-content\/gallery\/1-kolo-zlate-ligy-2019\/P1230046.JPG\"\n               title=\"\"\n               data-src=\"https:\/\/old.atletikaolomouc.cz\/wp-content\/gallery\/1-kolo-zlate-ligy-2019\/P1230046.JPG\"\n               data-thumbnail=\"https:\/\/old.atletikaolomouc.cz\/wp-content\/gallery\/1-kolo-zlate-ligy-2019\/thumbs\/thumbs_P1230046.JPG\"\n               data-image-id=\"3809\"\n               data-title=\"P1230046\"\n               data-description=\"\"\n               data-image-slug=\"p1230046\"\n               class=\"ngg-simplelightbox\" rel=\"48531c4fe9f2d3ea27923c58a9ec50c4\">\n                <img\n                    title=\"P1230046\"\n                    alt=\"P1230046\"\n                    src=\"https:\/\/old.atletikaolomouc.cz\/wp-content\/gallery\/1-kolo-zlate-ligy-2019\/thumbs\/thumbs_P1230046.JPG\"\n                    width=\"240\"\n                    height=\"160\"\n                    style=\"max-width:100%;\"\n                \/>\n            <\/a>\n        <\/div>\n\t\t\t\t\t\t\t<\/div> \n\t\t\t\n\t\t\t\t<div id=\"ngg-image-5\" class=\"ngg-gallery-thumbnail-box \" >\n\t\t\t\t        <div class=\"ngg-gallery-thumbnail\">\n            <a href=\"https:\/\/old.atletikaolomouc.cz\/wp-content\/gallery\/1-kolo-zlate-ligy-2019\/P1230050.JPG\"\n               title=\"\"\n               data-src=\"https:\/\/old.atletikaolomouc.cz\/wp-content\/gallery\/1-kolo-zlate-ligy-2019\/P1230050.JPG\"\n               data-thumbnail=\"https:\/\/old.atletikaolomouc.cz\/wp-content\/gallery\/1-kolo-zlate-ligy-2019\/thumbs\/thumbs_P1230050.JPG\"\n               data-image-id=\"3810\"\n               data-title=\"P1230050\"\n               data-description=\"\"\n               data-image-slug=\"p1230050\"\n               class=\"ngg-simplelightbox\" rel=\"48531c4fe9f2d3ea27923c58a9ec50c4\">\n                <img\n                    title=\"P1230050\"\n                    alt=\"P1230050\"\n                    src=\"https:\/\/old.atletikaolomouc.cz\/wp-content\/gallery\/1-kolo-zlate-ligy-2019\/thumbs\/thumbs_P1230050.JPG\"\n                    width=\"240\"\n                    height=\"160\"\n                    style=\"max-width:100%;\"\n                \/>\n            <\/a>\n        <\/div>\n\t\t\t\t\t\t\t<\/div> \n\t\t\t\n\t\t\t\t<div id=\"ngg-image-6\" class=\"ngg-gallery-thumbnail-box \" >\n\t\t\t\t        <div class=\"ngg-gallery-thumbnail\">\n            <a href=\"https:\/\/old.atletikaolomouc.cz\/wp-content\/gallery\/1-kolo-zlate-ligy-2019\/P1230055.JPG\"\n               title=\"\"\n               data-src=\"https:\/\/old.atletikaolomouc.cz\/wp-content\/gallery\/1-kolo-zlate-ligy-2019\/P1230055.JPG\"\n               data-thumbnail=\"https:\/\/old.atletikaolomouc.cz\/wp-content\/gallery\/1-kolo-zlate-ligy-2019\/thumbs\/thumbs_P1230055.JPG\"\n               data-image-id=\"3811\"\n               data-title=\"P1230055\"\n               data-description=\"\"\n               data-image-slug=\"p1230055\"\n               class=\"ngg-simplelightbox\" rel=\"48531c4fe9f2d3ea27923c58a9ec50c4\">\n                <img\n                    title=\"P1230055\"\n                    alt=\"P1230055\"\n                    src=\"https:\/\/old.atletikaolomouc.cz\/wp-content\/gallery\/1-kolo-zlate-ligy-2019\/thumbs\/thumbs_P1230055.JPG\"\n                    width=\"240\"\n                    height=\"160\"\n                    style=\"max-width:100%;\"\n                \/>\n            <\/a>\n        <\/div>\n\t\t\t\t\t\t\t<\/div> \n\t\t\t\n\t\t\t\t<div id=\"ngg-image-7\" class=\"ngg-gallery-thumbnail-box \" >\n\t\t\t\t        <div class=\"ngg-gallery-thumbnail\">\n            <a href=\"https:\/\/old.atletikaolomouc.cz\/wp-content\/gallery\/1-kolo-zlate-ligy-2019\/P1230056.JPG\"\n               title=\"\"\n               data-src=\"https:\/\/old.atletikaolomouc.cz\/wp-content\/gallery\/1-kolo-zlate-ligy-2019\/P1230056.JPG\"\n               data-thumbnail=\"https:\/\/old.atletikaolomouc.cz\/wp-content\/gallery\/1-kolo-zlate-ligy-2019\/thumbs\/thumbs_P1230056.JPG\"\n               data-image-id=\"3812\"\n               data-title=\"P1230056\"\n               data-description=\"\"\n               data-image-slug=\"p1230056\"\n               class=\"ngg-simplelightbox\" rel=\"48531c4fe9f2d3ea27923c58a9ec50c4\">\n                <img\n                    title=\"P1230056\"\n                    alt=\"P1230056\"\n                    src=\"https:\/\/old.atletikaolomouc.cz\/wp-content\/gallery\/1-kolo-zlate-ligy-2019\/thumbs\/thumbs_P1230056.JPG\"\n                    width=\"240\"\n                    height=\"160\"\n                    style=\"max-width:100%;\"\n                \/>\n            <\/a>\n        <\/div>\n\t\t\t\t\t\t\t<\/div> \n\t\t\t\n\t\t\t\t<div id=\"ngg-image-8\" class=\"ngg-gallery-thumbnail-box \" >\n\t\t\t\t        <div class=\"ngg-gallery-thumbnail\">\n            <a href=\"https:\/\/old.atletikaolomouc.cz\/wp-content\/gallery\/1-kolo-zlate-ligy-2019\/P1230057.JPG\"\n               title=\"\"\n               data-src=\"https:\/\/old.atletikaolomouc.cz\/wp-content\/gallery\/1-kolo-zlate-ligy-2019\/P1230057.JPG\"\n               data-thumbnail=\"https:\/\/old.atletikaolomouc.cz\/wp-content\/gallery\/1-kolo-zlate-ligy-2019\/thumbs\/thumbs_P1230057.JPG\"\n               data-image-id=\"3813\"\n               data-title=\"P1230057\"\n               data-description=\"\"\n               data-image-slug=\"p1230057\"\n               class=\"ngg-simplelightbox\" rel=\"48531c4fe9f2d3ea27923c58a9ec50c4\">\n                <img\n                    title=\"P1230057\"\n                    alt=\"P1230057\"\n                    src=\"https:\/\/old.atletikaolomouc.cz\/wp-content\/gallery\/1-kolo-zlate-ligy-2019\/thumbs\/thumbs_P1230057.JPG\"\n                    width=\"240\"\n                    height=\"160\"\n                    style=\"max-width:100%;\"\n                \/>\n            <\/a>\n        <\/div>\n\t\t\t\t\t\t\t<\/div> \n\t\t\t\n\t\t\t\t<div id=\"ngg-image-9\" class=\"ngg-gallery-thumbnail-box \" >\n\t\t\t\t        <div class=\"ngg-gallery-thumbnail\">\n            <a href=\"https:\/\/old.atletikaolomouc.cz\/wp-content\/gallery\/1-kolo-zlate-ligy-2019\/P1230058.JPG\"\n               title=\"\"\n               data-src=\"https:\/\/old.atletikaolomouc.cz\/wp-content\/gallery\/1-kolo-zlate-ligy-2019\/P1230058.JPG\"\n               data-thumbnail=\"https:\/\/old.atletikaolomouc.cz\/wp-content\/gallery\/1-kolo-zlate-ligy-2019\/thumbs\/thumbs_P1230058.JPG\"\n               data-image-id=\"3814\"\n               data-title=\"P1230058\"\n               data-description=\"\"\n               data-image-slug=\"p1230058\"\n               class=\"ngg-simplelightbox\" rel=\"48531c4fe9f2d3ea27923c58a9ec50c4\">\n                <img\n                    title=\"P1230058\"\n                    alt=\"P1230058\"\n                    src=\"https:\/\/old.atletikaolomouc.cz\/wp-content\/gallery\/1-kolo-zlate-ligy-2019\/thumbs\/thumbs_P1230058.JPG\"\n                    width=\"240\"\n                    height=\"160\"\n                    style=\"max-width:100%;\"\n                \/>\n            <\/a>\n        <\/div>\n\t\t\t\t\t\t\t<\/div> \n\t\t\t\n\t\t\t\t<div id=\"ngg-image-10\" class=\"ngg-gallery-thumbnail-box \" >\n\t\t\t\t        <div class=\"ngg-gallery-thumbnail\">\n            <a href=\"https:\/\/old.atletikaolomouc.cz\/wp-content\/gallery\/1-kolo-zlate-ligy-2019\/P1230061.JPG\"\n               title=\"\"\n               data-src=\"https:\/\/old.atletikaolomouc.cz\/wp-content\/gallery\/1-kolo-zlate-ligy-2019\/P1230061.JPG\"\n               data-thumbnail=\"https:\/\/old.atletikaolomouc.cz\/wp-content\/gallery\/1-kolo-zlate-ligy-2019\/thumbs\/thumbs_P1230061.JPG\"\n               data-image-id=\"3815\"\n               data-title=\"P1230061\"\n               data-description=\"\"\n               data-image-slug=\"p1230061\"\n               class=\"ngg-simplelightbox\" rel=\"48531c4fe9f2d3ea27923c58a9ec50c4\">\n                <img\n                    title=\"P1230061\"\n                    alt=\"P1230061\"\n                    src=\"https:\/\/old.atletikaolomouc.cz\/wp-content\/gallery\/1-kolo-zlate-ligy-2019\/thumbs\/thumbs_P1230061.JPG\"\n                    width=\"240\"\n                    height=\"160\"\n                    style=\"max-width:100%;\"\n                \/>\n            <\/a>\n        <\/div>\n\t\t\t\t\t\t\t<\/div> \n\t\t\t\n\t\t\t\t<div id=\"ngg-image-11\" class=\"ngg-gallery-thumbnail-box \" >\n\t\t\t\t        <div class=\"ngg-gallery-thumbnail\">\n            <a href=\"https:\/\/old.atletikaolomouc.cz\/wp-content\/gallery\/1-kolo-zlate-ligy-2019\/P1230063.JPG\"\n               title=\"\"\n               data-src=\"https:\/\/old.atletikaolomouc.cz\/wp-content\/gallery\/1-kolo-zlate-ligy-2019\/P1230063.JPG\"\n               data-thumbnail=\"https:\/\/old.atletikaolomouc.cz\/wp-content\/gallery\/1-kolo-zlate-ligy-2019\/thumbs\/thumbs_P1230063.JPG\"\n               data-image-id=\"3816\"\n               data-title=\"P1230063\"\n               data-description=\"\"\n               data-image-slug=\"p1230063\"\n               class=\"ngg-simplelightbox\" rel=\"48531c4fe9f2d3ea27923c58a9ec50c4\">\n                <img\n                    title=\"P1230063\"\n                    alt=\"P1230063\"\n                    src=\"https:\/\/old.atletikaolomouc.cz\/wp-content\/gallery\/1-kolo-zlate-ligy-2019\/thumbs\/thumbs_P1230063.JPG\"\n                    width=\"240\"\n                    height=\"160\"\n                    style=\"max-width:100%;\"\n                \/>\n            <\/a>\n        <\/div>\n\t\t\t\t\t\t\t<\/div> \n\t\t\t\n\t\t\t\t<div id=\"ngg-image-12\" class=\"ngg-gallery-thumbnail-box \" >\n\t\t\t\t        <div class=\"ngg-gallery-thumbnail\">\n            <a href=\"https:\/\/old.atletikaolomouc.cz\/wp-content\/gallery\/1-kolo-zlate-ligy-2019\/P1230066.JPG\"\n               title=\"\"\n               data-src=\"https:\/\/old.atletikaolomouc.cz\/wp-content\/gallery\/1-kolo-zlate-ligy-2019\/P1230066.JPG\"\n               data-thumbnail=\"https:\/\/old.atletikaolomouc.cz\/wp-content\/gallery\/1-kolo-zlate-ligy-2019\/thumbs\/thumbs_P1230066.JPG\"\n               data-image-id=\"3817\"\n               data-title=\"P1230066\"\n               data-description=\"\"\n               data-image-slug=\"p1230066\"\n               class=\"ngg-simplelightbox\" rel=\"48531c4fe9f2d3ea27923c58a9ec50c4\">\n                <img\n                    title=\"P1230066\"\n                    alt=\"P1230066\"\n                    src=\"https:\/\/old.atletikaolomouc.cz\/wp-content\/gallery\/1-kolo-zlate-ligy-2019\/thumbs\/thumbs_P1230066.JPG\"\n                    width=\"240\"\n                    height=\"160\"\n                    style=\"max-width:100%;\"\n                \/>\n            <\/a>\n        <\/div>\n\t\t\t\t\t\t\t<\/div> \n\t\t\t\n\t\t\t\t<div id=\"ngg-image-13\" class=\"ngg-gallery-thumbnail-box \" >\n\t\t\t\t        <div class=\"ngg-gallery-thumbnail\">\n            <a href=\"https:\/\/old.atletikaolomouc.cz\/wp-content\/gallery\/1-kolo-zlate-ligy-2019\/P1230068.JPG\"\n               title=\"\"\n               data-src=\"https:\/\/old.atletikaolomouc.cz\/wp-content\/gallery\/1-kolo-zlate-ligy-2019\/P1230068.JPG\"\n               data-thumbnail=\"https:\/\/old.atletikaolomouc.cz\/wp-content\/gallery\/1-kolo-zlate-ligy-2019\/thumbs\/thumbs_P1230068.JPG\"\n               data-image-id=\"3818\"\n               data-title=\"P1230068\"\n               data-description=\"\"\n               data-image-slug=\"p1230068\"\n               class=\"ngg-simplelightbox\" rel=\"48531c4fe9f2d3ea27923c58a9ec50c4\">\n                <img\n                    title=\"P1230068\"\n                    alt=\"P1230068\"\n                    src=\"https:\/\/old.atletikaolomouc.cz\/wp-content\/gallery\/1-kolo-zlate-ligy-2019\/thumbs\/thumbs_P1230068.JPG\"\n                    width=\"240\"\n                    height=\"160\"\n                    style=\"max-width:100%;\"\n                \/>\n            <\/a>\n        <\/div>\n\t\t\t\t\t\t\t<\/div> \n\t\t\t\n\t\t\t\t<div id=\"ngg-image-14\" class=\"ngg-gallery-thumbnail-box \" >\n\t\t\t\t        <div class=\"ngg-gallery-thumbnail\">\n            <a href=\"https:\/\/old.atletikaolomouc.cz\/wp-content\/gallery\/1-kolo-zlate-ligy-2019\/P1230092.JPG\"\n               title=\"\"\n               data-src=\"https:\/\/old.atletikaolomouc.cz\/wp-content\/gallery\/1-kolo-zlate-ligy-2019\/P1230092.JPG\"\n               data-thumbnail=\"https:\/\/old.atletikaolomouc.cz\/wp-content\/gallery\/1-kolo-zlate-ligy-2019\/thumbs\/thumbs_P1230092.JPG\"\n               data-image-id=\"3819\"\n               data-title=\"P1230092\"\n               data-description=\"\"\n               data-image-slug=\"p1230092\"\n               class=\"ngg-simplelightbox\" rel=\"48531c4fe9f2d3ea27923c58a9ec50c4\">\n                <img\n                    title=\"P1230092\"\n                    alt=\"P1230092\"\n                    src=\"https:\/\/old.atletikaolomouc.cz\/wp-content\/gallery\/1-kolo-zlate-ligy-2019\/thumbs\/thumbs_P1230092.JPG\"\n                    width=\"240\"\n                    height=\"160\"\n                    style=\"max-width:100%;\"\n                \/>\n            <\/a>\n        <\/div>\n\t\t\t\t\t\t\t<\/div> \n\t\t\t\n\t\t\t\t<div id=\"ngg-image-15\" class=\"ngg-gallery-thumbnail-box \" >\n\t\t\t\t        <div class=\"ngg-gallery-thumbnail\">\n            <a href=\"https:\/\/old.atletikaolomouc.cz\/wp-content\/gallery\/1-kolo-zlate-ligy-2019\/P1230093.JPG\"\n               title=\"\"\n               data-src=\"https:\/\/old.atletikaolomouc.cz\/wp-content\/gallery\/1-kolo-zlate-ligy-2019\/P1230093.JPG\"\n               data-thumbnail=\"https:\/\/old.atletikaolomouc.cz\/wp-content\/gallery\/1-kolo-zlate-ligy-2019\/thumbs\/thumbs_P1230093.JPG\"\n               data-image-id=\"3820\"\n               data-title=\"P1230093\"\n               data-description=\"\"\n               data-image-slug=\"p1230093\"\n               class=\"ngg-simplelightbox\" rel=\"48531c4fe9f2d3ea27923c58a9ec50c4\">\n                <img\n                    title=\"P1230093\"\n                    alt=\"P1230093\"\n                    src=\"https:\/\/old.atletikaolomouc.cz\/wp-content\/gallery\/1-kolo-zlate-ligy-2019\/thumbs\/thumbs_P1230093.JPG\"\n                    width=\"240\"\n                    height=\"160\"\n                    style=\"max-width:100%;\"\n                \/>\n            <\/a>\n        <\/div>\n\t\t\t\t\t\t\t<\/div> \n\t\t\t\n\t\t\t\t<div id=\"ngg-image-16\" class=\"ngg-gallery-thumbnail-box \" >\n\t\t\t\t        <div class=\"ngg-gallery-thumbnail\">\n            <a href=\"https:\/\/old.atletikaolomouc.cz\/wp-content\/gallery\/1-kolo-zlate-ligy-2019\/P1230096.JPG\"\n               title=\"\"\n               data-src=\"https:\/\/old.atletikaolomouc.cz\/wp-content\/gallery\/1-kolo-zlate-ligy-2019\/P1230096.JPG\"\n               data-thumbnail=\"https:\/\/old.atletikaolomouc.cz\/wp-content\/gallery\/1-kolo-zlate-ligy-2019\/thumbs\/thumbs_P1230096.JPG\"\n               data-image-id=\"3821\"\n               data-title=\"P1230096\"\n               data-description=\"\"\n               data-image-slug=\"p1230096\"\n               class=\"ngg-simplelightbox\" rel=\"48531c4fe9f2d3ea27923c58a9ec50c4\">\n                <img\n                    title=\"P1230096\"\n                    alt=\"P1230096\"\n                    src=\"https:\/\/old.atletikaolomouc.cz\/wp-content\/gallery\/1-kolo-zlate-ligy-2019\/thumbs\/thumbs_P1230096.JPG\"\n                    width=\"240\"\n                    height=\"160\"\n                    style=\"max-width:100%;\"\n                \/>\n            <\/a>\n        <\/div>\n\t\t\t\t\t\t\t<\/div> \n\t\t\t\n\t\t\t\t<div id=\"ngg-image-17\" class=\"ngg-gallery-thumbnail-box \" >\n\t\t\t\t        <div class=\"ngg-gallery-thumbnail\">\n            <a href=\"https:\/\/old.atletikaolomouc.cz\/wp-content\/gallery\/1-kolo-zlate-ligy-2019\/P1230097.JPG\"\n               title=\"\"\n               data-src=\"https:\/\/old.atletikaolomouc.cz\/wp-content\/gallery\/1-kolo-zlate-ligy-2019\/P1230097.JPG\"\n               data-thumbnail=\"https:\/\/old.atletikaolomouc.cz\/wp-content\/gallery\/1-kolo-zlate-ligy-2019\/thumbs\/thumbs_P1230097.JPG\"\n               data-image-id=\"3822\"\n               data-title=\"P1230097\"\n               data-description=\"\"\n               data-image-slug=\"p1230097\"\n               class=\"ngg-simplelightbox\" rel=\"48531c4fe9f2d3ea27923c58a9ec50c4\">\n                <img\n                    title=\"P1230097\"\n                    alt=\"P1230097\"\n                    src=\"https:\/\/old.atletikaolomouc.cz\/wp-content\/gallery\/1-kolo-zlate-ligy-2019\/thumbs\/thumbs_P1230097.JPG\"\n                    width=\"240\"\n                    height=\"160\"\n                    style=\"max-width:100%;\"\n                \/>\n            <\/a>\n        <\/div>\n\t\t\t\t\t\t\t<\/div> \n\t\t\t\n\t\t\t\t<div id=\"ngg-image-18\" class=\"ngg-gallery-thumbnail-box \" >\n\t\t\t\t        <div class=\"ngg-gallery-thumbnail\">\n            <a href=\"https:\/\/old.atletikaolomouc.cz\/wp-content\/gallery\/1-kolo-zlate-ligy-2019\/P1230098.JPG\"\n               title=\"\"\n               data-src=\"https:\/\/old.atletikaolomouc.cz\/wp-content\/gallery\/1-kolo-zlate-ligy-2019\/P1230098.JPG\"\n               data-thumbnail=\"https:\/\/old.atletikaolomouc.cz\/wp-content\/gallery\/1-kolo-zlate-ligy-2019\/thumbs\/thumbs_P1230098.JPG\"\n               data-image-id=\"3823\"\n               data-title=\"P1230098\"\n               data-description=\"\"\n               data-image-slug=\"p1230098\"\n               class=\"ngg-simplelightbox\" rel=\"48531c4fe9f2d3ea27923c58a9ec50c4\">\n                <img\n                    title=\"P1230098\"\n                    alt=\"P1230098\"\n                    src=\"https:\/\/old.atletikaolomouc.cz\/wp-content\/gallery\/1-kolo-zlate-ligy-2019\/thumbs\/thumbs_P1230098.JPG\"\n                    width=\"240\"\n                    height=\"160\"\n                    style=\"max-width:100%;\"\n                \/>\n            <\/a>\n        <\/div>\n\t\t\t\t\t\t\t<\/div> \n\t\t\t\n\t\t\t\t<div id=\"ngg-image-19\" class=\"ngg-gallery-thumbnail-box \" >\n\t\t\t\t        <div class=\"ngg-gallery-thumbnail\">\n            <a href=\"https:\/\/old.atletikaolomouc.cz\/wp-content\/gallery\/1-kolo-zlate-ligy-2019\/P1230100.JPG\"\n               title=\"\"\n               data-src=\"https:\/\/old.atletikaolomouc.cz\/wp-content\/gallery\/1-kolo-zlate-ligy-2019\/P1230100.JPG\"\n               data-thumbnail=\"https:\/\/old.atletikaolomouc.cz\/wp-content\/gallery\/1-kolo-zlate-ligy-2019\/thumbs\/thumbs_P1230100.JPG\"\n               data-image-id=\"3824\"\n               data-title=\"P1230100\"\n               data-description=\"\"\n               data-image-slug=\"p1230100\"\n               class=\"ngg-simplelightbox\" rel=\"48531c4fe9f2d3ea27923c58a9ec50c4\">\n                <img\n                    title=\"P1230100\"\n                    alt=\"P1230100\"\n                    src=\"https:\/\/old.atletikaolomouc.cz\/wp-content\/gallery\/1-kolo-zlate-ligy-2019\/thumbs\/thumbs_P1230100.JPG\"\n                    width=\"240\"\n                    height=\"160\"\n                    style=\"max-width:100%;\"\n                \/>\n            <\/a>\n        <\/div>\n\t\t\t\t\t\t\t<\/div> \n\t\t\t\n\t\t\t\t<div id=\"ngg-image-20\" class=\"ngg-gallery-thumbnail-box \" >\n\t\t\t\t        <div class=\"ngg-gallery-thumbnail\">\n            <a href=\"https:\/\/old.atletikaolomouc.cz\/wp-content\/gallery\/1-kolo-zlate-ligy-2019\/P1230104.JPG\"\n               title=\"\"\n               data-src=\"https:\/\/old.atletikaolomouc.cz\/wp-content\/gallery\/1-kolo-zlate-ligy-2019\/P1230104.JPG\"\n               data-thumbnail=\"https:\/\/old.atletikaolomouc.cz\/wp-content\/gallery\/1-kolo-zlate-ligy-2019\/thumbs\/thumbs_P1230104.JPG\"\n               data-image-id=\"3825\"\n               data-title=\"P1230104\"\n               data-description=\"\"\n               data-image-slug=\"p1230104\"\n               class=\"ngg-simplelightbox\" rel=\"48531c4fe9f2d3ea27923c58a9ec50c4\">\n                <img\n                    title=\"P1230104\"\n                    alt=\"P1230104\"\n                    src=\"https:\/\/old.atletikaolomouc.cz\/wp-content\/gallery\/1-kolo-zlate-ligy-2019\/thumbs\/thumbs_P1230104.JPG\"\n                    width=\"240\"\n                    height=\"160\"\n                    style=\"max-width:100%;\"\n                \/>\n            <\/a>\n        <\/div>\n\t\t\t\t\t\t\t<\/div> \n\t\t\t\n\t\t\t\t<div id=\"ngg-image-21\" class=\"ngg-gallery-thumbnail-box \" >\n\t\t\t\t        <div class=\"ngg-gallery-thumbnail\">\n            <a href=\"https:\/\/old.atletikaolomouc.cz\/wp-content\/gallery\/1-kolo-zlate-ligy-2019\/P1230105.JPG\"\n               title=\"\"\n               data-src=\"https:\/\/old.atletikaolomouc.cz\/wp-content\/gallery\/1-kolo-zlate-ligy-2019\/P1230105.JPG\"\n               data-thumbnail=\"https:\/\/old.atletikaolomouc.cz\/wp-content\/gallery\/1-kolo-zlate-ligy-2019\/thumbs\/thumbs_P1230105.JPG\"\n               data-image-id=\"3826\"\n               data-title=\"P1230105\"\n               data-description=\"\"\n               data-image-slug=\"p1230105\"\n               class=\"ngg-simplelightbox\" rel=\"48531c4fe9f2d3ea27923c58a9ec50c4\">\n                <img\n                    title=\"P1230105\"\n                    alt=\"P1230105\"\n                    src=\"https:\/\/old.atletikaolomouc.cz\/wp-content\/gallery\/1-kolo-zlate-ligy-2019\/thumbs\/thumbs_P1230105.JPG\"\n                    width=\"240\"\n                    height=\"160\"\n                    style=\"max-width:100%;\"\n                \/>\n            <\/a>\n        <\/div>\n\t\t\t\t\t\t\t<\/div> \n\t\t\t\n\t\t\t\t<div id=\"ngg-image-22\" class=\"ngg-gallery-thumbnail-box \" >\n\t\t\t\t        <div class=\"ngg-gallery-thumbnail\">\n            <a href=\"https:\/\/old.atletikaolomouc.cz\/wp-content\/gallery\/1-kolo-zlate-ligy-2019\/P1230107.JPG\"\n               title=\"\"\n               data-src=\"https:\/\/old.atletikaolomouc.cz\/wp-content\/gallery\/1-kolo-zlate-ligy-2019\/P1230107.JPG\"\n               data-thumbnail=\"https:\/\/old.atletikaolomouc.cz\/wp-content\/gallery\/1-kolo-zlate-ligy-2019\/thumbs\/thumbs_P1230107.JPG\"\n               data-image-id=\"3827\"\n               data-title=\"P1230107\"\n               data-description=\"\"\n               data-image-slug=\"p1230107\"\n               class=\"ngg-simplelightbox\" rel=\"48531c4fe9f2d3ea27923c58a9ec50c4\">\n                <img\n                    title=\"P1230107\"\n                    alt=\"P1230107\"\n                    src=\"https:\/\/old.atletikaolomouc.cz\/wp-content\/gallery\/1-kolo-zlate-ligy-2019\/thumbs\/thumbs_P1230107.JPG\"\n                    width=\"240\"\n                    height=\"160\"\n                    style=\"max-width:100%;\"\n                \/>\n            <\/a>\n        <\/div>\n\t\t\t\t\t\t\t<\/div> \n\t\t\t\n\t\t\t\t<div id=\"ngg-image-23\" class=\"ngg-gallery-thumbnail-box \" >\n\t\t\t\t        <div class=\"ngg-gallery-thumbnail\">\n            <a href=\"https:\/\/old.atletikaolomouc.cz\/wp-content\/gallery\/1-kolo-zlate-ligy-2019\/P1230110.JPG\"\n               title=\"\"\n               data-src=\"https:\/\/old.atletikaolomouc.cz\/wp-content\/gallery\/1-kolo-zlate-ligy-2019\/P1230110.JPG\"\n               data-thumbnail=\"https:\/\/old.atletikaolomouc.cz\/wp-content\/gallery\/1-kolo-zlate-ligy-2019\/thumbs\/thumbs_P1230110.JPG\"\n               data-image-id=\"3828\"\n               data-title=\"P1230110\"\n               data-description=\"\"\n               data-image-slug=\"p1230110\"\n               class=\"ngg-simplelightbox\" rel=\"48531c4fe9f2d3ea27923c58a9ec50c4\">\n                <img\n                    title=\"P1230110\"\n                    alt=\"P1230110\"\n                    src=\"https:\/\/old.atletikaolomouc.cz\/wp-content\/gallery\/1-kolo-zlate-ligy-2019\/thumbs\/thumbs_P1230110.JPG\"\n                    width=\"240\"\n                    height=\"160\"\n                    style=\"max-width:100%;\"\n                \/>\n            <\/a>\n        <\/div>\n\t\t\t\t\t\t\t<\/div> \n\t\t\t\n\t\n\t<br style=\"clear: both\" \/>\n\n\t\n\t\t<!-- Pagination -->\n\t<div class='ngg-navigation'><span class='current'>1<\/span>\n<a class='page-numbers' data-pageid='2' href='https:\/\/old.atletikaolomouc.cz\/index.php\/nggallery\/page\/2?p=12365'>2<\/a>\n<a class='page-numbers' data-pageid='3' href='https:\/\/old.atletikaolomouc.cz\/index.php\/nggallery\/page\/3?p=12365'>3<\/a>\n<a class='prev' href='https:\/\/old.atletikaolomouc.cz\/index.php\/nggallery\/page\/2?p=12365' data-pageid=2>&#9658;<\/a><\/div>\t<\/div>\n\n","protected":false},"excerpt":{"rendered":"<p>Fotogalerie z 1. kola D\u011btsk\u00e9 Zlat\u00e9 ligy 2019 dne 6.5.2019&#8230;<\/p>\n","protected":false},"author":4,"featured_media":0,"comment_status":"closed","ping_status":"closed","sticky":false,"template":"","format":"standard","meta":{"ngg_post_thumbnail":0},"categories":[62],"tags":[],"_links":{"self":[{"href":"https:\/\/old.atletikaolomouc.cz\/index.php?rest_route=\/wp\/v2\/posts\/12365"}],"collection":[{"href":"https:\/\/old.atletikaolomouc.cz\/index.php?rest_route=\/wp\/v2\/posts"}],"about":[{"href":"https:\/\/old.atletikaolomouc.cz\/index.php?rest_route=\/wp\/v2\/types\/post"}],"author":[{"embeddable":true,"href":"https:\/\/old.atletikaolomouc.cz\/index.php?rest_route=\/wp\/v2\/users\/4"}],"replies":[{"embeddable":true,"href":"https:\/\/old.atletikaolomouc.cz\/index.php?rest_route=%2Fwp%2Fv2%2Fcomments&post=12365"}],"version-history":[{"count":1,"href":"https:\/\/old.atletikaolomouc.cz\/index.php?rest_route=\/wp\/v2\/posts\/12365\/revisions"}],"predecessor-version":[{"id":12367,"href":"https:\/\/old.atletikaolomouc.cz\/index.php?rest_route=\/wp\/v2\/posts\/12365\/revisions\/12367"}],"wp:attachment":[{"href":"https:\/\/old.atletikaolomouc.cz\/index.php?rest_route=%2Fwp%2Fv2%2Fmedia&parent=12365"}],"wp:term":[{"taxonomy":"category","embeddable":true,"href":"https:\/\/old.atletikaolomouc.cz\/index.php?rest_route=%2Fwp%2Fv2%2Fcategories&post=12365"},{"taxonomy":"post_tag","embeddable":true,"href":"https:\/\/old.atletikaolomouc.cz\/index.php?rest_route=%2Fwp%2Fv2%2Ftags&post=12365"}],"curies":[{"name":"wp","href":"https:\/\/api.w.org\/{rel}","templated":true}]}}