{"id":12612,"date":"2019-05-14T14:35:19","date_gmt":"2019-05-14T12:35:19","guid":{"rendered":"http:\/\/www.atletikaolomouc.cz\/?p=12612"},"modified":"2019-05-14T14:37:29","modified_gmt":"2019-05-14T12:37:29","slug":"1-kolo-cp-vozickaru-olomouc","status":"publish","type":"post","link":"https:\/\/old.atletikaolomouc.cz\/?p=12612","title":{"rendered":"1.kolo \u010cP voz\u00ed\u010dk\u00e1\u0159\u016f Olomouc"},"content":{"rendered":"\n<p style=\"text-align: justify;\">Atleti na dom\u00e1c\u00ed p\u016fd\u011b,<\/p>\n<p style=\"text-align: justify;\">v&nbsp;ned\u011bli 12.5.2019 v Olomouci na Atletick\u00e9m stadionu prob\u011bhlo I.kolo \u010cesk\u00e9ho poh\u00e1ru Atletiky \u010cATHS. I p\u0159esto, \u017ee po\u010das\u00ed bylo velmi vrtkav\u00e9 a de\u0161tiv\u00e9 tak se na z\u00e1vodech se\u0161lo 34 atlet\u016f, kte\u0159\u00ed zde startovali ve sv\u00fdch discipl\u00edn\u00e1ch. Dom\u00e1c\u00ed atleti vybojovali celkem 5 cenn\u00fdch kov\u016f. Ve vrhu koul\u00ed se na 1.m\u00edst\u011b um\u00edstila Eva Kacanu,&nbsp;v hodu o\u0161t\u011bpem zv\u00edt\u011bzil Du\u0161an \u0160\u010dambura a na druh\u00e9m m\u00edst\u011b skon\u010dil Michal Rotter. V hodu diskem&nbsp;zv\u00edt\u011bzila Mirka Obrov\u00e1 hostuj\u00edc\u00ed v Ostrav\u011b a to v osobn\u00edm a tak\u00e9 \u010cesk\u00e9m rekordu, kdy p\u0159ekonala magickou hranici 20m a sv\u016fj disk poslala na 20,01m a na 3.m\u00edst\u011b ve stejn\u00e9 discipl\u00edn\u011b se um\u00edstila Ivana Drapov\u00e1, v hodu ku\u017eelkou&nbsp;skon\u010dila na 2.m\u00edst\u011b&nbsp; Ad\u00e9la Sekyrov\u00e1 a na 3.m\u00edst\u011b Eva Kvapilov\u00e1.<\/p>\n<p><a href=\"https:\/\/drive.google.com\/file\/d\/1w8-Bxe0qDtQ6Jp2m8oezoM7s7tOIZ32C\/view?usp=sharing\">V\u00fdsledky<\/a><\/p>\n<p><a href=\"https:\/\/photos.app.goo.gl\/KAiAx468P6bLSGZBA\">Fotogalerie<\/a><\/p>\n","protected":false},"excerpt":{"rendered":"<p>Atleti na dom\u00e1c\u00ed p\u016fd\u011b, v&nbsp;ned\u011bli 12.5.2019 v Olomouci na Atletick\u00e9m stadionu prob\u011bhlo I.kolo \u010cesk\u00e9ho poh\u00e1ru Atletiky \u010cATHS. I p\u0159esto, \u017ee po\u010das\u00ed bylo velmi vrtkav\u00e9 a de\u0161tiv\u00e9 tak se na z\u00e1vodech se\u0161lo 34 atlet\u016f, kte\u0159\u00ed zde startovali ve sv\u00fdch discipl\u00edn\u00e1ch. Dom\u00e1c\u00ed &hellip; <a href=\"https:\/\/old.atletikaolomouc.cz\/?p=12612\">Continue reading <span class=\"meta-nav\">&rarr;<\/span><\/a><\/p>\n","protected":false},"author":11,"featured_media":12613,"comment_status":"closed","ping_status":"closed","sticky":false,"template":"","format":"standard","meta":{"ngg_post_thumbnail":0},"categories":[48,6,37],"tags":[],"_links":{"self":[{"href":"https:\/\/old.atletikaolomouc.cz\/index.php?rest_route=\/wp\/v2\/posts\/12612"}],"collection":[{"href":"https:\/\/old.atletikaolomouc.cz\/index.php?rest_route=\/wp\/v2\/posts"}],"about":[{"href":"https:\/\/old.atletikaolomouc.cz\/index.php?rest_route=\/wp\/v2\/types\/post"}],"author":[{"embeddable":true,"href":"https:\/\/old.atletikaolomouc.cz\/index.php?rest_route=\/wp\/v2\/users\/11"}],"replies":[{"embeddable":true,"href":"https:\/\/old.atletikaolomouc.cz\/index.php?rest_route=%2Fwp%2Fv2%2Fcomments&post=12612"}],"version-history":[{"count":3,"href":"https:\/\/old.atletikaolomouc.cz\/index.php?rest_route=\/wp\/v2\/posts\/12612\/revisions"}],"predecessor-version":[{"id":12617,"href":"https:\/\/old.atletikaolomouc.cz\/index.php?rest_route=\/wp\/v2\/posts\/12612\/revisions\/12617"}],"wp:featuredmedia":[{"embeddable":true,"href":"https:\/\/old.atletikaolomouc.cz\/index.php?rest_route=\/wp\/v2\/media\/12613"}],"wp:attachment":[{"href":"https:\/\/old.atletikaolomouc.cz\/index.php?rest_route=%2Fwp%2Fv2%2Fmedia&parent=12612"}],"wp:term":[{"taxonomy":"category","embeddable":true,"href":"https:\/\/old.atletikaolomouc.cz\/index.php?rest_route=%2Fwp%2Fv2%2Fcategories&post=12612"},{"taxonomy":"post_tag","embeddable":true,"href":"https:\/\/old.atletikaolomouc.cz\/index.php?rest_route=%2Fwp%2Fv2%2Ftags&post=12612"}],"curies":[{"name":"wp","href":"https:\/\/api.w.org\/{rel}","templated":true}]}}