{"id":12659,"date":"2019-05-20T14:59:28","date_gmt":"2019-05-20T12:59:28","guid":{"rendered":"http:\/\/www.atletikaolomouc.cz\/?p=12659"},"modified":"2019-05-20T14:59:37","modified_gmt":"2019-05-20T12:59:37","slug":"croatia-open-2019","status":"publish","type":"post","link":"https:\/\/old.atletikaolomouc.cz\/?p=12659","title":{"rendered":"Croatia Open 2019"},"content":{"rendered":"\n<p>V ned\u011bli 19.5.2019 se konal otev\u0159en\u00fd z\u00e1vod v chorvatsk\u00e9m Splitu. Ze z\u00e1vodn\u00edk\u016f se tu z\u00fa\u010dastnili Filip Varto\u0148, Michal Rotter spolu s tren\u00e9rkou Martinou Musilovou a asistentkou Hankou Rotterovou. Chlap\u016fm se da\u0159ilo a Michal z\u00edskal bronzovou medaili v hodu diskem s v\u00fdkonem 17,44 metr\u016f a je\u0161t\u011b si k tomu p\u0159idal i vrh koul\u00ed a um\u00edstil se na 4.m\u00edst\u011b v\u00fdkonem 6,40metr\u016f. Druh\u00fd z\u00e1vodn\u00edk Filip Varto\u0148 bojoval p\u0159edev\u0161\u00edm o zlep\u0161en\u00ed osobn\u00edho maxima a vyh\u00e1zel si leto\u0161n\u00ed nejlep\u0161\u00ed v\u00fdkon na 12,27 metr\u016f.<\/p>\n<p>Moc gratulujeme.&nbsp;<\/p>\n<p><a href=\"https:\/\/photos.app.goo.gl\/jM3kRiaEe4SCQQpC7\">Foto<\/a><\/p>\n<p><a href=\"https:\/\/drive.google.com\/file\/d\/1nrXa4G8PppOb93_HhjsbX1penr7tK0Z5\/view?usp=sharing\">V\u00fdsledky<\/a><\/p>\n","protected":false},"excerpt":{"rendered":"<p>V ned\u011bli 19.5.2019 se konal otev\u0159en\u00fd z\u00e1vod v chorvatsk\u00e9m Splitu. Ze z\u00e1vodn\u00edk\u016f se tu z\u00fa\u010dastnili Filip Varto\u0148, Michal Rotter spolu s tren\u00e9rkou Martinou Musilovou a asistentkou Hankou Rotterovou. Chlap\u016fm se da\u0159ilo a Michal z\u00edskal bronzovou medaili v hodu diskem s &hellip; <a href=\"https:\/\/old.atletikaolomouc.cz\/?p=12659\">Continue reading <span class=\"meta-nav\">&rarr;<\/span><\/a><\/p>\n","protected":false},"author":11,"featured_media":12661,"comment_status":"closed","ping_status":"closed","sticky":false,"template":"","format":"standard","meta":{"ngg_post_thumbnail":0},"categories":[48,6,37],"tags":[],"_links":{"self":[{"href":"https:\/\/old.atletikaolomouc.cz\/index.php?rest_route=\/wp\/v2\/posts\/12659"}],"collection":[{"href":"https:\/\/old.atletikaolomouc.cz\/index.php?rest_route=\/wp\/v2\/posts"}],"about":[{"href":"https:\/\/old.atletikaolomouc.cz\/index.php?rest_route=\/wp\/v2\/types\/post"}],"author":[{"embeddable":true,"href":"https:\/\/old.atletikaolomouc.cz\/index.php?rest_route=\/wp\/v2\/users\/11"}],"replies":[{"embeddable":true,"href":"https:\/\/old.atletikaolomouc.cz\/index.php?rest_route=%2Fwp%2Fv2%2Fcomments&post=12659"}],"version-history":[{"count":3,"href":"https:\/\/old.atletikaolomouc.cz\/index.php?rest_route=\/wp\/v2\/posts\/12659\/revisions"}],"predecessor-version":[{"id":12663,"href":"https:\/\/old.atletikaolomouc.cz\/index.php?rest_route=\/wp\/v2\/posts\/12659\/revisions\/12663"}],"wp:featuredmedia":[{"embeddable":true,"href":"https:\/\/old.atletikaolomouc.cz\/index.php?rest_route=\/wp\/v2\/media\/12661"}],"wp:attachment":[{"href":"https:\/\/old.atletikaolomouc.cz\/index.php?rest_route=%2Fwp%2Fv2%2Fmedia&parent=12659"}],"wp:term":[{"taxonomy":"category","embeddable":true,"href":"https:\/\/old.atletikaolomouc.cz\/index.php?rest_route=%2Fwp%2Fv2%2Fcategories&post=12659"},{"taxonomy":"post_tag","embeddable":true,"href":"https:\/\/old.atletikaolomouc.cz\/index.php?rest_route=%2Fwp%2Fv2%2Ftags&post=12659"}],"curies":[{"name":"wp","href":"https:\/\/api.w.org\/{rel}","templated":true}]}}