{"id":12665,"date":"2019-05-21T11:10:16","date_gmt":"2019-05-21T09:10:16","guid":{"rendered":"http:\/\/www.atletikaolomouc.cz\/?p=12665"},"modified":"2019-05-21T11:12:27","modified_gmt":"2019-05-21T09:12:27","slug":"1-kolo-krajskeho-preboru-druzstev-pripravek","status":"publish","type":"post","link":"https:\/\/old.atletikaolomouc.cz\/?p=12665","title":{"rendered":"1. kolo Krajsk\u00e9ho p\u0159eboru dru\u017estev p\u0159\u00edpravek"},"content":{"rendered":"\n<p>Ve \u010dtvrtek 16. kv\u011btna se v \u0160umperku uskute\u010dnilo 1. kolo Krajsk\u00e9ho p\u0159eboru dru\u017estev p\u0159\u00edpravek, kter\u00e9ho se z\u00fa\u010dastnilo tak\u00e9 dru\u017estvo Atletick\u00e9ho klubu Olomouc.<!--more--><strong>Zpravodaj z 1. kola<\/strong>&nbsp;<a href=\"http:\/\/www.atletikaolomouc.cz\/wp-content\/uploads\/2019\/05\/Zpravodaj-1.-kolo-KP-\u0160umperk.pdf\" target=\"_blank\" rel=\"noopener\">zde<\/a><\/p>\n<p><strong>Foto z akce<\/strong><\/p>\n<p><a href=\"http:\/\/www.atletikaolomouc.cz\/wp-content\/uploads\/2019\/05\/IMG-20190519-WA0004_resized_20190520_032305453.jpg\" target=\"_blank\" rel=\"noopener\"><img decoding=\"async\" loading=\"lazy\" class=\"alignnone size-medium wp-image-12673\" src=\"http:\/\/www.atletikaolomouc.cz\/wp-content\/uploads\/2019\/05\/IMG-20190519-WA0004_resized_20190520_032305453-226x300.jpg\" alt=\"\" width=\"226\" height=\"300\" srcset=\"https:\/\/old.atletikaolomouc.cz\/wp-content\/uploads\/2019\/05\/IMG-20190519-WA0004_resized_20190520_032305453-226x300.jpg 226w, https:\/\/old.atletikaolomouc.cz\/wp-content\/uploads\/2019\/05\/IMG-20190519-WA0004_resized_20190520_032305453-451x600.jpg 451w, https:\/\/old.atletikaolomouc.cz\/wp-content\/uploads\/2019\/05\/IMG-20190519-WA0004_resized_20190520_032305453.jpg 560w\" sizes=\"(max-width: 226px) 100vw, 226px\" \/><\/a> &nbsp;<a href=\"http:\/\/www.atletikaolomouc.cz\/wp-content\/uploads\/2019\/05\/IMG_20190516_180534_resized_20190519_094324656.jpg\" target=\"_blank\" rel=\"noopener\"><img decoding=\"async\" loading=\"lazy\" class=\"alignnone size-medium wp-image-12671\" src=\"http:\/\/www.atletikaolomouc.cz\/wp-content\/uploads\/2019\/05\/IMG_20190516_180534_resized_20190519_094324656-225x300.jpg\" alt=\"\" width=\"225\" height=\"300\" srcset=\"https:\/\/old.atletikaolomouc.cz\/wp-content\/uploads\/2019\/05\/IMG_20190516_180534_resized_20190519_094324656-225x300.jpg 225w, https:\/\/old.atletikaolomouc.cz\/wp-content\/uploads\/2019\/05\/IMG_20190516_180534_resized_20190519_094324656-768x1024.jpg 768w, https:\/\/old.atletikaolomouc.cz\/wp-content\/uploads\/2019\/05\/IMG_20190516_180534_resized_20190519_094324656-450x600.jpg 450w, https:\/\/old.atletikaolomouc.cz\/wp-content\/uploads\/2019\/05\/IMG_20190516_180534_resized_20190519_094324656.jpg 1560w\" sizes=\"(max-width: 225px) 100vw, 225px\" \/><\/a> <a href=\"http:\/\/www.atletikaolomouc.cz\/wp-content\/uploads\/2019\/05\/IMG_20190516_180007_resized_20190519_094320311.jpg\" target=\"_blank\" rel=\"noopener\"><img decoding=\"async\" loading=\"lazy\" class=\"alignnone size-medium wp-image-12670\" src=\"http:\/\/www.atletikaolomouc.cz\/wp-content\/uploads\/2019\/05\/IMG_20190516_180007_resized_20190519_094320311-225x300.jpg\" alt=\"\" width=\"225\" height=\"300\" srcset=\"https:\/\/old.atletikaolomouc.cz\/wp-content\/uploads\/2019\/05\/IMG_20190516_180007_resized_20190519_094320311-225x300.jpg 225w, https:\/\/old.atletikaolomouc.cz\/wp-content\/uploads\/2019\/05\/IMG_20190516_180007_resized_20190519_094320311-768x1024.jpg 768w, https:\/\/old.atletikaolomouc.cz\/wp-content\/uploads\/2019\/05\/IMG_20190516_180007_resized_20190519_094320311-450x600.jpg 450w, https:\/\/old.atletikaolomouc.cz\/wp-content\/uploads\/2019\/05\/IMG_20190516_180007_resized_20190519_094320311.jpg 1560w\" sizes=\"(max-width: 225px) 100vw, 225px\" \/><\/a> <a href=\"http:\/\/www.atletikaolomouc.cz\/wp-content\/uploads\/2019\/05\/IMG_20190516_175642_resized_20190519_094323262.jpg\" target=\"_blank\" rel=\"noopener\"><img decoding=\"async\" loading=\"lazy\" class=\"alignnone size-medium wp-image-12669\" src=\"http:\/\/www.atletikaolomouc.cz\/wp-content\/uploads\/2019\/05\/IMG_20190516_175642_resized_20190519_094323262-225x300.jpg\" alt=\"\" width=\"225\" height=\"300\" srcset=\"https:\/\/old.atletikaolomouc.cz\/wp-content\/uploads\/2019\/05\/IMG_20190516_175642_resized_20190519_094323262-225x300.jpg 225w, https:\/\/old.atletikaolomouc.cz\/wp-content\/uploads\/2019\/05\/IMG_20190516_175642_resized_20190519_094323262-768x1024.jpg 768w, https:\/\/old.atletikaolomouc.cz\/wp-content\/uploads\/2019\/05\/IMG_20190516_175642_resized_20190519_094323262-450x600.jpg 450w, https:\/\/old.atletikaolomouc.cz\/wp-content\/uploads\/2019\/05\/IMG_20190516_175642_resized_20190519_094323262.jpg 1560w\" sizes=\"(max-width: 225px) 100vw, 225px\" \/><\/a> <a href=\"http:\/\/www.atletikaolomouc.cz\/wp-content\/uploads\/2019\/05\/IMG_20190516_175519_resized_20190519_094321833.jpg\" target=\"_blank\" rel=\"noopener\"><img decoding=\"async\" loading=\"lazy\" class=\"alignnone size-medium wp-image-12668\" src=\"http:\/\/www.atletikaolomouc.cz\/wp-content\/uploads\/2019\/05\/IMG_20190516_175519_resized_20190519_094321833-225x300.jpg\" alt=\"\" width=\"225\" height=\"300\" srcset=\"https:\/\/old.atletikaolomouc.cz\/wp-content\/uploads\/2019\/05\/IMG_20190516_175519_resized_20190519_094321833-225x300.jpg 225w, https:\/\/old.atletikaolomouc.cz\/wp-content\/uploads\/2019\/05\/IMG_20190516_175519_resized_20190519_094321833-768x1024.jpg 768w, https:\/\/old.atletikaolomouc.cz\/wp-content\/uploads\/2019\/05\/IMG_20190516_175519_resized_20190519_094321833-450x600.jpg 450w, https:\/\/old.atletikaolomouc.cz\/wp-content\/uploads\/2019\/05\/IMG_20190516_175519_resized_20190519_094321833.jpg 1560w\" sizes=\"(max-width: 225px) 100vw, 225px\" \/><\/a><\/p>\n","protected":false},"excerpt":{"rendered":"<p>Ve \u010dtvrtek 16. kv\u011btna se v \u0160umperku uskute\u010dnilo 1. kolo Krajsk\u00e9ho p\u0159eboru dru\u017estev p\u0159\u00edpravek, kter\u00e9ho se z\u00fa\u010dastnilo tak\u00e9 dru\u017estvo Atletick\u00e9ho klubu Olomouc.<\/p>\n","protected":false},"author":14,"featured_media":12675,"comment_status":"closed","ping_status":"closed","sticky":false,"template":"","format":"standard","meta":{"ngg_post_thumbnail":0},"categories":[5,6,37,19],"tags":[],"_links":{"self":[{"href":"https:\/\/old.atletikaolomouc.cz\/index.php?rest_route=\/wp\/v2\/posts\/12665"}],"collection":[{"href":"https:\/\/old.atletikaolomouc.cz\/index.php?rest_route=\/wp\/v2\/posts"}],"about":[{"href":"https:\/\/old.atletikaolomouc.cz\/index.php?rest_route=\/wp\/v2\/types\/post"}],"author":[{"embeddable":true,"href":"https:\/\/old.atletikaolomouc.cz\/index.php?rest_route=\/wp\/v2\/users\/14"}],"replies":[{"embeddable":true,"href":"https:\/\/old.atletikaolomouc.cz\/index.php?rest_route=%2Fwp%2Fv2%2Fcomments&post=12665"}],"version-history":[{"count":6,"href":"https:\/\/old.atletikaolomouc.cz\/index.php?rest_route=\/wp\/v2\/posts\/12665\/revisions"}],"predecessor-version":[{"id":12682,"href":"https:\/\/old.atletikaolomouc.cz\/index.php?rest_route=\/wp\/v2\/posts\/12665\/revisions\/12682"}],"wp:featuredmedia":[{"embeddable":true,"href":"https:\/\/old.atletikaolomouc.cz\/index.php?rest_route=\/wp\/v2\/media\/12675"}],"wp:attachment":[{"href":"https:\/\/old.atletikaolomouc.cz\/index.php?rest_route=%2Fwp%2Fv2%2Fmedia&parent=12665"}],"wp:term":[{"taxonomy":"category","embeddable":true,"href":"https:\/\/old.atletikaolomouc.cz\/index.php?rest_route=%2Fwp%2Fv2%2Fcategories&post=12665"},{"taxonomy":"post_tag","embeddable":true,"href":"https:\/\/old.atletikaolomouc.cz\/index.php?rest_route=%2Fwp%2Fv2%2Ftags&post=12665"}],"curies":[{"name":"wp","href":"https:\/\/api.w.org\/{rel}","templated":true}]}}