{"id":12683,"date":"2019-05-22T12:57:50","date_gmt":"2019-05-22T10:57:50","guid":{"rendered":"http:\/\/www.atletikaolomouc.cz\/?p=12683"},"modified":"2019-05-27T09:33:05","modified_gmt":"2019-05-27T07:33:05","slug":"zruseno-detska-zlata-liga","status":"publish","type":"post","link":"https:\/\/old.atletikaolomouc.cz\/?p=12683","title":{"rendered":"!!!ZRU\u0160ENO &#8211; d\u011btsk\u00e1 Zlat\u00e1 liga !!!"},"content":{"rendered":"\n<p style=\"text-align: justify;\">Na z\u00e1klad\u011b sou\u010dasn\u00e9ho stavu a nep\u0159\u00edzniv\u00e9 p\u0159edpov\u011bdi po\u010das\u00ed na dne\u0161n\u00ed odpoledne se organiza\u010dn\u00ed v\u00fdbor D\u011btsk\u00e9 Zlat\u00e9 ligy rozhodl, \u017ee dne\u0161n\u00ed 2. kolo bude&nbsp;<strong>ZRU\u0160ENO<\/strong>.<\/p>\n<p style=\"text-align: justify;\"><!--more--><\/p>\n<p style=\"text-align: justify;\">Na nov\u00e9m mokr\u00e9m povrchu nejsme schopni zajistit bezpe\u010dnost a zdrav\u00ed z\u00e1vodn\u00edk\u016f. N\u00e1hradn\u00ed term\u00edn nejsme schopni kv\u016fli vyt\u00ed\u017eenosti stadionu uspo\u0159\u00e1dat, proto se s V\u00e1mi r\u00e1di uvid\u00edme na fin\u00e1le, kter\u00e9 prob\u011bhne ve st\u0159edu 12.6.2019.<\/p>\n<p style=\"text-align: justify;\">Je\u0161t\u011b jednou se omlouv\u00e1me za pozdn\u00ed informaci, \u010dekali jsme do posledn\u00ed chv\u00edle, jak bude po\u010das\u00ed vypadat.<\/p>\n<p style=\"text-align: justify;\">D\u011bkujeme za pochopen\u00ed.<\/p>\n","protected":false},"excerpt":{"rendered":"<p>Na z\u00e1klad\u011b sou\u010dasn\u00e9ho stavu a nep\u0159\u00edzniv\u00e9 p\u0159edpov\u011bdi po\u010das\u00ed na dne\u0161n\u00ed odpoledne se organiza\u010dn\u00ed v\u00fdbor D\u011btsk\u00e9 Zlat\u00e9 ligy rozhodl, \u017ee dne\u0161n\u00ed 2. kolo bude&nbsp;ZRU\u0160ENO.<\/p>\n","protected":false},"author":4,"featured_media":12305,"comment_status":"closed","ping_status":"closed","sticky":false,"template":"","format":"standard","meta":{"ngg_post_thumbnail":0},"categories":[5,19],"tags":[],"_links":{"self":[{"href":"https:\/\/old.atletikaolomouc.cz\/index.php?rest_route=\/wp\/v2\/posts\/12683"}],"collection":[{"href":"https:\/\/old.atletikaolomouc.cz\/index.php?rest_route=\/wp\/v2\/posts"}],"about":[{"href":"https:\/\/old.atletikaolomouc.cz\/index.php?rest_route=\/wp\/v2\/types\/post"}],"author":[{"embeddable":true,"href":"https:\/\/old.atletikaolomouc.cz\/index.php?rest_route=\/wp\/v2\/users\/4"}],"replies":[{"embeddable":true,"href":"https:\/\/old.atletikaolomouc.cz\/index.php?rest_route=%2Fwp%2Fv2%2Fcomments&post=12683"}],"version-history":[{"count":1,"href":"https:\/\/old.atletikaolomouc.cz\/index.php?rest_route=\/wp\/v2\/posts\/12683\/revisions"}],"predecessor-version":[{"id":12684,"href":"https:\/\/old.atletikaolomouc.cz\/index.php?rest_route=\/wp\/v2\/posts\/12683\/revisions\/12684"}],"wp:featuredmedia":[{"embeddable":true,"href":"https:\/\/old.atletikaolomouc.cz\/index.php?rest_route=\/wp\/v2\/media\/12305"}],"wp:attachment":[{"href":"https:\/\/old.atletikaolomouc.cz\/index.php?rest_route=%2Fwp%2Fv2%2Fmedia&parent=12683"}],"wp:term":[{"taxonomy":"category","embeddable":true,"href":"https:\/\/old.atletikaolomouc.cz\/index.php?rest_route=%2Fwp%2Fv2%2Fcategories&post=12683"},{"taxonomy":"post_tag","embeddable":true,"href":"https:\/\/old.atletikaolomouc.cz\/index.php?rest_route=%2Fwp%2Fv2%2Ftags&post=12683"}],"curies":[{"name":"wp","href":"https:\/\/api.w.org\/{rel}","templated":true}]}}