{"id":12742,"date":"2019-05-27T19:39:30","date_gmt":"2019-05-27T17:39:30","guid":{"rendered":"http:\/\/www.atletikaolomouc.cz\/?p=12742"},"modified":"2019-06-05T13:03:50","modified_gmt":"2019-06-05T11:03:50","slug":"2-kolo-mas-druzstev-dorostu-a-junioru-gigant","status":"publish","type":"post","link":"https:\/\/old.atletikaolomouc.cz\/?p=12742","title":{"rendered":"2. kolo MaS dru\u017estev dorostu a junior\u016f &#8211; Gigant"},"content":{"rendered":"\n<p>V sobotu 25. kv\u011btna 2019 se na olomouck\u00e9 stadionu konalo<strong> 2. kolo sout\u011b\u017ee dru\u017estev dorostu a junior\u016f.<\/strong><!--more--><\/p>\n<p>Z\u00e1vod dorostenc\u016f suver\u00e9nn\u011b <strong>ovl\u00e1dli dom\u00e1c\u00ed atleti<\/strong> s celkov\u00fdm ziskem 218 bod\u016f a s n\u00e1skokem 84 bod\u016f p\u0159ed druh\u00fdmi V\u00edtkovicemi. Nejl\u00e9pe boduj\u00edc\u00edm dorostencem se stal <strong>Vojt\u011bch Hor\u00e1k.<\/strong><\/p>\n<p>Olomouck\u00e9 <strong>dorostenky vybojovali p\u011bkn\u00e9 3. m\u00edsto.<\/strong> Velkou z\u00e1sluhu na tom m\u011bli hlavn\u011b sprinterky <strong>Eva Kub\u00ed\u010dkov\u00e1 a Lucie Mi\u010dunkov\u00e1<\/strong>, kter\u00e1 vytvo\u0159ila v b\u011bhu na 100 m <strong>nov\u00fd odd\u00edlov\u00fd rekord dorostenek 12.03 s.<\/strong>&nbsp;<\/p>\n<p>Dru\u017estvo junior\u016f skon\u010dilo na <strong>celkov\u00e9m 2. m\u00edst\u011b<\/strong> s 207 body a to jen o 9 bod\u016f za prvn\u00edm TJ Sokolem Opava. Nejl\u00e9pe boduj\u00edc\u00edm juniorem byl vrha\u010d <strong>Jakub H\u00e9\u017ea<\/strong>, kter\u00fd si zlep\u0161il sv\u016fj osobn\u00ed rekord ve vrhu koul\u00ed na <strong>18.41 m.<\/strong><\/p>\n<p><strong>Kompletn\u00ed v\u00fdsledky<\/strong> <a href=\"https:\/\/online.atletika.cz\/vysledky\/39974\/\" target=\"_blank\" rel=\"noopener\">zde<\/a><\/p>\n<p><strong>Zpravodaje:<\/strong><\/p>\n<p><a href=\"http:\/\/www.atletikaolomouc.cz\/wp-content\/uploads\/2019\/05\/2019_zpravodaj-2.-kolo-dorostenci-1.pdf\" target=\"_blank\" rel=\"noopener\">Dru\u017estvo dorostenc\u016f<\/a><\/p>\n<p><a href=\"http:\/\/www.atletikaolomouc.cz\/wp-content\/uploads\/2019\/05\/2019-Zpravodaj-po-2.-kole_dorostenky.pdf\" target=\"_blank\" rel=\"noopener\">Dru\u017estvo dorostenek<\/a><\/p>\n<p><a href=\"http:\/\/www.atletikaolomouc.cz\/wp-content\/uploads\/2019\/06\/Zpravodaj-po-2_kole_junioru.pdf\" target=\"_blank\" rel=\"noopener\">Dru\u017estvo junior\u016f<\/a><\/p>\n<p><strong>Foto z akce:<\/strong><\/p>\n<p><a href=\"http:\/\/www.atletikaolomouc.cz\/wp-content\/uploads\/2019\/05\/DSC_0237.jpg\" target=\"_blank\" rel=\"noopener\"><img decoding=\"async\" loading=\"lazy\" class=\"alignnone size-medium wp-image-12756\" src=\"http:\/\/www.atletikaolomouc.cz\/wp-content\/uploads\/2019\/05\/DSC_0237-300x200.jpg\" alt=\"\" width=\"300\" height=\"200\" srcset=\"https:\/\/old.atletikaolomouc.cz\/wp-content\/uploads\/2019\/05\/DSC_0237-300x200.jpg 300w, https:\/\/old.atletikaolomouc.cz\/wp-content\/uploads\/2019\/05\/DSC_0237-768x512.jpg 768w, https:\/\/old.atletikaolomouc.cz\/wp-content\/uploads\/2019\/05\/DSC_0237-800x534.jpg 800w, https:\/\/old.atletikaolomouc.cz\/wp-content\/uploads\/2019\/05\/DSC_0237-385x258.jpg 385w, https:\/\/old.atletikaolomouc.cz\/wp-content\/uploads\/2019\/05\/DSC_0237.jpg 1024w\" sizes=\"(max-width: 300px) 100vw, 300px\" \/><\/a> <a href=\"http:\/\/www.atletikaolomouc.cz\/wp-content\/uploads\/2019\/05\/DSC_0254.jpg\" target=\"_blank\" rel=\"noopener\"><img decoding=\"async\" loading=\"lazy\" class=\"alignnone size-medium wp-image-12755\" src=\"http:\/\/www.atletikaolomouc.cz\/wp-content\/uploads\/2019\/05\/DSC_0254-300x200.jpg\" alt=\"\" width=\"300\" height=\"200\" srcset=\"https:\/\/old.atletikaolomouc.cz\/wp-content\/uploads\/2019\/05\/DSC_0254-300x200.jpg 300w, https:\/\/old.atletikaolomouc.cz\/wp-content\/uploads\/2019\/05\/DSC_0254-768x512.jpg 768w, https:\/\/old.atletikaolomouc.cz\/wp-content\/uploads\/2019\/05\/DSC_0254-800x534.jpg 800w, https:\/\/old.atletikaolomouc.cz\/wp-content\/uploads\/2019\/05\/DSC_0254-385x258.jpg 385w, https:\/\/old.atletikaolomouc.cz\/wp-content\/uploads\/2019\/05\/DSC_0254.jpg 1024w\" sizes=\"(max-width: 300px) 100vw, 300px\" \/><\/a><a href=\"http:\/\/www.atletikaolomouc.cz\/wp-content\/uploads\/2019\/05\/DSC_0258.jpg\" target=\"_blank\" rel=\"noopener\"><img decoding=\"async\" loading=\"lazy\" class=\"alignnone size-medium wp-image-12754\" src=\"http:\/\/www.atletikaolomouc.cz\/wp-content\/uploads\/2019\/05\/DSC_0258-300x200.jpg\" alt=\"\" width=\"300\" height=\"200\" srcset=\"https:\/\/old.atletikaolomouc.cz\/wp-content\/uploads\/2019\/05\/DSC_0258-300x200.jpg 300w, https:\/\/old.atletikaolomouc.cz\/wp-content\/uploads\/2019\/05\/DSC_0258-768x512.jpg 768w, https:\/\/old.atletikaolomouc.cz\/wp-content\/uploads\/2019\/05\/DSC_0258-800x534.jpg 800w, https:\/\/old.atletikaolomouc.cz\/wp-content\/uploads\/2019\/05\/DSC_0258-385x258.jpg 385w, https:\/\/old.atletikaolomouc.cz\/wp-content\/uploads\/2019\/05\/DSC_0258.jpg 1024w\" sizes=\"(max-width: 300px) 100vw, 300px\" \/><\/a> <a href=\"http:\/\/www.atletikaolomouc.cz\/wp-content\/uploads\/2019\/05\/DSC_0266.jpg\" target=\"_blank\" rel=\"noopener\"><img decoding=\"async\" loading=\"lazy\" class=\"alignnone size-medium wp-image-12753\" src=\"http:\/\/www.atletikaolomouc.cz\/wp-content\/uploads\/2019\/05\/DSC_0266-300x200.jpg\" alt=\"\" width=\"300\" height=\"200\" srcset=\"https:\/\/old.atletikaolomouc.cz\/wp-content\/uploads\/2019\/05\/DSC_0266-300x200.jpg 300w, https:\/\/old.atletikaolomouc.cz\/wp-content\/uploads\/2019\/05\/DSC_0266-768x512.jpg 768w, https:\/\/old.atletikaolomouc.cz\/wp-content\/uploads\/2019\/05\/DSC_0266-800x534.jpg 800w, https:\/\/old.atletikaolomouc.cz\/wp-content\/uploads\/2019\/05\/DSC_0266-385x258.jpg 385w, https:\/\/old.atletikaolomouc.cz\/wp-content\/uploads\/2019\/05\/DSC_0266.jpg 1024w\" sizes=\"(max-width: 300px) 100vw, 300px\" \/><\/a><a href=\"http:\/\/www.atletikaolomouc.cz\/wp-content\/uploads\/2019\/05\/DSC_0283.jpg\" target=\"_blank\" rel=\"noopener\"><img decoding=\"async\" loading=\"lazy\" class=\"alignnone size-medium wp-image-12752\" src=\"http:\/\/www.atletikaolomouc.cz\/wp-content\/uploads\/2019\/05\/DSC_0283-300x200.jpg\" alt=\"\" width=\"300\" height=\"200\" srcset=\"https:\/\/old.atletikaolomouc.cz\/wp-content\/uploads\/2019\/05\/DSC_0283-300x200.jpg 300w, https:\/\/old.atletikaolomouc.cz\/wp-content\/uploads\/2019\/05\/DSC_0283-768x512.jpg 768w, https:\/\/old.atletikaolomouc.cz\/wp-content\/uploads\/2019\/05\/DSC_0283-800x534.jpg 800w, https:\/\/old.atletikaolomouc.cz\/wp-content\/uploads\/2019\/05\/DSC_0283-385x258.jpg 385w, https:\/\/old.atletikaolomouc.cz\/wp-content\/uploads\/2019\/05\/DSC_0283.jpg 1024w\" sizes=\"(max-width: 300px) 100vw, 300px\" \/>&nbsp;<\/a><a href=\"http:\/\/www.atletikaolomouc.cz\/wp-content\/uploads\/2019\/05\/DSC_0359.jpg\" target=\"_blank\" rel=\"noopener\"><img decoding=\"async\" loading=\"lazy\" class=\"alignnone size-medium wp-image-12751\" src=\"http:\/\/www.atletikaolomouc.cz\/wp-content\/uploads\/2019\/05\/DSC_0359-300x200.jpg\" alt=\"\" width=\"300\" height=\"200\" srcset=\"https:\/\/old.atletikaolomouc.cz\/wp-content\/uploads\/2019\/05\/DSC_0359-300x200.jpg 300w, https:\/\/old.atletikaolomouc.cz\/wp-content\/uploads\/2019\/05\/DSC_0359-768x512.jpg 768w, https:\/\/old.atletikaolomouc.cz\/wp-content\/uploads\/2019\/05\/DSC_0359-800x534.jpg 800w, https:\/\/old.atletikaolomouc.cz\/wp-content\/uploads\/2019\/05\/DSC_0359-385x258.jpg 385w, https:\/\/old.atletikaolomouc.cz\/wp-content\/uploads\/2019\/05\/DSC_0359.jpg 1024w\" sizes=\"(max-width: 300px) 100vw, 300px\" \/><\/a><\/p>\n","protected":false},"excerpt":{"rendered":"<p>V sobotu 25. kv\u011btna 2019 se na olomouck\u00e9 stadionu konalo 2. kolo sout\u011b\u017ee dru\u017estev dorostu a junior\u016f.<\/p>\n","protected":false},"author":14,"featured_media":12757,"comment_status":"closed","ping_status":"closed","sticky":false,"template":"","format":"standard","meta":{"ngg_post_thumbnail":0},"categories":[5,6,37],"tags":[],"_links":{"self":[{"href":"https:\/\/old.atletikaolomouc.cz\/index.php?rest_route=\/wp\/v2\/posts\/12742"}],"collection":[{"href":"https:\/\/old.atletikaolomouc.cz\/index.php?rest_route=\/wp\/v2\/posts"}],"about":[{"href":"https:\/\/old.atletikaolomouc.cz\/index.php?rest_route=\/wp\/v2\/types\/post"}],"author":[{"embeddable":true,"href":"https:\/\/old.atletikaolomouc.cz\/index.php?rest_route=\/wp\/v2\/users\/14"}],"replies":[{"embeddable":true,"href":"https:\/\/old.atletikaolomouc.cz\/index.php?rest_route=%2Fwp%2Fv2%2Fcomments&post=12742"}],"version-history":[{"count":9,"href":"https:\/\/old.atletikaolomouc.cz\/index.php?rest_route=\/wp\/v2\/posts\/12742\/revisions"}],"predecessor-version":[{"id":12863,"href":"https:\/\/old.atletikaolomouc.cz\/index.php?rest_route=\/wp\/v2\/posts\/12742\/revisions\/12863"}],"wp:featuredmedia":[{"embeddable":true,"href":"https:\/\/old.atletikaolomouc.cz\/index.php?rest_route=\/wp\/v2\/media\/12757"}],"wp:attachment":[{"href":"https:\/\/old.atletikaolomouc.cz\/index.php?rest_route=%2Fwp%2Fv2%2Fmedia&parent=12742"}],"wp:term":[{"taxonomy":"category","embeddable":true,"href":"https:\/\/old.atletikaolomouc.cz\/index.php?rest_route=%2Fwp%2Fv2%2Fcategories&post=12742"},{"taxonomy":"post_tag","embeddable":true,"href":"https:\/\/old.atletikaolomouc.cz\/index.php?rest_route=%2Fwp%2Fv2%2Ftags&post=12742"}],"curies":[{"name":"wp","href":"https:\/\/api.w.org\/{rel}","templated":true}]}}