{"id":12763,"date":"2019-05-29T09:57:59","date_gmt":"2019-05-29T07:57:59","guid":{"rendered":"http:\/\/www.atletikaolomouc.cz\/?p=12763"},"modified":"2019-05-29T09:58:03","modified_gmt":"2019-05-29T07:58:03","slug":"zavody-atleticke-skolky-8","status":"publish","type":"post","link":"https:\/\/old.atletikaolomouc.cz\/?p=12763","title":{"rendered":"Z\u00e1vody atletick\u00e9 \u0161kolky"},"content":{"rendered":"\n<p>Ve st\u0159edu&nbsp;<b>5.6. 2019<\/b>&nbsp;se na na\u0161em stadionu uskute\u010dn\u00ed dal\u0161\u00ed&nbsp;<b>Z\u00e1vod atletick\u00fdch \u0161koli\u010dek<\/b>. Z\u00e1vod je ur\u010den pro d\u011bti z na\u0161ich p\u0159\u00edpravek ro\u010dn\u00edk\u016f <strong>2013 &#8211; 2014.<\/strong><\/p>\n<p>Upozor\u0148ujeme, \u017ee <strong>tr\u00e9nink atletick\u00fdch \u0161koli\u010dek se<\/strong> v tento den <strong>nekon\u00e1!<\/strong><\/p>\n<p><strong>Propozice<\/strong> <a href=\"http:\/\/www.atletikaolomouc.cz\/wp-content\/uploads\/2019\/05\/Z\u00e1vod-atletick\u00e9-\u0161koli\u010dky-II..pdf\" target=\"_blank\" rel=\"noopener\">zde<\/a><\/p>\n","protected":false},"excerpt":{"rendered":"<p>Ve st\u0159edu&nbsp;5.6. 2019&nbsp;se na na\u0161em stadionu uskute\u010dn\u00ed dal\u0161\u00ed&nbsp;Z\u00e1vod atletick\u00fdch \u0161koli\u010dek. Z\u00e1vod je ur\u010den pro d\u011bti z na\u0161ich p\u0159\u00edpravek ro\u010dn\u00edk\u016f 2013 &#8211; 2014. Upozor\u0148ujeme, \u017ee tr\u00e9nink atletick\u00fdch \u0161koli\u010dek se v tento den nekon\u00e1! Propozice zde<\/p>\n","protected":false},"author":14,"featured_media":0,"comment_status":"closed","ping_status":"closed","sticky":false,"template":"","format":"standard","meta":{"ngg_post_thumbnail":0},"categories":[5,6,19],"tags":[],"_links":{"self":[{"href":"https:\/\/old.atletikaolomouc.cz\/index.php?rest_route=\/wp\/v2\/posts\/12763"}],"collection":[{"href":"https:\/\/old.atletikaolomouc.cz\/index.php?rest_route=\/wp\/v2\/posts"}],"about":[{"href":"https:\/\/old.atletikaolomouc.cz\/index.php?rest_route=\/wp\/v2\/types\/post"}],"author":[{"embeddable":true,"href":"https:\/\/old.atletikaolomouc.cz\/index.php?rest_route=\/wp\/v2\/users\/14"}],"replies":[{"embeddable":true,"href":"https:\/\/old.atletikaolomouc.cz\/index.php?rest_route=%2Fwp%2Fv2%2Fcomments&post=12763"}],"version-history":[{"count":1,"href":"https:\/\/old.atletikaolomouc.cz\/index.php?rest_route=\/wp\/v2\/posts\/12763\/revisions"}],"predecessor-version":[{"id":12765,"href":"https:\/\/old.atletikaolomouc.cz\/index.php?rest_route=\/wp\/v2\/posts\/12763\/revisions\/12765"}],"wp:attachment":[{"href":"https:\/\/old.atletikaolomouc.cz\/index.php?rest_route=%2Fwp%2Fv2%2Fmedia&parent=12763"}],"wp:term":[{"taxonomy":"category","embeddable":true,"href":"https:\/\/old.atletikaolomouc.cz\/index.php?rest_route=%2Fwp%2Fv2%2Fcategories&post=12763"},{"taxonomy":"post_tag","embeddable":true,"href":"https:\/\/old.atletikaolomouc.cz\/index.php?rest_route=%2Fwp%2Fv2%2Ftags&post=12763"}],"curies":[{"name":"wp","href":"https:\/\/api.w.org\/{rel}","templated":true}]}}