{"id":12821,"date":"2019-06-04T12:17:57","date_gmt":"2019-06-04T10:17:57","guid":{"rendered":"http:\/\/www.atletikaolomouc.cz\/?p=12821"},"modified":"2019-06-05T06:37:27","modified_gmt":"2019-06-05T04:37:27","slug":"jonas-pospisil-stribrny-na-mistrovstvi-cr-ve-vicebojich","status":"publish","type":"post","link":"https:\/\/old.atletikaolomouc.cz\/?p=12821","title":{"rendered":"Jon\u00e1\u0161 Posp\u00ed\u0161il st\u0159\u00edbrn\u00fd na Mistrovstv\u00ed \u010cR ve v\u00edceboj\u00edch"},"content":{"rendered":"\n<p><strong>O v\u00edkendu 1. &#8211; 2. \u010dervna<\/strong> prob\u011bhlo ve Zl\u00edn\u011b <strong>Mistrovstv\u00ed \u010cesk\u00e9 republiky ve v\u00edceboj\u00edch.<\/strong> Z\u00e1vod\u016f se z\u00fa\u010dastnili tak\u00e9 olomou\u010dt\u00ed atleti Filip Samuel, Michaela Gieselov\u00e1 a Jon\u00e1\u0161 Posp\u00ed\u0161il.<!--more--><!--more--><\/p>\n<p>Nejl\u00e9pe si z na\u0161ich z\u00e1vodn\u00edk\u016f vedl pr\u00e1v\u011b <strong>Jon\u00e1\u0161 Posp\u00ed\u0161il<\/strong>, kter\u00fd v juniorsk\u00e9m desetiboji <strong>vybojoval st\u0159\u00edbrnou medaili<\/strong>, celkov\u00fdm ziskem <strong>6263 bod\u016f.<\/strong> Z jednotliv\u00fdch discipl\u00edn zv\u00edt\u011bzil ve skoku vysok\u00e9m (2,02 m), v b\u011bhu na 400 m (50,99 s) a v b\u011bhu na 1500 m (4:44,82 min) a v dal\u0161\u00edch <strong>\u010dty\u0159ech discipl\u00edn\u00e1ch<\/strong> si pak<strong> zlep\u0161il sv\u00e1 osobn\u00ed maxima<\/strong>. Ve skoku o ty\u010di p\u0159ekonal rovn\u00e9 \u010dty\u0159i metry, diskem hodil 26,37 m, o\u0161t\u011bp poslal do vzd\u00e1lenosti 40,82 m a koul\u00ed vrhnul 11,23 m.&nbsp;<\/p>\n<p><strong>Filip Samuel<\/strong> skon\u010dil v mu\u017esk\u00e9 kategorii na 9. m\u00edst\u011b se ziskem <strong>6512 bod\u016f<\/strong> a vytvo\u0159il si tak v desetiboji <strong>nov\u00fd osobn\u00ed rekord<\/strong>.<\/p>\n<p><strong>Michaela Gieselov\u00e1<\/strong> dos\u00e1hla mezi \u017eenami na 8. p\u0159\u00ed\u010dku ziskem 4723 bod\u016f.<\/p>\n<p><strong>Kompletn\u00ed v\u00fdsledky <a href=\"https:\/\/online.atletika.cz\/vysledky\/36416\" target=\"_blank\" rel=\"noopener\">zde<\/a><\/strong><\/p>\n","protected":false},"excerpt":{"rendered":"<p>O v\u00edkendu 1. &#8211; 2. \u010dervna prob\u011bhlo ve Zl\u00edn\u011b Mistrovstv\u00ed \u010cesk\u00e9 republiky ve v\u00edceboj\u00edch. Z\u00e1vod\u016f se z\u00fa\u010dastnili tak\u00e9 olomou\u010dt\u00ed atleti Filip Samuel, Michaela Gieselov\u00e1 a Jon\u00e1\u0161 Posp\u00ed\u0161il.<\/p>\n","protected":false},"author":14,"featured_media":12825,"comment_status":"closed","ping_status":"closed","sticky":false,"template":"","format":"standard","meta":{"ngg_post_thumbnail":0},"categories":[5,6,37],"tags":[],"_links":{"self":[{"href":"https:\/\/old.atletikaolomouc.cz\/index.php?rest_route=\/wp\/v2\/posts\/12821"}],"collection":[{"href":"https:\/\/old.atletikaolomouc.cz\/index.php?rest_route=\/wp\/v2\/posts"}],"about":[{"href":"https:\/\/old.atletikaolomouc.cz\/index.php?rest_route=\/wp\/v2\/types\/post"}],"author":[{"embeddable":true,"href":"https:\/\/old.atletikaolomouc.cz\/index.php?rest_route=\/wp\/v2\/users\/14"}],"replies":[{"embeddable":true,"href":"https:\/\/old.atletikaolomouc.cz\/index.php?rest_route=%2Fwp%2Fv2%2Fcomments&post=12821"}],"version-history":[{"count":2,"href":"https:\/\/old.atletikaolomouc.cz\/index.php?rest_route=\/wp\/v2\/posts\/12821\/revisions"}],"predecessor-version":[{"id":12827,"href":"https:\/\/old.atletikaolomouc.cz\/index.php?rest_route=\/wp\/v2\/posts\/12821\/revisions\/12827"}],"wp:featuredmedia":[{"embeddable":true,"href":"https:\/\/old.atletikaolomouc.cz\/index.php?rest_route=\/wp\/v2\/media\/12825"}],"wp:attachment":[{"href":"https:\/\/old.atletikaolomouc.cz\/index.php?rest_route=%2Fwp%2Fv2%2Fmedia&parent=12821"}],"wp:term":[{"taxonomy":"category","embeddable":true,"href":"https:\/\/old.atletikaolomouc.cz\/index.php?rest_route=%2Fwp%2Fv2%2Fcategories&post=12821"},{"taxonomy":"post_tag","embeddable":true,"href":"https:\/\/old.atletikaolomouc.cz\/index.php?rest_route=%2Fwp%2Fv2%2Ftags&post=12821"}],"curies":[{"name":"wp","href":"https:\/\/api.w.org\/{rel}","templated":true}]}}