{"id":12849,"date":"2019-06-05T09:31:33","date_gmt":"2019-06-05T07:31:33","guid":{"rendered":"http:\/\/www.atletikaolomouc.cz\/?p=12849"},"modified":"2019-06-05T09:31:36","modified_gmt":"2019-06-05T07:31:36","slug":"jakub-heza-privezl-z-nemeckeho-halle-bronz","status":"publish","type":"post","link":"https:\/\/old.atletikaolomouc.cz\/?p=12849","title":{"rendered":"Jakub H\u00e9\u017ea p\u0159ivezl z n\u011bmeck\u00e9ho Halle bronz"},"content":{"rendered":"\n<p><span style=\"font-weight: 400;\">Koula\u0159 Jakub H\u00e9\u017ea zav\u00edtal o v\u00edkendu na mezin\u00e1rodn\u00ed m\u00edtink do n\u011bmeck\u00e9ho Halle.<\/span><!--more-->Kuba se moment\u00e1ln\u011b t\u011b\u0161\u00ed skv\u011bl\u00e9 form\u011b. M\u00e1 spln\u011bn\u00fd limit na Mistrovstv\u00ed Evropy a minul\u00fd v\u00edkend si na dom\u00e1c\u00edm stadionu vylep\u0161il osobn\u00ed maximum na 18,41 m. V Halle bojoval s men\u0161\u00ed bolest\u00ed kolene, ale i p\u0159es tuto nep\u0159\u00edjemnost vrhnul p\u011bkn\u00fdch 18,32 m a p\u0159ivezl dom\u016f bronzovou medaili.<\/p>\n<p><img decoding=\"async\" loading=\"lazy\" class=\"wp-image-12851 size-full aligncenter\" src=\"http:\/\/www.atletikaolomouc.cz\/wp-content\/uploads\/2019\/06\/h\u00e9\u017ea2.jpg\" alt=\"\" width=\"1080\" height=\"1616\" srcset=\"https:\/\/old.atletikaolomouc.cz\/wp-content\/uploads\/2019\/06\/h\u00e9\u017ea2.jpg 1080w, https:\/\/old.atletikaolomouc.cz\/wp-content\/uploads\/2019\/06\/h\u00e9\u017ea2-200x300.jpg 200w, https:\/\/old.atletikaolomouc.cz\/wp-content\/uploads\/2019\/06\/h\u00e9\u017ea2-768x1149.jpg 768w, https:\/\/old.atletikaolomouc.cz\/wp-content\/uploads\/2019\/06\/h\u00e9\u017ea2-401x600.jpg 401w\" sizes=\"(max-width: 1080px) 100vw, 1080px\" \/><\/p>\n","protected":false},"excerpt":{"rendered":"<p>Koula\u0159 Jakub H\u00e9\u017ea zav\u00edtal o v\u00edkendu na mezin\u00e1rodn\u00ed m\u00edtink do n\u011bmeck\u00e9ho Halle.<\/p>\n","protected":false},"author":14,"featured_media":12850,"comment_status":"closed","ping_status":"closed","sticky":false,"template":"","format":"standard","meta":{"ngg_post_thumbnail":0},"categories":[5,6,37],"tags":[],"_links":{"self":[{"href":"https:\/\/old.atletikaolomouc.cz\/index.php?rest_route=\/wp\/v2\/posts\/12849"}],"collection":[{"href":"https:\/\/old.atletikaolomouc.cz\/index.php?rest_route=\/wp\/v2\/posts"}],"about":[{"href":"https:\/\/old.atletikaolomouc.cz\/index.php?rest_route=\/wp\/v2\/types\/post"}],"author":[{"embeddable":true,"href":"https:\/\/old.atletikaolomouc.cz\/index.php?rest_route=\/wp\/v2\/users\/14"}],"replies":[{"embeddable":true,"href":"https:\/\/old.atletikaolomouc.cz\/index.php?rest_route=%2Fwp%2Fv2%2Fcomments&post=12849"}],"version-history":[{"count":5,"href":"https:\/\/old.atletikaolomouc.cz\/index.php?rest_route=\/wp\/v2\/posts\/12849\/revisions"}],"predecessor-version":[{"id":12859,"href":"https:\/\/old.atletikaolomouc.cz\/index.php?rest_route=\/wp\/v2\/posts\/12849\/revisions\/12859"}],"wp:featuredmedia":[{"embeddable":true,"href":"https:\/\/old.atletikaolomouc.cz\/index.php?rest_route=\/wp\/v2\/media\/12850"}],"wp:attachment":[{"href":"https:\/\/old.atletikaolomouc.cz\/index.php?rest_route=%2Fwp%2Fv2%2Fmedia&parent=12849"}],"wp:term":[{"taxonomy":"category","embeddable":true,"href":"https:\/\/old.atletikaolomouc.cz\/index.php?rest_route=%2Fwp%2Fv2%2Fcategories&post=12849"},{"taxonomy":"post_tag","embeddable":true,"href":"https:\/\/old.atletikaolomouc.cz\/index.php?rest_route=%2Fwp%2Fv2%2Ftags&post=12849"}],"curies":[{"name":"wp","href":"https:\/\/api.w.org\/{rel}","templated":true}]}}