{"id":13013,"date":"2019-06-19T06:48:13","date_gmt":"2019-06-19T04:48:13","guid":{"rendered":"http:\/\/www.atletikaolomouc.cz\/?p=13013"},"modified":"2019-06-19T06:48:16","modified_gmt":"2019-06-19T04:48:16","slug":"zakonceni-atletickych-pripravek","status":"publish","type":"post","link":"https:\/\/old.atletikaolomouc.cz\/?p=13013","title":{"rendered":"Zakon\u010den\u00ed atletick\u00fdch p\u0159\u00edpravek"},"content":{"rendered":"\n<p>V\u00e1\u017een\u00ed rodi\u010de,<\/p>\n<div class=\"m_4037274950291407992moz-forward-container\">\n<p>r\u00e1di bychom V\u00e1m ozn\u00e1mili, \u017ee&nbsp;<b>tr\u00e9ninky atletick\u00fdch p\u0159\u00edpravek ukon\u010dujeme k&nbsp;p\u00e1tku 21.6.2019.<\/b>&nbsp;V posledn\u00edm t\u00fddnu (24. &#8211; 28.6.) ji\u017e tr\u00e9ninky atletick\u00fdch p\u0159\u00edpravek (v\u010detn\u011b \u0161koli\u010dek) prob\u00edhat nebudou. T\u011b\u0161\u00edme se na V\u00e1s op\u011bt p\u0159\u00ed\u0161t\u00ed rok.<\/p>\n<p>Do p\u0159\u00edpravek se budete moci zase <strong>p\u0159ihla\u0161ovat p\u0159es na\u0161e str\u00e1nky a to od<\/strong>&nbsp;<b>1. \u010dervence 2019<\/b>.&nbsp;<\/p>\n<\/div>\n","protected":false},"excerpt":{"rendered":"<p>V\u00e1\u017een\u00ed rodi\u010de, r\u00e1di bychom V\u00e1m ozn\u00e1mili, \u017ee&nbsp;tr\u00e9ninky atletick\u00fdch p\u0159\u00edpravek ukon\u010dujeme k&nbsp;p\u00e1tku 21.6.2019.&nbsp;V posledn\u00edm t\u00fddnu (24. &#8211; 28.6.) ji\u017e tr\u00e9ninky atletick\u00fdch p\u0159\u00edpravek (v\u010detn\u011b \u0161koli\u010dek) prob\u00edhat nebudou. T\u011b\u0161\u00edme se na V\u00e1s op\u011bt p\u0159\u00ed\u0161t\u00ed rok. Do p\u0159\u00edpravek se budete moci zase p\u0159ihla\u0161ovat p\u0159es &hellip; <a href=\"https:\/\/old.atletikaolomouc.cz\/?p=13013\">Continue reading <span class=\"meta-nav\">&rarr;<\/span><\/a><\/p>\n","protected":false},"author":14,"featured_media":0,"comment_status":"closed","ping_status":"closed","sticky":false,"template":"","format":"standard","meta":{"ngg_post_thumbnail":0},"categories":[5,6,19],"tags":[],"_links":{"self":[{"href":"https:\/\/old.atletikaolomouc.cz\/index.php?rest_route=\/wp\/v2\/posts\/13013"}],"collection":[{"href":"https:\/\/old.atletikaolomouc.cz\/index.php?rest_route=\/wp\/v2\/posts"}],"about":[{"href":"https:\/\/old.atletikaolomouc.cz\/index.php?rest_route=\/wp\/v2\/types\/post"}],"author":[{"embeddable":true,"href":"https:\/\/old.atletikaolomouc.cz\/index.php?rest_route=\/wp\/v2\/users\/14"}],"replies":[{"embeddable":true,"href":"https:\/\/old.atletikaolomouc.cz\/index.php?rest_route=%2Fwp%2Fv2%2Fcomments&post=13013"}],"version-history":[{"count":1,"href":"https:\/\/old.atletikaolomouc.cz\/index.php?rest_route=\/wp\/v2\/posts\/13013\/revisions"}],"predecessor-version":[{"id":13014,"href":"https:\/\/old.atletikaolomouc.cz\/index.php?rest_route=\/wp\/v2\/posts\/13013\/revisions\/13014"}],"wp:attachment":[{"href":"https:\/\/old.atletikaolomouc.cz\/index.php?rest_route=%2Fwp%2Fv2%2Fmedia&parent=13013"}],"wp:term":[{"taxonomy":"category","embeddable":true,"href":"https:\/\/old.atletikaolomouc.cz\/index.php?rest_route=%2Fwp%2Fv2%2Fcategories&post=13013"},{"taxonomy":"post_tag","embeddable":true,"href":"https:\/\/old.atletikaolomouc.cz\/index.php?rest_route=%2Fwp%2Fv2%2Ftags&post=13013"}],"curies":[{"name":"wp","href":"https:\/\/api.w.org\/{rel}","templated":true}]}}