{"id":13015,"date":"2019-06-19T07:45:27","date_gmt":"2019-06-19T05:45:27","guid":{"rendered":"http:\/\/www.atletikaolomouc.cz\/?p=13015"},"modified":"2019-06-21T06:50:43","modified_gmt":"2019-06-21T04:50:43","slug":"mistrovstvi-cr-muzu-a-zen-do-22-let-3","status":"publish","type":"post","link":"https:\/\/old.atletikaolomouc.cz\/?p=13015","title":{"rendered":"Mistrovstv\u00ed \u010cR mu\u017e\u016f a \u017een do 22 let"},"content":{"rendered":"\n<p>O v\u00edkendu 15. &#8211; 16. \u010dervna prob\u011bhlo v Praze <strong>Mistrovstv\u00ed \u010cesk\u00e9 republiky mu\u017e\u016f a \u017een do 22 let na dr\u00e1ze<\/strong>.<!--more--><\/p>\n<p>Z olomouck\u00fdch z\u00e1vodn\u00edk\u016f se nejl\u00e9pe um\u00edstil v\u00fd\u0161ka\u0159 <strong>Martin Odstr\u010dil<\/strong>, kter\u00fd <strong>v\u00fdkonem 2.07 m obsadil 2. m\u00edsto.<\/strong><\/p>\n<p><strong>Jon\u00e1\u0161 Posp\u00ed\u0161il<\/strong> ve skoku vysok\u00e9m skon\u010dil na 8. m\u00edst\u011b za 1.98 m a v trojskoku <strong>vybojoval 5. p\u0159\u00ed\u010dku v\u00fdkonem 14.08 m.<\/strong><\/p>\n<p><strong>Eva Kub\u00ed\u010dkov\u00e1<\/strong> skon\u010dila ve fin\u00e1le b\u011bhu na 100 m \u017een na p\u011bkn\u00e9m<strong> 6. m\u00edst\u011b za \u010das 11.84 s.<\/strong><\/p>\n<p><strong>Filip Samuel<\/strong> si v ty\u010di vyrovnal osobn\u00ed rekord v\u00fdkonem <strong>4.42 m a skon\u010dil na d\u011blen\u00e9m 8. m\u00edst\u011b.<\/strong> \u017densk\u00e9 ty\u010dky se z\u00fa\u010dastnila olomouck\u00e1 z\u00e1vodnice <strong>Veronika Jir\u00e1\u010dkov\u00e1 a s v\u00fdkonem 3.41 m obsadila d\u011blen\u00e9 9. m\u00edsto.<\/strong><\/p>\n<p><strong>Michaela Gieselov\u00e1<\/strong> skon\u010dila ve skoku dalek\u00e9m <strong>na 11. m\u00edst\u011b v\u00fdkonem 5.36 m.<\/strong><\/p>\n","protected":false},"excerpt":{"rendered":"<p>O v\u00edkendu 15. &#8211; 16. \u010dervna prob\u011bhlo v Praze Mistrovstv\u00ed \u010cesk\u00e9 republiky mu\u017e\u016f a \u017een do 22 let na dr\u00e1ze.<\/p>\n","protected":false},"author":14,"featured_media":0,"comment_status":"closed","ping_status":"closed","sticky":false,"template":"","format":"standard","meta":{"ngg_post_thumbnail":0},"categories":[5,6],"tags":[],"_links":{"self":[{"href":"https:\/\/old.atletikaolomouc.cz\/index.php?rest_route=\/wp\/v2\/posts\/13015"}],"collection":[{"href":"https:\/\/old.atletikaolomouc.cz\/index.php?rest_route=\/wp\/v2\/posts"}],"about":[{"href":"https:\/\/old.atletikaolomouc.cz\/index.php?rest_route=\/wp\/v2\/types\/post"}],"author":[{"embeddable":true,"href":"https:\/\/old.atletikaolomouc.cz\/index.php?rest_route=\/wp\/v2\/users\/14"}],"replies":[{"embeddable":true,"href":"https:\/\/old.atletikaolomouc.cz\/index.php?rest_route=%2Fwp%2Fv2%2Fcomments&post=13015"}],"version-history":[{"count":4,"href":"https:\/\/old.atletikaolomouc.cz\/index.php?rest_route=\/wp\/v2\/posts\/13015\/revisions"}],"predecessor-version":[{"id":13063,"href":"https:\/\/old.atletikaolomouc.cz\/index.php?rest_route=\/wp\/v2\/posts\/13015\/revisions\/13063"}],"wp:attachment":[{"href":"https:\/\/old.atletikaolomouc.cz\/index.php?rest_route=%2Fwp%2Fv2%2Fmedia&parent=13015"}],"wp:term":[{"taxonomy":"category","embeddable":true,"href":"https:\/\/old.atletikaolomouc.cz\/index.php?rest_route=%2Fwp%2Fv2%2Fcategories&post=13015"},{"taxonomy":"post_tag","embeddable":true,"href":"https:\/\/old.atletikaolomouc.cz\/index.php?rest_route=%2Fwp%2Fv2%2Ftags&post=13015"}],"curies":[{"name":"wp","href":"https:\/\/api.w.org\/{rel}","templated":true}]}}