{"id":13064,"date":"2019-06-24T07:18:06","date_gmt":"2019-06-24T05:18:06","guid":{"rendered":"http:\/\/www.atletikaolomouc.cz\/?p=13064"},"modified":"2019-06-24T07:18:10","modified_gmt":"2019-06-24T05:18:10","slug":"3-kolo-souteze-druzstev-starsich-zaku-a-zakyn","status":"publish","type":"post","link":"https:\/\/old.atletikaolomouc.cz\/?p=13064","title":{"rendered":"3. kolo sout\u011b\u017ee dru\u017estev star\u0161\u00edch \u017e\u00e1k\u016f a \u017e\u00e1ky\u0148"},"content":{"rendered":"\n<p>Ve st\u0159edu 19. \u010dervna prob\u011bhlo v P\u0159erov\u011b 3. kolo sout\u011b\u017ee dru\u017estev star\u0161\u00edch \u017e\u00e1k\u016f a \u017e\u00e1ky\u0148.<!--more-->Oba olomouck\u00e9 t\u00fdmy hladce pro\u0161ly t\u0159et\u00edm kolem sout\u011b\u017ee dru\u017estev a z prvn\u00edch p\u0159\u00ed\u010dek postupuj\u00ed na Mistrovstv\u00ed Moravy a Slezska, kter\u00e9 se kon\u00e1 15. z\u00e1\u0159\u00ed v Uhersk\u00e9m Hradi\u0161ti.<\/p>\n<p>Zpravodaje:<\/p>\n<p><a href=\"http:\/\/www.atletikaolomouc.cz\/wp-content\/uploads\/2019\/06\/Zpravodaj-star\u0161\u00edch-\u017e\u00e1k\u016f-\u010d.4-2019.pdf\" target=\"_blank\" rel=\"noopener\">Star\u0161\u00ed \u017e\u00e1ci<\/a><\/p>\n<p><a href=\"http:\/\/www.atletikaolomouc.cz\/wp-content\/uploads\/2019\/06\/2019-Zpravodaj-po-3.-kole_st.\u017e\u00e1kyn\u011b.pdf\" target=\"_blank\" rel=\"noopener\">Star\u0161\u00ed \u017e\u00e1kyn\u011b<\/a><\/p>\n","protected":false},"excerpt":{"rendered":"<p>Ve st\u0159edu 19. \u010dervna prob\u011bhlo v P\u0159erov\u011b 3. kolo sout\u011b\u017ee dru\u017estev star\u0161\u00edch \u017e\u00e1k\u016f a \u017e\u00e1ky\u0148.<\/p>\n","protected":false},"author":14,"featured_media":0,"comment_status":"closed","ping_status":"closed","sticky":false,"template":"","format":"standard","meta":{"ngg_post_thumbnail":0},"categories":[5,6],"tags":[],"_links":{"self":[{"href":"https:\/\/old.atletikaolomouc.cz\/index.php?rest_route=\/wp\/v2\/posts\/13064"}],"collection":[{"href":"https:\/\/old.atletikaolomouc.cz\/index.php?rest_route=\/wp\/v2\/posts"}],"about":[{"href":"https:\/\/old.atletikaolomouc.cz\/index.php?rest_route=\/wp\/v2\/types\/post"}],"author":[{"embeddable":true,"href":"https:\/\/old.atletikaolomouc.cz\/index.php?rest_route=\/wp\/v2\/users\/14"}],"replies":[{"embeddable":true,"href":"https:\/\/old.atletikaolomouc.cz\/index.php?rest_route=%2Fwp%2Fv2%2Fcomments&post=13064"}],"version-history":[{"count":2,"href":"https:\/\/old.atletikaolomouc.cz\/index.php?rest_route=\/wp\/v2\/posts\/13064\/revisions"}],"predecessor-version":[{"id":13069,"href":"https:\/\/old.atletikaolomouc.cz\/index.php?rest_route=\/wp\/v2\/posts\/13064\/revisions\/13069"}],"wp:attachment":[{"href":"https:\/\/old.atletikaolomouc.cz\/index.php?rest_route=%2Fwp%2Fv2%2Fmedia&parent=13064"}],"wp:term":[{"taxonomy":"category","embeddable":true,"href":"https:\/\/old.atletikaolomouc.cz\/index.php?rest_route=%2Fwp%2Fv2%2Fcategories&post=13064"},{"taxonomy":"post_tag","embeddable":true,"href":"https:\/\/old.atletikaolomouc.cz\/index.php?rest_route=%2Fwp%2Fv2%2Ftags&post=13064"}],"curies":[{"name":"wp","href":"https:\/\/api.w.org\/{rel}","templated":true}]}}