{"id":13070,"date":"2019-06-24T07:38:28","date_gmt":"2019-06-24T05:38:28","guid":{"rendered":"http:\/\/www.atletikaolomouc.cz\/?p=13070"},"modified":"2019-06-26T21:52:48","modified_gmt":"2019-06-26T19:52:48","slug":"prezentace-klubu-na-moravia-sport-expo","status":"publish","type":"post","link":"https:\/\/old.atletikaolomouc.cz\/?p=13070","title":{"rendered":"Prezentace klubu na Moravia Sport Expo"},"content":{"rendered":"\n<p>I tento rok se Atletick\u00fd klub Olomouc zapojil v r\u00e1mci Mattoni 1\/2 Maratonu do veletrhu sportovn\u00edch klub\u016f Moravia Sport Expo.<!--more--><\/p>\n<p>14. &#8211; 15. \u010dervna byl v are\u00e1lu Fl\u00f3ra Olomouc na veletrhu sportovn\u00edch klub\u016f prezentov\u00e1n mezi jin\u00fdmi tak\u00e9 Atletick\u00fd klub Olomouc, jeho aktivity a mo\u017enosti pro za\u010d\u00ednaj\u00edc\u00ed atlety.<\/p>\n<p>V r\u00e1mci sobotn\u00ed prezentace s m\u00edstop\u0159edsedou klubu a n\u011bkolika z\u00e1vodn\u00edky do\u0161lo i k premi\u00e9\u0159e reklamn\u00edho spotu k Mistrovstv\u00ed \u010cR dorostu a junior\u016f, kter\u00e9 prob\u011bhne v Olomouci 28. -30. \u010dervna 2019.<\/p>\n<p><a href=\"https:\/\/www.youtube.com\/watch?v=uM8pXridc70\" target=\"_blank\" rel=\"noopener\">Z\u00e1znam z prezentace<\/a><\/p>\n<p><a href=\"https:\/\/www.youtube.com\/watch?v=TUX7w5dSS2I\" target=\"_blank\" rel=\"noopener\">Spot k M\u010cR<\/a><\/p>\n","protected":false},"excerpt":{"rendered":"<p>I tento rok se Atletick\u00fd klub Olomouc zapojil v r\u00e1mci Mattoni 1\/2 Maratonu do veletrhu sportovn\u00edch klub\u016f Moravia Sport Expo.<\/p>\n","protected":false},"author":14,"featured_media":0,"comment_status":"closed","ping_status":"closed","sticky":false,"template":"","format":"standard","meta":{"ngg_post_thumbnail":0},"categories":[5,6],"tags":[],"_links":{"self":[{"href":"https:\/\/old.atletikaolomouc.cz\/index.php?rest_route=\/wp\/v2\/posts\/13070"}],"collection":[{"href":"https:\/\/old.atletikaolomouc.cz\/index.php?rest_route=\/wp\/v2\/posts"}],"about":[{"href":"https:\/\/old.atletikaolomouc.cz\/index.php?rest_route=\/wp\/v2\/types\/post"}],"author":[{"embeddable":true,"href":"https:\/\/old.atletikaolomouc.cz\/index.php?rest_route=\/wp\/v2\/users\/14"}],"replies":[{"embeddable":true,"href":"https:\/\/old.atletikaolomouc.cz\/index.php?rest_route=%2Fwp%2Fv2%2Fcomments&post=13070"}],"version-history":[{"count":2,"href":"https:\/\/old.atletikaolomouc.cz\/index.php?rest_route=\/wp\/v2\/posts\/13070\/revisions"}],"predecessor-version":[{"id":13078,"href":"https:\/\/old.atletikaolomouc.cz\/index.php?rest_route=\/wp\/v2\/posts\/13070\/revisions\/13078"}],"wp:attachment":[{"href":"https:\/\/old.atletikaolomouc.cz\/index.php?rest_route=%2Fwp%2Fv2%2Fmedia&parent=13070"}],"wp:term":[{"taxonomy":"category","embeddable":true,"href":"https:\/\/old.atletikaolomouc.cz\/index.php?rest_route=%2Fwp%2Fv2%2Fcategories&post=13070"},{"taxonomy":"post_tag","embeddable":true,"href":"https:\/\/old.atletikaolomouc.cz\/index.php?rest_route=%2Fwp%2Fv2%2Ftags&post=13070"}],"curies":[{"name":"wp","href":"https:\/\/api.w.org\/{rel}","templated":true}]}}