{"id":13080,"date":"2019-06-27T13:18:14","date_gmt":"2019-06-27T11:18:14","guid":{"rendered":"http:\/\/www.atletikaolomouc.cz\/?p=13080"},"modified":"2019-06-27T22:58:47","modified_gmt":"2019-06-27T20:58:47","slug":"8-evropske-hry-mladeze-brno","status":"publish","type":"post","link":"https:\/\/old.atletikaolomouc.cz\/?p=13080","title":{"rendered":"8. Evropsk\u00e9 hry ml\u00e1de\u017ee Brno"},"content":{"rendered":"\n<p>Za\u010d\u00e1tkem \u010dervence se na\u0161\u00ed mlad\u00ed atleti z\u00fa\u010dastnili 8. Evropsk\u00fdch her ml\u00e1de\u017ee Emil Open&#8220; &nbsp;v Brn\u011b, kde a\u017e 500 mlad\u00fdch sportovc\u016f ze 17 zem\u00ed Evropy zm\u011b\u0159ilo sv\u00e9 s\u00edly v atletice, plav\u00e1n\u00ed, stoln\u00edm tenise, boccia. <!--more--><br>Pod veden\u00edm Evy Kacanu bojovali \u010dlenov\u00e9 AK Olomouc &nbsp;v Brn\u011b o medaile v atletice&nbsp;a to&nbsp; nejmlad\u0161\u00ed \u010dlenka Nikolka, Karol\u00edna, V\u00e1clav, Vojta a Martin. A da\u0159ilo se n\u00e1ramn\u011b! Karol\u00ednka&nbsp;vybojovala bronz v hodu m\u00ed\u010dkem a Nikolka si vyjela v j\u00edzd\u011b na voz\u00edku na 50 m st\u0159\u00edbro a na 100 m pro bronz. Ani chlapci nez\u016fstali pozadu. Vojta vybojoval dv\u011b st\u0159\u00edbra a to v hodu m\u00ed\u010dkem a v b\u011bhu na 100m,&nbsp; Martin si v b\u011bhu&nbsp; na 50 m dob\u011bhl&nbsp;pro zlato, V\u00e1clav si&nbsp;dob\u011bhl tak\u00e9 pro zlato a to v discipl\u00edn\u011b b\u011bhu na 200m . <br><br>V\u0161em moc gratuluji a jen tak d\u00e1l v t\u011bchto mlad\u00fdch atletech je na\u0161e budoucnost.<\/p>\n<p><a href=\"https:\/\/drive.google.com\/file\/d\/13s8E-j2mhk8wQl_AqRs9z8oXFeHFmtXt\/view?usp=sharing\">V\u00fdsledky<\/a><\/p>\n<p><a href=\"http:\/\/www.atletikaolomouc.cz\/?attachment_id=13081\" rel=\"attachment wp-att-13081\"><img decoding=\"async\" loading=\"lazy\" class=\"aligncenter size-full wp-image-13081\" src=\"http:\/\/www.atletikaolomouc.cz\/wp-content\/uploads\/2019\/06\/va\u0161ek.jpg\" alt=\"\" width=\"1600\" height=\"1200\" srcset=\"https:\/\/old.atletikaolomouc.cz\/wp-content\/uploads\/2019\/06\/va\u0161ek.jpg 1600w, https:\/\/old.atletikaolomouc.cz\/wp-content\/uploads\/2019\/06\/va\u0161ek-300x225.jpg 300w, https:\/\/old.atletikaolomouc.cz\/wp-content\/uploads\/2019\/06\/va\u0161ek-768x576.jpg 768w, https:\/\/old.atletikaolomouc.cz\/wp-content\/uploads\/2019\/06\/va\u0161ek-800x600.jpg 800w\" sizes=\"(max-width: 1600px) 100vw, 1600px\" \/><\/a><\/p>\n","protected":false},"excerpt":{"rendered":"<p>Za\u010d\u00e1tkem \u010dervence se na\u0161\u00ed mlad\u00ed atleti z\u00fa\u010dastnili 8. Evropsk\u00fdch her ml\u00e1de\u017ee Emil Open&#8220; &nbsp;v Brn\u011b, kde a\u017e 500 mlad\u00fdch sportovc\u016f ze 17 zem\u00ed Evropy zm\u011b\u0159ilo sv\u00e9 s\u00edly v atletice, plav\u00e1n\u00ed, stoln\u00edm tenise, boccia.<\/p>\n","protected":false},"author":11,"featured_media":13082,"comment_status":"closed","ping_status":"closed","sticky":false,"template":"","format":"standard","meta":{"ngg_post_thumbnail":0},"categories":[48,6,37],"tags":[],"_links":{"self":[{"href":"https:\/\/old.atletikaolomouc.cz\/index.php?rest_route=\/wp\/v2\/posts\/13080"}],"collection":[{"href":"https:\/\/old.atletikaolomouc.cz\/index.php?rest_route=\/wp\/v2\/posts"}],"about":[{"href":"https:\/\/old.atletikaolomouc.cz\/index.php?rest_route=\/wp\/v2\/types\/post"}],"author":[{"embeddable":true,"href":"https:\/\/old.atletikaolomouc.cz\/index.php?rest_route=\/wp\/v2\/users\/11"}],"replies":[{"embeddable":true,"href":"https:\/\/old.atletikaolomouc.cz\/index.php?rest_route=%2Fwp%2Fv2%2Fcomments&post=13080"}],"version-history":[{"count":4,"href":"https:\/\/old.atletikaolomouc.cz\/index.php?rest_route=\/wp\/v2\/posts\/13080\/revisions"}],"predecessor-version":[{"id":13090,"href":"https:\/\/old.atletikaolomouc.cz\/index.php?rest_route=\/wp\/v2\/posts\/13080\/revisions\/13090"}],"wp:featuredmedia":[{"embeddable":true,"href":"https:\/\/old.atletikaolomouc.cz\/index.php?rest_route=\/wp\/v2\/media\/13082"}],"wp:attachment":[{"href":"https:\/\/old.atletikaolomouc.cz\/index.php?rest_route=%2Fwp%2Fv2%2Fmedia&parent=13080"}],"wp:term":[{"taxonomy":"category","embeddable":true,"href":"https:\/\/old.atletikaolomouc.cz\/index.php?rest_route=%2Fwp%2Fv2%2Fcategories&post=13080"},{"taxonomy":"post_tag","embeddable":true,"href":"https:\/\/old.atletikaolomouc.cz\/index.php?rest_route=%2Fwp%2Fv2%2Ftags&post=13080"}],"curies":[{"name":"wp","href":"https:\/\/api.w.org\/{rel}","templated":true}]}}