{"id":13824,"date":"2019-07-19T06:41:59","date_gmt":"2019-07-19T04:41:59","guid":{"rendered":"http:\/\/www.atletikaolomouc.cz\/?p=13824"},"modified":"2019-07-23T16:10:56","modified_gmt":"2019-07-23T14:10:56","slug":"olomoucti-atleti-reprezentovali-cr-na-mezistatnich-utkanich","status":"publish","type":"post","link":"https:\/\/old.atletikaolomouc.cz\/?p=13824","title":{"rendered":"Olomou\u010dt\u00ed atleti reprezentovali \u010cR"},"content":{"rendered":"\n<p>V sobotu 13. \u010dervence prob\u011bhlo v Trnav\u011b mezist\u00e1tn\u00ed utk\u00e1n\u00ed dorostenc\u016f a dorostenek.<!--more--> Z olomouck\u00fdch atlet\u016f tam \u010ceskou republiku reprezentovaly sprinterka Eva Kub\u00ed\u010dkov\u00e1 a diska\u0159ka Karol\u00edna Morbitzerov\u00e1. Eva Kub\u00ed\u010dkov\u00e1 z\u00edskala bronzovou medaili v b\u011bhu na 100 m za \u010das 11, 97 s a p\u0159idala je\u0161t\u011b zlato, jako sou\u010d\u00e1st v\u00edt\u011bzn\u00e9 \u0161tafety na 100-200-300-400 m. Karol\u00edna Morbitzerov\u00e1 si v hodu diskem zlep\u0161ila sv\u00e9 osobn\u00ed maximum na 39,80 m a vybojovala tak bronzovou medaili. \u010ce\u0161t\u00ed dorostenci vybojovali celkem osmn\u00e1ct individu\u00e1ln\u00edch prvenstv\u00ed a v celkov\u00e9m po\u0159ad\u00ed ovl\u00e1dli mezist\u00e1tn\u00ed utk\u00e1n\u00ed v obou kategori\u00edch.<\/p>\n<p>O necel\u00fd t\u00fdden d\u0159\u00edve prob\u011bhlo v ma\u010farsk\u00e9m Gy\u00f6ru mezist\u00e1tn\u00ed utk\u00e1n\u00ed junior\u016f, kam s \u010deskou v\u00fdpravou odcestoval tak\u00e9 koula\u0159 Jakub H\u00e9\u017ea. Jakub, kter\u00e9mu moment\u00e1ln\u011b vrchol\u00ed p\u0159\u00edprava na juniorsk\u00e9 Mistrovstv\u00ed Evropy, p\u0159edvedl v Ma\u010farsku slab\u0161\u00ed v\u00fdkon (17,65 m) a skon\u010dil na 4. m\u00edst\u011b.<\/p>\n<p><img decoding=\"async\" loading=\"lazy\" class=\"alignnone size-large wp-image-13826\" src=\"http:\/\/www.atletikaolomouc.cz\/wp-content\/uploads\/2019\/07\/evka-380x600.jpg\" alt=\"\" width=\"380\" height=\"600\" srcset=\"https:\/\/old.atletikaolomouc.cz\/wp-content\/uploads\/2019\/07\/evka-380x600.jpg 380w, https:\/\/old.atletikaolomouc.cz\/wp-content\/uploads\/2019\/07\/evka-190x300.jpg 190w, https:\/\/old.atletikaolomouc.cz\/wp-content\/uploads\/2019\/07\/evka.jpg 608w\" sizes=\"(max-width: 380px) 100vw, 380px\" \/> <img decoding=\"async\" loading=\"lazy\" class=\"alignnone size-large wp-image-13827\" src=\"http:\/\/www.atletikaolomouc.cz\/wp-content\/uploads\/2019\/07\/k\u00e1ja-450x600.jpg\" alt=\"\" width=\"450\" height=\"600\" srcset=\"https:\/\/old.atletikaolomouc.cz\/wp-content\/uploads\/2019\/07\/k\u00e1ja-450x600.jpg 450w, https:\/\/old.atletikaolomouc.cz\/wp-content\/uploads\/2019\/07\/k\u00e1ja-225x300.jpg 225w, https:\/\/old.atletikaolomouc.cz\/wp-content\/uploads\/2019\/07\/k\u00e1ja.jpg 562w\" sizes=\"(max-width: 450px) 100vw, 450px\" \/> <a href=\"http:\/\/www.atletikaolomouc.cz\/wp-content\/uploads\/2019\/07\/\u0161tafle.jpg\"><img decoding=\"async\" loading=\"lazy\" class=\"alignnone size-large wp-image-13828\" src=\"http:\/\/www.atletikaolomouc.cz\/wp-content\/uploads\/2019\/07\/\u0161tafle-508x600.jpg\" alt=\"\" width=\"508\" height=\"600\" srcset=\"https:\/\/old.atletikaolomouc.cz\/wp-content\/uploads\/2019\/07\/\u0161tafle-508x600.jpg 508w, https:\/\/old.atletikaolomouc.cz\/wp-content\/uploads\/2019\/07\/\u0161tafle-254x300.jpg 254w, https:\/\/old.atletikaolomouc.cz\/wp-content\/uploads\/2019\/07\/\u0161tafle-768x908.jpg 768w, https:\/\/old.atletikaolomouc.cz\/wp-content\/uploads\/2019\/07\/\u0161tafle.jpg 812w\" sizes=\"(max-width: 508px) 100vw, 508px\" \/><\/a><\/p>\n","protected":false},"excerpt":{"rendered":"<p>V sobotu 13. \u010dervence prob\u011bhlo v Trnav\u011b mezist\u00e1tn\u00ed utk\u00e1n\u00ed dorostenc\u016f a dorostenek.<\/p>\n","protected":false},"author":14,"featured_media":13825,"comment_status":"closed","ping_status":"closed","sticky":false,"template":"","format":"standard","meta":{"ngg_post_thumbnail":0},"categories":[5,6,37],"tags":[],"_links":{"self":[{"href":"https:\/\/old.atletikaolomouc.cz\/index.php?rest_route=\/wp\/v2\/posts\/13824"}],"collection":[{"href":"https:\/\/old.atletikaolomouc.cz\/index.php?rest_route=\/wp\/v2\/posts"}],"about":[{"href":"https:\/\/old.atletikaolomouc.cz\/index.php?rest_route=\/wp\/v2\/types\/post"}],"author":[{"embeddable":true,"href":"https:\/\/old.atletikaolomouc.cz\/index.php?rest_route=\/wp\/v2\/users\/14"}],"replies":[{"embeddable":true,"href":"https:\/\/old.atletikaolomouc.cz\/index.php?rest_route=%2Fwp%2Fv2%2Fcomments&post=13824"}],"version-history":[{"count":2,"href":"https:\/\/old.atletikaolomouc.cz\/index.php?rest_route=\/wp\/v2\/posts\/13824\/revisions"}],"predecessor-version":[{"id":13845,"href":"https:\/\/old.atletikaolomouc.cz\/index.php?rest_route=\/wp\/v2\/posts\/13824\/revisions\/13845"}],"wp:featuredmedia":[{"embeddable":true,"href":"https:\/\/old.atletikaolomouc.cz\/index.php?rest_route=\/wp\/v2\/media\/13825"}],"wp:attachment":[{"href":"https:\/\/old.atletikaolomouc.cz\/index.php?rest_route=%2Fwp%2Fv2%2Fmedia&parent=13824"}],"wp:term":[{"taxonomy":"category","embeddable":true,"href":"https:\/\/old.atletikaolomouc.cz\/index.php?rest_route=%2Fwp%2Fv2%2Fcategories&post=13824"},{"taxonomy":"post_tag","embeddable":true,"href":"https:\/\/old.atletikaolomouc.cz\/index.php?rest_route=%2Fwp%2Fv2%2Ftags&post=13824"}],"curies":[{"name":"wp","href":"https:\/\/api.w.org\/{rel}","templated":true}]}}