{"id":13846,"date":"2019-07-23T16:38:02","date_gmt":"2019-07-23T14:38:02","guid":{"rendered":"http:\/\/www.atletikaolomouc.cz\/?p=13846"},"modified":"2019-07-23T20:33:00","modified_gmt":"2019-07-23T18:33:00","slug":"primestsky-tabor-2019","status":"publish","type":"post","link":"https:\/\/old.atletikaolomouc.cz\/?p=13846","title":{"rendered":"P\u0159\u00edm\u011bstsk\u00fd t\u00e1bor 2019"},"content":{"rendered":"\n<p>V\u00e1\u017een\u00ed rodi\u010de, jm\u00e9nem tren\u00e9r\u016f d\u011bkujeme za zda\u0159en\u00fd p\u0159\u00edm\u011bstsk\u00fd t\u00e1bor. D\u011bti byly skv\u011bl\u00e9 a douf\u00e1me, \u017ee si t\u00fdden s n\u00e1mi tak\u00e9 u\u017eily. Budeme se na V\u00e1s a Va\u0161e d\u011bti t\u011b\u0161it zase p\u0159\u00ed\u0161t\u00ed rok.<\/p>\n<p>P\u0159ikl\u00e1d\u00e1me p\u00e1r fotek z cirkusov\u00e9ho krou\u017eku v \u010cernov\u00ed\u0159e.<!--more--><\/p>\n<p><a href=\"http:\/\/www.atletikaolomouc.cz\/wp-content\/uploads\/2019\/07\/67554650_1607025999427956_2881879586251997184_n.jpg\" rel=\"attachment wp-att-13852\"><img decoding=\"async\" loading=\"lazy\" class=\"aligncenter wp-image-13852 size-large\" src=\"http:\/\/www.atletikaolomouc.cz\/wp-content\/uploads\/2019\/07\/67554650_1607025999427956_2881879586251997184_n-800x600.jpg\" alt=\"\" width=\"660\" height=\"495\" srcset=\"https:\/\/old.atletikaolomouc.cz\/wp-content\/uploads\/2019\/07\/67554650_1607025999427956_2881879586251997184_n-800x600.jpg 800w, https:\/\/old.atletikaolomouc.cz\/wp-content\/uploads\/2019\/07\/67554650_1607025999427956_2881879586251997184_n-300x225.jpg 300w, https:\/\/old.atletikaolomouc.cz\/wp-content\/uploads\/2019\/07\/67554650_1607025999427956_2881879586251997184_n-768x576.jpg 768w, https:\/\/old.atletikaolomouc.cz\/wp-content\/uploads\/2019\/07\/67554650_1607025999427956_2881879586251997184_n.jpg 1024w\" sizes=\"(max-width: 660px) 100vw, 660px\" \/><\/a> <a href=\"http:\/\/www.atletikaolomouc.cz\/wp-content\/uploads\/2019\/07\/67268216_2620802707964976_3741856880725590016_n.jpg\" rel=\"attachment wp-att-13851\"><img decoding=\"async\" loading=\"lazy\" class=\"aligncenter wp-image-13851 size-large\" src=\"http:\/\/www.atletikaolomouc.cz\/wp-content\/uploads\/2019\/07\/67268216_2620802707964976_3741856880725590016_n-800x600.jpg\" alt=\"\" width=\"660\" height=\"495\" srcset=\"https:\/\/old.atletikaolomouc.cz\/wp-content\/uploads\/2019\/07\/67268216_2620802707964976_3741856880725590016_n-800x600.jpg 800w, https:\/\/old.atletikaolomouc.cz\/wp-content\/uploads\/2019\/07\/67268216_2620802707964976_3741856880725590016_n-300x225.jpg 300w, https:\/\/old.atletikaolomouc.cz\/wp-content\/uploads\/2019\/07\/67268216_2620802707964976_3741856880725590016_n-768x576.jpg 768w, https:\/\/old.atletikaolomouc.cz\/wp-content\/uploads\/2019\/07\/67268216_2620802707964976_3741856880725590016_n.jpg 1024w\" sizes=\"(max-width: 660px) 100vw, 660px\" \/><\/a> <a href=\"http:\/\/www.atletikaolomouc.cz\/wp-content\/uploads\/2019\/07\/67103282_2337190976554796_1162687603107954688_n.jpg\" rel=\"attachment wp-att-13850\"><img decoding=\"async\" loading=\"lazy\" class=\"aligncenter wp-image-13850 size-large\" src=\"http:\/\/www.atletikaolomouc.cz\/wp-content\/uploads\/2019\/07\/67103282_2337190976554796_1162687603107954688_n-800x600.jpg\" alt=\"\" width=\"660\" height=\"495\" srcset=\"https:\/\/old.atletikaolomouc.cz\/wp-content\/uploads\/2019\/07\/67103282_2337190976554796_1162687603107954688_n-800x600.jpg 800w, https:\/\/old.atletikaolomouc.cz\/wp-content\/uploads\/2019\/07\/67103282_2337190976554796_1162687603107954688_n-300x225.jpg 300w, https:\/\/old.atletikaolomouc.cz\/wp-content\/uploads\/2019\/07\/67103282_2337190976554796_1162687603107954688_n-768x576.jpg 768w, https:\/\/old.atletikaolomouc.cz\/wp-content\/uploads\/2019\/07\/67103282_2337190976554796_1162687603107954688_n.jpg 1024w\" sizes=\"(max-width: 660px) 100vw, 660px\" \/><\/a> <a href=\"http:\/\/www.atletikaolomouc.cz\/wp-content\/uploads\/2019\/07\/67066117_340491500199770_4714926208905641984_n.jpg\" rel=\"attachment wp-att-13849\"><img decoding=\"async\" loading=\"lazy\" class=\"aligncenter wp-image-13849 size-large\" src=\"http:\/\/www.atletikaolomouc.cz\/wp-content\/uploads\/2019\/07\/67066117_340491500199770_4714926208905641984_n-800x600.jpg\" alt=\"\" width=\"660\" height=\"495\" srcset=\"https:\/\/old.atletikaolomouc.cz\/wp-content\/uploads\/2019\/07\/67066117_340491500199770_4714926208905641984_n-800x600.jpg 800w, https:\/\/old.atletikaolomouc.cz\/wp-content\/uploads\/2019\/07\/67066117_340491500199770_4714926208905641984_n-300x225.jpg 300w, https:\/\/old.atletikaolomouc.cz\/wp-content\/uploads\/2019\/07\/67066117_340491500199770_4714926208905641984_n-768x576.jpg 768w, https:\/\/old.atletikaolomouc.cz\/wp-content\/uploads\/2019\/07\/67066117_340491500199770_4714926208905641984_n.jpg 1024w\" sizes=\"(max-width: 660px) 100vw, 660px\" \/><\/a> <a href=\"http:\/\/www.atletikaolomouc.cz\/wp-content\/uploads\/2019\/07\/IMG_20190718_094029.jpg\" rel=\"attachment wp-att-13847\"><img decoding=\"async\" loading=\"lazy\" class=\"aligncenter wp-image-13847 size-large\" src=\"http:\/\/www.atletikaolomouc.cz\/wp-content\/uploads\/2019\/07\/IMG_20190718_094029-800x600.jpg\" alt=\"\" width=\"660\" height=\"495\" srcset=\"https:\/\/old.atletikaolomouc.cz\/wp-content\/uploads\/2019\/07\/IMG_20190718_094029-800x600.jpg 800w, https:\/\/old.atletikaolomouc.cz\/wp-content\/uploads\/2019\/07\/IMG_20190718_094029-300x225.jpg 300w, https:\/\/old.atletikaolomouc.cz\/wp-content\/uploads\/2019\/07\/IMG_20190718_094029-768x576.jpg 768w\" sizes=\"(max-width: 660px) 100vw, 660px\" \/><\/a> <a href=\"http:\/\/www.atletikaolomouc.cz\/wp-content\/uploads\/2019\/07\/IMG_20190718_105831.jpg\" rel=\"attachment wp-att-13848\"><img decoding=\"async\" loading=\"lazy\" class=\"aligncenter wp-image-13848 size-large\" src=\"http:\/\/www.atletikaolomouc.cz\/wp-content\/uploads\/2019\/07\/IMG_20190718_105831-800x600.jpg\" alt=\"\" width=\"660\" height=\"495\" srcset=\"https:\/\/old.atletikaolomouc.cz\/wp-content\/uploads\/2019\/07\/IMG_20190718_105831-800x600.jpg 800w, https:\/\/old.atletikaolomouc.cz\/wp-content\/uploads\/2019\/07\/IMG_20190718_105831-300x225.jpg 300w, https:\/\/old.atletikaolomouc.cz\/wp-content\/uploads\/2019\/07\/IMG_20190718_105831-768x576.jpg 768w\" sizes=\"(max-width: 660px) 100vw, 660px\" \/><\/a><\/p>\n<p>&nbsp;<\/p>\n","protected":false},"excerpt":{"rendered":"<p>V\u00e1\u017een\u00ed rodi\u010de, jm\u00e9nem tren\u00e9r\u016f d\u011bkujeme za zda\u0159en\u00fd p\u0159\u00edm\u011bstsk\u00fd t\u00e1bor. D\u011bti byly skv\u011bl\u00e9 a douf\u00e1me, \u017ee si t\u00fdden s n\u00e1mi tak\u00e9 u\u017eily. Budeme se na V\u00e1s a Va\u0161e d\u011bti t\u011b\u0161it zase p\u0159\u00ed\u0161t\u00ed rok. P\u0159ikl\u00e1d\u00e1me p\u00e1r fotek z cirkusov\u00e9ho krou\u017eku v \u010cernov\u00ed\u0159e.<\/p>\n","protected":false},"author":14,"featured_media":0,"comment_status":"closed","ping_status":"closed","sticky":false,"template":"","format":"standard","meta":{"ngg_post_thumbnail":0},"categories":[5,6,19],"tags":[],"_links":{"self":[{"href":"https:\/\/old.atletikaolomouc.cz\/index.php?rest_route=\/wp\/v2\/posts\/13846"}],"collection":[{"href":"https:\/\/old.atletikaolomouc.cz\/index.php?rest_route=\/wp\/v2\/posts"}],"about":[{"href":"https:\/\/old.atletikaolomouc.cz\/index.php?rest_route=\/wp\/v2\/types\/post"}],"author":[{"embeddable":true,"href":"https:\/\/old.atletikaolomouc.cz\/index.php?rest_route=\/wp\/v2\/users\/14"}],"replies":[{"embeddable":true,"href":"https:\/\/old.atletikaolomouc.cz\/index.php?rest_route=%2Fwp%2Fv2%2Fcomments&post=13846"}],"version-history":[{"count":6,"href":"https:\/\/old.atletikaolomouc.cz\/index.php?rest_route=\/wp\/v2\/posts\/13846\/revisions"}],"predecessor-version":[{"id":13858,"href":"https:\/\/old.atletikaolomouc.cz\/index.php?rest_route=\/wp\/v2\/posts\/13846\/revisions\/13858"}],"wp:attachment":[{"href":"https:\/\/old.atletikaolomouc.cz\/index.php?rest_route=%2Fwp%2Fv2%2Fmedia&parent=13846"}],"wp:term":[{"taxonomy":"category","embeddable":true,"href":"https:\/\/old.atletikaolomouc.cz\/index.php?rest_route=%2Fwp%2Fv2%2Fcategories&post=13846"},{"taxonomy":"post_tag","embeddable":true,"href":"https:\/\/old.atletikaolomouc.cz\/index.php?rest_route=%2Fwp%2Fv2%2Ftags&post=13846"}],"curies":[{"name":"wp","href":"https:\/\/api.w.org\/{rel}","templated":true}]}}