{"id":13864,"date":"2019-07-29T08:17:45","date_gmt":"2019-07-29T06:17:45","guid":{"rendered":"http:\/\/www.atletikaolomouc.cz\/?p=13864"},"modified":"2019-07-29T11:28:03","modified_gmt":"2019-07-29T09:28:03","slug":"eva-kubickova-osma-na-evropskem-festivalu-mladeze","status":"publish","type":"post","link":"https:\/\/old.atletikaolomouc.cz\/?p=13864","title":{"rendered":"Eva Kub\u00ed\u010dkov\u00e1 osm\u00e1 na Evropsk\u00e9m festivalu ml\u00e1de\u017ee"},"content":{"rendered":"\n<p>Od 21. do 27. \u010dervence se v <strong>Baku<\/strong> konal <strong>Evropsk\u00fd festival olympijsk\u00fdch nad\u011bj\u00ed.&nbsp;<\/strong><!--more--><\/p>\n<p>Sou\u010d\u00e1st\u00ed \u010desk\u00e9 v\u00fdpravy, kter\u00e1 do Baku odcestovala, byla tak\u00e9 <strong>olomouck\u00e1 z\u00e1vodnice Eva Kub\u00ed\u010dkov\u00e1.<\/strong><\/p>\n<p>Eva startovala ve t\u0159et\u00edm kvalifika\u010dn\u00edm b\u011bhu na 100 m, kter\u00fd musel b\u00fdt kv\u016fli technick\u00e9 chyb\u011b po\u0159adatel\u016f opakov\u00e1n a to a\u017e ve ve\u010dern\u00edch hodin\u00e1ch. I tak se ale Eva kvalifikovala do fin\u00e1le, kdy\u017e dob\u011bhla jako \u010dtvrt\u00e1 <strong>v \u010dase 12,02 s.<\/strong><\/p>\n<p>O dva dny pozd\u011bji v ji\u017e zmi\u0148ovan\u00e9m fin\u00e1le dob\u011bhla Eva mezi silnou konkurenc\u00ed <strong>na 8. m\u00edst\u011b v \u010dase 12,11 s.<\/strong><\/p>\n","protected":false},"excerpt":{"rendered":"<p>Od 21. do 27. \u010dervence se v Baku konal Evropsk\u00fd festival olympijsk\u00fdch nad\u011bj\u00ed.&nbsp;<\/p>\n","protected":false},"author":14,"featured_media":13871,"comment_status":"closed","ping_status":"closed","sticky":false,"template":"","format":"standard","meta":{"ngg_post_thumbnail":0},"categories":[5,6,37],"tags":[],"_links":{"self":[{"href":"https:\/\/old.atletikaolomouc.cz\/index.php?rest_route=\/wp\/v2\/posts\/13864"}],"collection":[{"href":"https:\/\/old.atletikaolomouc.cz\/index.php?rest_route=\/wp\/v2\/posts"}],"about":[{"href":"https:\/\/old.atletikaolomouc.cz\/index.php?rest_route=\/wp\/v2\/types\/post"}],"author":[{"embeddable":true,"href":"https:\/\/old.atletikaolomouc.cz\/index.php?rest_route=\/wp\/v2\/users\/14"}],"replies":[{"embeddable":true,"href":"https:\/\/old.atletikaolomouc.cz\/index.php?rest_route=%2Fwp%2Fv2%2Fcomments&post=13864"}],"version-history":[{"count":2,"href":"https:\/\/old.atletikaolomouc.cz\/index.php?rest_route=\/wp\/v2\/posts\/13864\/revisions"}],"predecessor-version":[{"id":13866,"href":"https:\/\/old.atletikaolomouc.cz\/index.php?rest_route=\/wp\/v2\/posts\/13864\/revisions\/13866"}],"wp:featuredmedia":[{"embeddable":true,"href":"https:\/\/old.atletikaolomouc.cz\/index.php?rest_route=\/wp\/v2\/media\/13871"}],"wp:attachment":[{"href":"https:\/\/old.atletikaolomouc.cz\/index.php?rest_route=%2Fwp%2Fv2%2Fmedia&parent=13864"}],"wp:term":[{"taxonomy":"category","embeddable":true,"href":"https:\/\/old.atletikaolomouc.cz\/index.php?rest_route=%2Fwp%2Fv2%2Fcategories&post=13864"},{"taxonomy":"post_tag","embeddable":true,"href":"https:\/\/old.atletikaolomouc.cz\/index.php?rest_route=%2Fwp%2Fv2%2Ftags&post=13864"}],"curies":[{"name":"wp","href":"https:\/\/api.w.org\/{rel}","templated":true}]}}