{"id":13867,"date":"2019-07-29T08:33:45","date_gmt":"2019-07-29T06:33:45","guid":{"rendered":"http:\/\/www.atletikaolomouc.cz\/?p=13867"},"modified":"2019-07-29T11:29:30","modified_gmt":"2019-07-29T09:29:30","slug":"jakub-heza-reprezentoval-cr-na-me-junioru","status":"publish","type":"post","link":"https:\/\/old.atletikaolomouc.cz\/?p=13867","title":{"rendered":"Jakub H\u00e9\u017ea reprezentoval \u010cR na ME junior\u016f"},"content":{"rendered":"\n<p>Od 18. do 21. \u010dervence se ve \u0161v\u00e9dsk\u00e9m <strong>Bor\u00e5su<\/strong> konalo <strong>Mistrovstv\u00ed Evropy junior\u016f do 19 let.<\/strong><!--more--><\/p>\n<p>Sou\u010d\u00e1st\u00ed \u010desk\u00e9 juniorsk\u00e9 v\u00fdpravy byl tak\u00e9<strong> olomouck\u00fd koula\u0159 Jakub H\u00e9\u017ea.<\/strong><\/p>\n<p>Kubovi se bohu\u017eel z\u00e1vod p\u0159\u00edli\u0161 nevyda\u0159il. Vrhnul pouze <strong>17,42 m<\/strong> a to zdaleka nesta\u010dilo na kvalifikaci do nabit\u00e9ho fin\u00e1le, kter\u00e9 nakonec ovl\u00e1dl bulhar Aleh Tamashevich v\u00fdkonem 21, 32 m.<\/p>\n","protected":false},"excerpt":{"rendered":"<p>Od 18. do 21. \u010dervence se ve \u0161v\u00e9dsk\u00e9m Bor\u00e5su konalo Mistrovstv\u00ed Evropy junior\u016f do 19 let.<\/p>\n","protected":false},"author":14,"featured_media":13869,"comment_status":"closed","ping_status":"closed","sticky":false,"template":"","format":"standard","meta":{"ngg_post_thumbnail":0},"categories":[5,6,37],"tags":[],"_links":{"self":[{"href":"https:\/\/old.atletikaolomouc.cz\/index.php?rest_route=\/wp\/v2\/posts\/13867"}],"collection":[{"href":"https:\/\/old.atletikaolomouc.cz\/index.php?rest_route=\/wp\/v2\/posts"}],"about":[{"href":"https:\/\/old.atletikaolomouc.cz\/index.php?rest_route=\/wp\/v2\/types\/post"}],"author":[{"embeddable":true,"href":"https:\/\/old.atletikaolomouc.cz\/index.php?rest_route=\/wp\/v2\/users\/14"}],"replies":[{"embeddable":true,"href":"https:\/\/old.atletikaolomouc.cz\/index.php?rest_route=%2Fwp%2Fv2%2Fcomments&post=13867"}],"version-history":[{"count":2,"href":"https:\/\/old.atletikaolomouc.cz\/index.php?rest_route=\/wp\/v2\/posts\/13867\/revisions"}],"predecessor-version":[{"id":13872,"href":"https:\/\/old.atletikaolomouc.cz\/index.php?rest_route=\/wp\/v2\/posts\/13867\/revisions\/13872"}],"wp:featuredmedia":[{"embeddable":true,"href":"https:\/\/old.atletikaolomouc.cz\/index.php?rest_route=\/wp\/v2\/media\/13869"}],"wp:attachment":[{"href":"https:\/\/old.atletikaolomouc.cz\/index.php?rest_route=%2Fwp%2Fv2%2Fmedia&parent=13867"}],"wp:term":[{"taxonomy":"category","embeddable":true,"href":"https:\/\/old.atletikaolomouc.cz\/index.php?rest_route=%2Fwp%2Fv2%2Fcategories&post=13867"},{"taxonomy":"post_tag","embeddable":true,"href":"https:\/\/old.atletikaolomouc.cz\/index.php?rest_route=%2Fwp%2Fv2%2Ftags&post=13867"}],"curies":[{"name":"wp","href":"https:\/\/api.w.org\/{rel}","templated":true}]}}