{"id":13873,"date":"2019-07-29T13:33:30","date_gmt":"2019-07-29T11:33:30","guid":{"rendered":"http:\/\/www.atletikaolomouc.cz\/?p=13873"},"modified":"2019-07-29T13:36:32","modified_gmt":"2019-07-29T11:36:32","slug":"tri-stribrne-medaile-z-grand-prix-v-bydhosti-2019","status":"publish","type":"post","link":"https:\/\/old.atletikaolomouc.cz\/?p=13873","title":{"rendered":"T\u0159i st\u0159\u00edbrn\u00e9 medaile z Grand Prix v Bydho\u0161ti 2019"},"content":{"rendered":"\n<p>V term\u00ednu od 19. &#8211; 21.7.2019 jelo bojovat o medaile 5 sportovc\u016f s t\u011blesn\u00fdm handicapem.<span class=\"Apple-converted-space\">&nbsp;<\/span><!--more--><\/p>\n<p>U\u017e v \u00favodu V\u00e1m m\u016f\u017eeme sd\u011blit, \u017ee se nep\u0159ijelo s pr\u00e1zdnou. Vybojovali se t\u0159i kr\u00e1sn\u00e9 st\u0159\u00edbrn\u00e9 medaile v hodu o\u0161t\u011bpem a v b\u011bhu na 400m.<span class=\"Apple-converted-space\">&nbsp;<\/span><\/p>\n<p><b>Tohoto z\u00e1vodu se z\u00fa\u010dastnila tato olomouck\u00e1 skupina:<\/b><\/p>\n<p>Nejzn\u00e1mn\u011bj\u0161\u00ed olomouck\u00e1 vrha\u010dka Eva Kacanu (F54), spolu s dal\u0161\u00edmi vrha\u010di, Du\u0161an \u0160\u010dambura (F55) a Michal Rotter (F55). Ze stoj\u00edc\u00edch sportovc\u016f tu z\u00e1vodili Martin Kukla (F37) a Honza Mo\u0161t\u011bk (T37). Na t\u011bchto z\u00e1vodech m\u011bli i doprovod Vendulu \u0160ebe\u010dkovou a Hanku Rotterovou.<\/p>\n<p><b>V\u00fdsledkov\u00fd servis:<\/b><\/p>\n<p><strong>Martin Kukla (F37)<br><\/strong> &#8211; hod o\u0161t\u011bpem &#8211; 2. m\u00edsto &#8211; 37,89metr\u016f<\/p>\n<p><strong>Honza Mo\u0161t\u011bk (T37)<br><\/strong> &#8211; 400m &#8211; 2.m\u00edsto &#8211; <b>60,61s OR<\/b><\/p>\n<p><strong>Du\u0161an \u0160\u010dambura (F55)<\/strong> <br>&#8211; hod o\u0161t\u011bpem &#8211; 2.m\u00edsto &#8211;<span class=\"Apple-converted-space\">&nbsp; <\/span>20,06m (z\u00e1vod ve slou\u010den\u00e9 kategorii F55-F56)<br>&#8211; vrh koul\u00ed &#8211; 8.m\u00edsto &#8211; 7,39m<\/p>\n<p><strong>Michal Rotter (F55)<\/strong> <br>&#8211;<span class=\"Apple-converted-space\">&nbsp;<\/span>hod o\u0161t\u011bpem &#8211; 5.m\u00edsto &#8211; 19,95m (z\u00e1vod ve slou\u010den\u00e9 kategorii F55-F56)<br>&#8211; hod diskem 12.m\u00edsto &#8211; <b>17,59m OR<\/b><\/p>\n<p><strong>Eva Kacanu (F54)<br><\/strong> &#8211; vrh koul\u00ed &#8211; 7.m\u00edsto &#8211; 5,14m &#8211; (z\u00e1vod ve slou\u010den\u00e9 kategorii F53 &#8211; F57).<br>&#8211; hod o\u0161t\u011bpem &#8211; 7. m\u00edsto &#8211; 9,14m ( z\u00e1vod ve slou\u010den\u00e9 kategorii F54-F55)<\/p>\n<p style=\"text-align: center;\">Moc d\u011bkujeme za tyto kr\u00e1sn\u00e9 v\u00fdsledky.<\/p>\n<p><a href=\"https:\/\/photos.app.goo.gl\/yxTY6FRGYEa8haT37\">Foto zde<\/a><\/p>\n","protected":false},"excerpt":{"rendered":"<p>V term\u00ednu od 19. &#8211; 21.7.2019 jelo bojovat o medaile 5 sportovc\u016f s t\u011blesn\u00fdm handicapem.&nbsp;<\/p>\n","protected":false},"author":11,"featured_media":13877,"comment_status":"closed","ping_status":"closed","sticky":false,"template":"","format":"standard","meta":{"ngg_post_thumbnail":0},"categories":[5,48,6,37],"tags":[],"_links":{"self":[{"href":"https:\/\/old.atletikaolomouc.cz\/index.php?rest_route=\/wp\/v2\/posts\/13873"}],"collection":[{"href":"https:\/\/old.atletikaolomouc.cz\/index.php?rest_route=\/wp\/v2\/posts"}],"about":[{"href":"https:\/\/old.atletikaolomouc.cz\/index.php?rest_route=\/wp\/v2\/types\/post"}],"author":[{"embeddable":true,"href":"https:\/\/old.atletikaolomouc.cz\/index.php?rest_route=\/wp\/v2\/users\/11"}],"replies":[{"embeddable":true,"href":"https:\/\/old.atletikaolomouc.cz\/index.php?rest_route=%2Fwp%2Fv2%2Fcomments&post=13873"}],"version-history":[{"count":2,"href":"https:\/\/old.atletikaolomouc.cz\/index.php?rest_route=\/wp\/v2\/posts\/13873\/revisions"}],"predecessor-version":[{"id":13876,"href":"https:\/\/old.atletikaolomouc.cz\/index.php?rest_route=\/wp\/v2\/posts\/13873\/revisions\/13876"}],"wp:featuredmedia":[{"embeddable":true,"href":"https:\/\/old.atletikaolomouc.cz\/index.php?rest_route=\/wp\/v2\/media\/13877"}],"wp:attachment":[{"href":"https:\/\/old.atletikaolomouc.cz\/index.php?rest_route=%2Fwp%2Fv2%2Fmedia&parent=13873"}],"wp:term":[{"taxonomy":"category","embeddable":true,"href":"https:\/\/old.atletikaolomouc.cz\/index.php?rest_route=%2Fwp%2Fv2%2Fcategories&post=13873"},{"taxonomy":"post_tag","embeddable":true,"href":"https:\/\/old.atletikaolomouc.cz\/index.php?rest_route=%2Fwp%2Fv2%2Ftags&post=13873"}],"curies":[{"name":"wp","href":"https:\/\/api.w.org\/{rel}","templated":true}]}}