{"id":13989,"date":"2019-08-20T07:34:20","date_gmt":"2019-08-20T05:34:20","guid":{"rendered":"http:\/\/www.atletikaolomouc.cz\/?p=13989"},"modified":"2019-08-26T21:36:55","modified_gmt":"2019-08-26T19:36:55","slug":"zemrela-legenda-olomoucke-atletiky-roman-zrun","status":"publish","type":"post","link":"https:\/\/old.atletikaolomouc.cz\/?p=13989","title":{"rendered":"Zem\u0159ela legenda olomouck\u00e9 atletiky Roman Zrun"},"content":{"rendered":"\n<p>Ve st\u0159edu <strong>14. srpna 2019<\/strong> n\u00e1s nav\u017edy opustila legenda olomouck\u00e9 atletiky a mnohon\u00e1sobn\u00fd dr\u017eitel ml\u00e1de\u017enick\u00fdch rekord\u016f na sprintersk\u00fdch trat\u00edch a ve skoku o ty\u010di&nbsp;<strong>Roman Zrun<\/strong>. Zem\u0159el <strong>ve v\u011bku 59 let.<\/strong><!--more--><\/p>\n<p>Roman Zrun byl v\u0161estrann\u00fd atlet, kter\u00fd vstoupil do centra pozornosti atletick\u00fdch odborn\u00edk\u016f v roce 1975 jako \u017e\u00e1k, kdy v pouh\u00fdch patn\u00e1cti letech <strong>dorovnal \u010deskoslovensk\u00fd rekord v b\u011bhu na 100 m<\/strong> a pot\u00e9 byl jeho spoludr\u017eitelem za \u010das 10,7 s. Ve stejn\u00e9m roce pak nav\u00edc <strong>\u010dasem 22,2 s vyrovnal \u010deskoslovensk\u00fd rekord tak\u00e9 v b\u011bhu na 200 m.<\/strong><\/p>\n<p>O rok pozd\u011bji v dorosteneck\u00e9 kategorii p\u0159ekonal dal\u0161\u00ed n\u00e1rodn\u00ed rekord, tentokr\u00e1t u\u017e <strong>ve skoku o ty\u010di v\u00fdkonem 421 cm.<\/strong><\/p>\n<p>I n\u00e1sleduj\u00edc\u00ed rok jeho s\u00e9rie rekord\u016f pokra\u010dovala a v \u010dervenci roku 1977 na mezist\u00e1tn\u00edm utk\u00e1n\u00ed v Ath\u00e9n\u00e1ch p\u0159ekonal la\u0165ku ve v\u00fd\u0161ce 502 cm. Ve stejn\u00e9m roce sv\u016fj rekord je\u0161t\u011b o \u010dty\u0159i centimetry vylep\u0161il a je tak dodnes <strong>dr\u017eitelem odd\u00edlov\u00e9ho rekordu<\/strong> dorostenc\u016f i junior\u016f<strong> za v\u00fdkon 506 cm.<\/strong><\/p>\n<p>Nav\u00edc je dodnes tak\u00e9 dr\u017eitelem dorosteneck\u00e9ho odd\u00edlov\u00e9ho rekordu <strong>v b\u011bhu na 100 m<\/strong> (10,4 s) a dr\u017eitelem mu\u017esk\u00fdch odd\u00edlov\u00fdch rekord\u016f <strong>v b\u011bz\u00edch na 50 m<\/strong> (5,7 s)&nbsp;<strong>a 200 m<\/strong> (21,56 s).<\/p>\n<p><a href=\"http:\/\/www.atletikaolomouc.cz\/wp-content\/uploads\/2019\/08\/69236048_406338453344725_1754482664263385088_n.jpg\"><img decoding=\"async\" loading=\"lazy\" class=\"aligncenter size-large wp-image-13994\" src=\"http:\/\/www.atletikaolomouc.cz\/wp-content\/uploads\/2019\/08\/69236048_406338453344725_1754482664263385088_n-450x600.jpg\" alt=\"\" width=\"450\" height=\"600\" srcset=\"https:\/\/old.atletikaolomouc.cz\/wp-content\/uploads\/2019\/08\/69236048_406338453344725_1754482664263385088_n-450x600.jpg 450w, https:\/\/old.atletikaolomouc.cz\/wp-content\/uploads\/2019\/08\/69236048_406338453344725_1754482664263385088_n-225x300.jpg 225w, https:\/\/old.atletikaolomouc.cz\/wp-content\/uploads\/2019\/08\/69236048_406338453344725_1754482664263385088_n-768x1024.jpg 768w\" sizes=\"(max-width: 450px) 100vw, 450px\" \/><\/a><\/p>\n<p><a href=\"http:\/\/www.atletikaolomouc.cz\/wp-content\/uploads\/2019\/08\/MX-2614N_20190820_063258.pdf\" target=\"_blank\" rel=\"noopener\">Parte<\/a><\/p>\n<p><strong>\u010cest jeho pam\u00e1tce!<\/strong><\/p>\n","protected":false},"excerpt":{"rendered":"<p>Ve st\u0159edu 14. srpna 2019 n\u00e1s nav\u017edy opustila legenda olomouck\u00e9 atletiky a mnohon\u00e1sobn\u00fd dr\u017eitel ml\u00e1de\u017enick\u00fdch rekord\u016f na sprintersk\u00fdch trat\u00edch a ve skoku o ty\u010di&nbsp;Roman Zrun. Zem\u0159el ve v\u011bku 59 let.<\/p>\n","protected":false},"author":14,"featured_media":13996,"comment_status":"closed","ping_status":"closed","sticky":false,"template":"","format":"standard","meta":{"ngg_post_thumbnail":0},"categories":[5,6,37],"tags":[],"_links":{"self":[{"href":"https:\/\/old.atletikaolomouc.cz\/index.php?rest_route=\/wp\/v2\/posts\/13989"}],"collection":[{"href":"https:\/\/old.atletikaolomouc.cz\/index.php?rest_route=\/wp\/v2\/posts"}],"about":[{"href":"https:\/\/old.atletikaolomouc.cz\/index.php?rest_route=\/wp\/v2\/types\/post"}],"author":[{"embeddable":true,"href":"https:\/\/old.atletikaolomouc.cz\/index.php?rest_route=\/wp\/v2\/users\/14"}],"replies":[{"embeddable":true,"href":"https:\/\/old.atletikaolomouc.cz\/index.php?rest_route=%2Fwp%2Fv2%2Fcomments&post=13989"}],"version-history":[{"count":8,"href":"https:\/\/old.atletikaolomouc.cz\/index.php?rest_route=\/wp\/v2\/posts\/13989\/revisions"}],"predecessor-version":[{"id":14062,"href":"https:\/\/old.atletikaolomouc.cz\/index.php?rest_route=\/wp\/v2\/posts\/13989\/revisions\/14062"}],"wp:featuredmedia":[{"embeddable":true,"href":"https:\/\/old.atletikaolomouc.cz\/index.php?rest_route=\/wp\/v2\/media\/13996"}],"wp:attachment":[{"href":"https:\/\/old.atletikaolomouc.cz\/index.php?rest_route=%2Fwp%2Fv2%2Fmedia&parent=13989"}],"wp:term":[{"taxonomy":"category","embeddable":true,"href":"https:\/\/old.atletikaolomouc.cz\/index.php?rest_route=%2Fwp%2Fv2%2Fcategories&post=13989"},{"taxonomy":"post_tag","embeddable":true,"href":"https:\/\/old.atletikaolomouc.cz\/index.php?rest_route=%2Fwp%2Fv2%2Ftags&post=13989"}],"curies":[{"name":"wp","href":"https:\/\/api.w.org\/{rel}","templated":true}]}}