{"id":14063,"date":"2019-08-27T08:02:32","date_gmt":"2019-08-27T06:02:32","guid":{"rendered":"http:\/\/www.atletikaolomouc.cz\/?p=14063"},"modified":"2019-09-30T12:24:41","modified_gmt":"2019-09-30T10:24:41","slug":"kdo-prezije-tremesek-2019-foto","status":"publish","type":"post","link":"https:\/\/old.atletikaolomouc.cz\/?p=14063","title":{"rendered":"Kdo p\u0159e\u017eije: T\u0159eme\u0161ek 2019 &#8211; foto"},"content":{"rendered":"\n<p><img decoding=\"async\" loading=\"lazy\" class=\"alignleft size-thumbnail wp-image-14129\" src=\"http:\/\/www.atletikaolomouc.cz\/wp-content\/uploads\/2019\/08\/IMG_0154-150x150.jpg\" alt=\"\" width=\"150\" height=\"150\">Od 3. do 10. srpna \u00fasp\u011b\u0161n\u011b prob\u011bhl letn\u00ed atletick\u00fd t\u00e1bor T\u0159eme\u0161ek 2019. Leto\u0161n\u00edm motivem bylo Kdo p\u0159e\u017eije!<!--more--><\/p>\n<!-- default-view.php -->\n<div\n\tclass=\"ngg-galleryoverview default-view \"\n\tid=\"ngg-gallery-03754b1409d6b62586430837e81677b0-1\">\n\n\t\t<!-- Thumbnails -->\n\t\t\t\t<div id=\"ngg-image-0\" class=\"ngg-gallery-thumbnail-box ngg-2-columns\" >\n\t\t\t\t        <div class=\"ngg-gallery-thumbnail\">\n            <a href=\"https:\/\/old.atletikaolomouc.cz\/wp-content\/gallery\/tremesek-2019\/IMG_0101.JPG\"\n               title=\"\"\n               data-src=\"https:\/\/old.atletikaolomouc.cz\/wp-content\/gallery\/tremesek-2019\/IMG_0101.JPG\"\n               data-thumbnail=\"https:\/\/old.atletikaolomouc.cz\/wp-content\/gallery\/tremesek-2019\/thumbs\/thumbs_IMG_0101.JPG\"\n               data-image-id=\"4243\"\n               data-title=\"IMG_0101\"\n               data-description=\"\"\n               data-image-slug=\"img_0101-1\"\n               class=\"ngg-simplelightbox\" rel=\"03754b1409d6b62586430837e81677b0\">\n                <img\n                    title=\"IMG_0101\"\n                    alt=\"IMG_0101\"\n                    src=\"https:\/\/old.atletikaolomouc.cz\/wp-content\/gallery\/tremesek-2019\/thumbs\/thumbs_IMG_0101.JPG\"\n                    width=\"240\"\n                    height=\"160\"\n                    style=\"max-width:100%;\"\n                \/>\n            <\/a>\n        <\/div>\n\t\t\t\t\t\t\t<\/div> \n\t\t\t\n\t\t\t\t<div id=\"ngg-image-1\" class=\"ngg-gallery-thumbnail-box ngg-2-columns\" >\n\t\t\t\t        <div class=\"ngg-gallery-thumbnail\">\n            <a href=\"https:\/\/old.atletikaolomouc.cz\/wp-content\/gallery\/tremesek-2019\/IMG_0104.JPG\"\n               title=\"\"\n               data-src=\"https:\/\/old.atletikaolomouc.cz\/wp-content\/gallery\/tremesek-2019\/IMG_0104.JPG\"\n               data-thumbnail=\"https:\/\/old.atletikaolomouc.cz\/wp-content\/gallery\/tremesek-2019\/thumbs\/thumbs_IMG_0104.JPG\"\n               data-image-id=\"4244\"\n               data-title=\"IMG_0104\"\n               data-description=\"\"\n               data-image-slug=\"img_0104\"\n               class=\"ngg-simplelightbox\" rel=\"03754b1409d6b62586430837e81677b0\">\n                <img\n                    title=\"IMG_0104\"\n                    alt=\"IMG_0104\"\n                    src=\"https:\/\/old.atletikaolomouc.cz\/wp-content\/gallery\/tremesek-2019\/thumbs\/thumbs_IMG_0104.JPG\"\n                    width=\"240\"\n                    height=\"160\"\n                    style=\"max-width:100%;\"\n                \/>\n            <\/a>\n        <\/div>\n\t\t\t\t\t\t\t<\/div> \n\t\t\t\n\t\t\t\t<div id=\"ngg-image-2\" class=\"ngg-gallery-thumbnail-box ngg-2-columns\" >\n\t\t\t\t        <div class=\"ngg-gallery-thumbnail\">\n            <a href=\"https:\/\/old.atletikaolomouc.cz\/wp-content\/gallery\/tremesek-2019\/IMG_0108.JPG\"\n               title=\"\"\n               data-src=\"https:\/\/old.atletikaolomouc.cz\/wp-content\/gallery\/tremesek-2019\/IMG_0108.JPG\"\n               data-thumbnail=\"https:\/\/old.atletikaolomouc.cz\/wp-content\/gallery\/tremesek-2019\/thumbs\/thumbs_IMG_0108.JPG\"\n               data-image-id=\"4245\"\n               data-title=\"IMG_0108\"\n               data-description=\"\"\n               data-image-slug=\"img_0108\"\n               class=\"ngg-simplelightbox\" rel=\"03754b1409d6b62586430837e81677b0\">\n                <img\n                    title=\"IMG_0108\"\n                    alt=\"IMG_0108\"\n                    src=\"https:\/\/old.atletikaolomouc.cz\/wp-content\/gallery\/tremesek-2019\/thumbs\/thumbs_IMG_0108.JPG\"\n                    width=\"240\"\n                    height=\"160\"\n                    style=\"max-width:100%;\"\n                \/>\n            <\/a>\n        <\/div>\n\t\t\t\t\t\t\t<\/div> \n\t\t\t\n\t\t\t\t<div id=\"ngg-image-3\" class=\"ngg-gallery-thumbnail-box ngg-2-columns\" >\n\t\t\t\t        <div class=\"ngg-gallery-thumbnail\">\n            <a href=\"https:\/\/old.atletikaolomouc.cz\/wp-content\/gallery\/tremesek-2019\/IMG_0112.JPG\"\n               title=\"\"\n               data-src=\"https:\/\/old.atletikaolomouc.cz\/wp-content\/gallery\/tremesek-2019\/IMG_0112.JPG\"\n               data-thumbnail=\"https:\/\/old.atletikaolomouc.cz\/wp-content\/gallery\/tremesek-2019\/thumbs\/thumbs_IMG_0112.JPG\"\n               data-image-id=\"4246\"\n               data-title=\"IMG_0112\"\n               data-description=\"\"\n               data-image-slug=\"img_0112\"\n               class=\"ngg-simplelightbox\" rel=\"03754b1409d6b62586430837e81677b0\">\n                <img\n                    title=\"IMG_0112\"\n                    alt=\"IMG_0112\"\n                    src=\"https:\/\/old.atletikaolomouc.cz\/wp-content\/gallery\/tremesek-2019\/thumbs\/thumbs_IMG_0112.JPG\"\n                    width=\"240\"\n                    height=\"160\"\n                    style=\"max-width:100%;\"\n                \/>\n            <\/a>\n        <\/div>\n\t\t\t\t\t\t\t<\/div> \n\t\t\t\n\t\t\t\t<div id=\"ngg-image-4\" class=\"ngg-gallery-thumbnail-box ngg-2-columns\" >\n\t\t\t\t        <div class=\"ngg-gallery-thumbnail\">\n            <a href=\"https:\/\/old.atletikaolomouc.cz\/wp-content\/gallery\/tremesek-2019\/IMG_0114.JPG\"\n               title=\"\"\n               data-src=\"https:\/\/old.atletikaolomouc.cz\/wp-content\/gallery\/tremesek-2019\/IMG_0114.JPG\"\n               data-thumbnail=\"https:\/\/old.atletikaolomouc.cz\/wp-content\/gallery\/tremesek-2019\/thumbs\/thumbs_IMG_0114.JPG\"\n               data-image-id=\"4247\"\n               data-title=\"IMG_0114\"\n               data-description=\"\"\n               data-image-slug=\"img_0114\"\n               class=\"ngg-simplelightbox\" rel=\"03754b1409d6b62586430837e81677b0\">\n                <img\n                    title=\"IMG_0114\"\n                    alt=\"IMG_0114\"\n                    src=\"https:\/\/old.atletikaolomouc.cz\/wp-content\/gallery\/tremesek-2019\/thumbs\/thumbs_IMG_0114.JPG\"\n                    width=\"240\"\n                    height=\"160\"\n                    style=\"max-width:100%;\"\n                \/>\n            <\/a>\n        <\/div>\n\t\t\t\t\t\t\t<\/div> \n\t\t\t\n\t\t\t\t<div id=\"ngg-image-5\" class=\"ngg-gallery-thumbnail-box ngg-2-columns\" >\n\t\t\t\t        <div class=\"ngg-gallery-thumbnail\">\n            <a href=\"https:\/\/old.atletikaolomouc.cz\/wp-content\/gallery\/tremesek-2019\/IMG_0116.JPG\"\n               title=\"\"\n               data-src=\"https:\/\/old.atletikaolomouc.cz\/wp-content\/gallery\/tremesek-2019\/IMG_0116.JPG\"\n               data-thumbnail=\"https:\/\/old.atletikaolomouc.cz\/wp-content\/gallery\/tremesek-2019\/thumbs\/thumbs_IMG_0116.JPG\"\n               data-image-id=\"4248\"\n               data-title=\"IMG_0116\"\n               data-description=\"\"\n               data-image-slug=\"img_0116\"\n               class=\"ngg-simplelightbox\" rel=\"03754b1409d6b62586430837e81677b0\">\n                <img\n                    title=\"IMG_0116\"\n                    alt=\"IMG_0116\"\n                    src=\"https:\/\/old.atletikaolomouc.cz\/wp-content\/gallery\/tremesek-2019\/thumbs\/thumbs_IMG_0116.JPG\"\n                    width=\"240\"\n                    height=\"160\"\n                    style=\"max-width:100%;\"\n                \/>\n            <\/a>\n        <\/div>\n\t\t\t\t\t\t\t<\/div> \n\t\t\t\n\t\t\t\t<div id=\"ngg-image-6\" class=\"ngg-gallery-thumbnail-box ngg-2-columns\" >\n\t\t\t\t        <div class=\"ngg-gallery-thumbnail\">\n            <a href=\"https:\/\/old.atletikaolomouc.cz\/wp-content\/gallery\/tremesek-2019\/IMG_0121.JPG\"\n               title=\"\"\n               data-src=\"https:\/\/old.atletikaolomouc.cz\/wp-content\/gallery\/tremesek-2019\/IMG_0121.JPG\"\n               data-thumbnail=\"https:\/\/old.atletikaolomouc.cz\/wp-content\/gallery\/tremesek-2019\/thumbs\/thumbs_IMG_0121.JPG\"\n               data-image-id=\"4249\"\n               data-title=\"IMG_0121\"\n               data-description=\"\"\n               data-image-slug=\"img_0121\"\n               class=\"ngg-simplelightbox\" rel=\"03754b1409d6b62586430837e81677b0\">\n                <img\n                    title=\"IMG_0121\"\n                    alt=\"IMG_0121\"\n                    src=\"https:\/\/old.atletikaolomouc.cz\/wp-content\/gallery\/tremesek-2019\/thumbs\/thumbs_IMG_0121.JPG\"\n                    width=\"240\"\n                    height=\"160\"\n                    style=\"max-width:100%;\"\n                \/>\n            <\/a>\n        <\/div>\n\t\t\t\t\t\t\t<\/div> \n\t\t\t\n\t\t\t\t<div id=\"ngg-image-7\" class=\"ngg-gallery-thumbnail-box ngg-2-columns\" >\n\t\t\t\t        <div class=\"ngg-gallery-thumbnail\">\n            <a href=\"https:\/\/old.atletikaolomouc.cz\/wp-content\/gallery\/tremesek-2019\/IMG_0123.JPG\"\n               title=\"\"\n               data-src=\"https:\/\/old.atletikaolomouc.cz\/wp-content\/gallery\/tremesek-2019\/IMG_0123.JPG\"\n               data-thumbnail=\"https:\/\/old.atletikaolomouc.cz\/wp-content\/gallery\/tremesek-2019\/thumbs\/thumbs_IMG_0123.JPG\"\n               data-image-id=\"4250\"\n               data-title=\"IMG_0123\"\n               data-description=\"\"\n               data-image-slug=\"img_0123\"\n               class=\"ngg-simplelightbox\" rel=\"03754b1409d6b62586430837e81677b0\">\n                <img\n                    title=\"IMG_0123\"\n                    alt=\"IMG_0123\"\n                    src=\"https:\/\/old.atletikaolomouc.cz\/wp-content\/gallery\/tremesek-2019\/thumbs\/thumbs_IMG_0123.JPG\"\n                    width=\"240\"\n                    height=\"160\"\n                    style=\"max-width:100%;\"\n                \/>\n            <\/a>\n        <\/div>\n\t\t\t\t\t\t\t<\/div> \n\t\t\t\n\t\t\t\t<div id=\"ngg-image-8\" class=\"ngg-gallery-thumbnail-box ngg-2-columns\" >\n\t\t\t\t        <div class=\"ngg-gallery-thumbnail\">\n            <a href=\"https:\/\/old.atletikaolomouc.cz\/wp-content\/gallery\/tremesek-2019\/IMG_0124.JPG\"\n               title=\"\"\n               data-src=\"https:\/\/old.atletikaolomouc.cz\/wp-content\/gallery\/tremesek-2019\/IMG_0124.JPG\"\n               data-thumbnail=\"https:\/\/old.atletikaolomouc.cz\/wp-content\/gallery\/tremesek-2019\/thumbs\/thumbs_IMG_0124.JPG\"\n               data-image-id=\"4251\"\n               data-title=\"IMG_0124\"\n               data-description=\"\"\n               data-image-slug=\"img_0124\"\n               class=\"ngg-simplelightbox\" rel=\"03754b1409d6b62586430837e81677b0\">\n                <img\n                    title=\"IMG_0124\"\n                    alt=\"IMG_0124\"\n                    src=\"https:\/\/old.atletikaolomouc.cz\/wp-content\/gallery\/tremesek-2019\/thumbs\/thumbs_IMG_0124.JPG\"\n                    width=\"240\"\n                    height=\"160\"\n                    style=\"max-width:100%;\"\n                \/>\n            <\/a>\n        <\/div>\n\t\t\t\t\t\t\t<\/div> \n\t\t\t\n\t\t\t\t<div id=\"ngg-image-9\" class=\"ngg-gallery-thumbnail-box ngg-2-columns\" >\n\t\t\t\t        <div class=\"ngg-gallery-thumbnail\">\n            <a href=\"https:\/\/old.atletikaolomouc.cz\/wp-content\/gallery\/tremesek-2019\/IMG_0126.JPG\"\n               title=\"\"\n               data-src=\"https:\/\/old.atletikaolomouc.cz\/wp-content\/gallery\/tremesek-2019\/IMG_0126.JPG\"\n               data-thumbnail=\"https:\/\/old.atletikaolomouc.cz\/wp-content\/gallery\/tremesek-2019\/thumbs\/thumbs_IMG_0126.JPG\"\n               data-image-id=\"4252\"\n               data-title=\"IMG_0126\"\n               data-description=\"\"\n               data-image-slug=\"img_0126\"\n               class=\"ngg-simplelightbox\" rel=\"03754b1409d6b62586430837e81677b0\">\n                <img\n                    title=\"IMG_0126\"\n                    alt=\"IMG_0126\"\n                    src=\"https:\/\/old.atletikaolomouc.cz\/wp-content\/gallery\/tremesek-2019\/thumbs\/thumbs_IMG_0126.JPG\"\n                    width=\"240\"\n                    height=\"160\"\n                    style=\"max-width:100%;\"\n                \/>\n            <\/a>\n        <\/div>\n\t\t\t\t\t\t\t<\/div> \n\t\t\t\n\t\t\t\t<div id=\"ngg-image-10\" class=\"ngg-gallery-thumbnail-box ngg-2-columns\" >\n\t\t\t\t        <div class=\"ngg-gallery-thumbnail\">\n            <a href=\"https:\/\/old.atletikaolomouc.cz\/wp-content\/gallery\/tremesek-2019\/IMG_0128.JPG\"\n               title=\"\"\n               data-src=\"https:\/\/old.atletikaolomouc.cz\/wp-content\/gallery\/tremesek-2019\/IMG_0128.JPG\"\n               data-thumbnail=\"https:\/\/old.atletikaolomouc.cz\/wp-content\/gallery\/tremesek-2019\/thumbs\/thumbs_IMG_0128.JPG\"\n               data-image-id=\"4253\"\n               data-title=\"IMG_0128\"\n               data-description=\"\"\n               data-image-slug=\"img_0128\"\n               class=\"ngg-simplelightbox\" rel=\"03754b1409d6b62586430837e81677b0\">\n                <img\n                    title=\"IMG_0128\"\n                    alt=\"IMG_0128\"\n                    src=\"https:\/\/old.atletikaolomouc.cz\/wp-content\/gallery\/tremesek-2019\/thumbs\/thumbs_IMG_0128.JPG\"\n                    width=\"240\"\n                    height=\"160\"\n                    style=\"max-width:100%;\"\n                \/>\n            <\/a>\n        <\/div>\n\t\t\t\t\t\t\t<\/div> \n\t\t\t\n\t\t\t\t<div id=\"ngg-image-11\" class=\"ngg-gallery-thumbnail-box ngg-2-columns\" >\n\t\t\t\t        <div class=\"ngg-gallery-thumbnail\">\n            <a href=\"https:\/\/old.atletikaolomouc.cz\/wp-content\/gallery\/tremesek-2019\/IMG_0130.JPG\"\n               title=\"\"\n               data-src=\"https:\/\/old.atletikaolomouc.cz\/wp-content\/gallery\/tremesek-2019\/IMG_0130.JPG\"\n               data-thumbnail=\"https:\/\/old.atletikaolomouc.cz\/wp-content\/gallery\/tremesek-2019\/thumbs\/thumbs_IMG_0130.JPG\"\n               data-image-id=\"4255\"\n               data-title=\"IMG_0130\"\n               data-description=\"\"\n               data-image-slug=\"img_0130\"\n               class=\"ngg-simplelightbox\" rel=\"03754b1409d6b62586430837e81677b0\">\n                <img\n                    title=\"IMG_0130\"\n                    alt=\"IMG_0130\"\n                    src=\"https:\/\/old.atletikaolomouc.cz\/wp-content\/gallery\/tremesek-2019\/thumbs\/thumbs_IMG_0130.JPG\"\n                    width=\"240\"\n                    height=\"160\"\n                    style=\"max-width:100%;\"\n                \/>\n            <\/a>\n        <\/div>\n\t\t\t\t\t\t\t<\/div> \n\t\t\t\n\t\t\t\t<div id=\"ngg-image-12\" class=\"ngg-gallery-thumbnail-box ngg-2-columns\" >\n\t\t\t\t        <div class=\"ngg-gallery-thumbnail\">\n            <a href=\"https:\/\/old.atletikaolomouc.cz\/wp-content\/gallery\/tremesek-2019\/IMG_0131.JPG\"\n               title=\"\"\n               data-src=\"https:\/\/old.atletikaolomouc.cz\/wp-content\/gallery\/tremesek-2019\/IMG_0131.JPG\"\n               data-thumbnail=\"https:\/\/old.atletikaolomouc.cz\/wp-content\/gallery\/tremesek-2019\/thumbs\/thumbs_IMG_0131.JPG\"\n               data-image-id=\"4256\"\n               data-title=\"IMG_0131\"\n               data-description=\"\"\n               data-image-slug=\"img_0131\"\n               class=\"ngg-simplelightbox\" rel=\"03754b1409d6b62586430837e81677b0\">\n                <img\n                    title=\"IMG_0131\"\n                    alt=\"IMG_0131\"\n                    src=\"https:\/\/old.atletikaolomouc.cz\/wp-content\/gallery\/tremesek-2019\/thumbs\/thumbs_IMG_0131.JPG\"\n                    width=\"240\"\n                    height=\"160\"\n                    style=\"max-width:100%;\"\n                \/>\n            <\/a>\n        <\/div>\n\t\t\t\t\t\t\t<\/div> \n\t\t\t\n\t\t\t\t<div id=\"ngg-image-13\" class=\"ngg-gallery-thumbnail-box ngg-2-columns\" >\n\t\t\t\t        <div class=\"ngg-gallery-thumbnail\">\n            <a href=\"https:\/\/old.atletikaolomouc.cz\/wp-content\/gallery\/tremesek-2019\/IMG_0135.JPG\"\n               title=\"\"\n               data-src=\"https:\/\/old.atletikaolomouc.cz\/wp-content\/gallery\/tremesek-2019\/IMG_0135.JPG\"\n               data-thumbnail=\"https:\/\/old.atletikaolomouc.cz\/wp-content\/gallery\/tremesek-2019\/thumbs\/thumbs_IMG_0135.JPG\"\n               data-image-id=\"4257\"\n               data-title=\"IMG_0135\"\n               data-description=\"\"\n               data-image-slug=\"img_0135\"\n               class=\"ngg-simplelightbox\" rel=\"03754b1409d6b62586430837e81677b0\">\n                <img\n                    title=\"IMG_0135\"\n                    alt=\"IMG_0135\"\n                    src=\"https:\/\/old.atletikaolomouc.cz\/wp-content\/gallery\/tremesek-2019\/thumbs\/thumbs_IMG_0135.JPG\"\n                    width=\"240\"\n                    height=\"160\"\n                    style=\"max-width:100%;\"\n                \/>\n            <\/a>\n        <\/div>\n\t\t\t\t\t\t\t<\/div> \n\t\t\t\n\t\t\t\t<div id=\"ngg-image-14\" class=\"ngg-gallery-thumbnail-box ngg-2-columns\" >\n\t\t\t\t        <div class=\"ngg-gallery-thumbnail\">\n            <a href=\"https:\/\/old.atletikaolomouc.cz\/wp-content\/gallery\/tremesek-2019\/IMG_0138.JPG\"\n               title=\"\"\n               data-src=\"https:\/\/old.atletikaolomouc.cz\/wp-content\/gallery\/tremesek-2019\/IMG_0138.JPG\"\n               data-thumbnail=\"https:\/\/old.atletikaolomouc.cz\/wp-content\/gallery\/tremesek-2019\/thumbs\/thumbs_IMG_0138.JPG\"\n               data-image-id=\"4258\"\n               data-title=\"IMG_0138\"\n               data-description=\"\"\n               data-image-slug=\"img_0138\"\n               class=\"ngg-simplelightbox\" rel=\"03754b1409d6b62586430837e81677b0\">\n                <img\n                    title=\"IMG_0138\"\n                    alt=\"IMG_0138\"\n                    src=\"https:\/\/old.atletikaolomouc.cz\/wp-content\/gallery\/tremesek-2019\/thumbs\/thumbs_IMG_0138.JPG\"\n                    width=\"240\"\n                    height=\"160\"\n                    style=\"max-width:100%;\"\n                \/>\n            <\/a>\n        <\/div>\n\t\t\t\t\t\t\t<\/div> \n\t\t\t\n\t\t\t\t<div id=\"ngg-image-15\" class=\"ngg-gallery-thumbnail-box ngg-2-columns\" >\n\t\t\t\t        <div class=\"ngg-gallery-thumbnail\">\n            <a href=\"https:\/\/old.atletikaolomouc.cz\/wp-content\/gallery\/tremesek-2019\/IMG_0140.JPG\"\n               title=\"\"\n               data-src=\"https:\/\/old.atletikaolomouc.cz\/wp-content\/gallery\/tremesek-2019\/IMG_0140.JPG\"\n               data-thumbnail=\"https:\/\/old.atletikaolomouc.cz\/wp-content\/gallery\/tremesek-2019\/thumbs\/thumbs_IMG_0140.JPG\"\n               data-image-id=\"4259\"\n               data-title=\"IMG_0140\"\n               data-description=\"\"\n               data-image-slug=\"img_0140\"\n               class=\"ngg-simplelightbox\" rel=\"03754b1409d6b62586430837e81677b0\">\n                <img\n                    title=\"IMG_0140\"\n                    alt=\"IMG_0140\"\n                    src=\"https:\/\/old.atletikaolomouc.cz\/wp-content\/gallery\/tremesek-2019\/thumbs\/thumbs_IMG_0140.JPG\"\n                    width=\"240\"\n                    height=\"160\"\n                    style=\"max-width:100%;\"\n                \/>\n            <\/a>\n        <\/div>\n\t\t\t\t\t\t\t<\/div> \n\t\t\t\n\t\t\t\t<div id=\"ngg-image-16\" class=\"ngg-gallery-thumbnail-box ngg-2-columns\" >\n\t\t\t\t        <div class=\"ngg-gallery-thumbnail\">\n            <a href=\"https:\/\/old.atletikaolomouc.cz\/wp-content\/gallery\/tremesek-2019\/IMG_0141.JPG\"\n               title=\"\"\n               data-src=\"https:\/\/old.atletikaolomouc.cz\/wp-content\/gallery\/tremesek-2019\/IMG_0141.JPG\"\n               data-thumbnail=\"https:\/\/old.atletikaolomouc.cz\/wp-content\/gallery\/tremesek-2019\/thumbs\/thumbs_IMG_0141.JPG\"\n               data-image-id=\"4260\"\n               data-title=\"IMG_0141\"\n               data-description=\"\"\n               data-image-slug=\"img_0141\"\n               class=\"ngg-simplelightbox\" rel=\"03754b1409d6b62586430837e81677b0\">\n                <img\n                    title=\"IMG_0141\"\n                    alt=\"IMG_0141\"\n                    src=\"https:\/\/old.atletikaolomouc.cz\/wp-content\/gallery\/tremesek-2019\/thumbs\/thumbs_IMG_0141.JPG\"\n                    width=\"240\"\n                    height=\"160\"\n                    style=\"max-width:100%;\"\n                \/>\n            <\/a>\n        <\/div>\n\t\t\t\t\t\t\t<\/div> \n\t\t\t\n\t\t\t\t<div id=\"ngg-image-17\" class=\"ngg-gallery-thumbnail-box ngg-2-columns\" >\n\t\t\t\t        <div class=\"ngg-gallery-thumbnail\">\n            <a href=\"https:\/\/old.atletikaolomouc.cz\/wp-content\/gallery\/tremesek-2019\/IMG_0143.JPG\"\n               title=\"\"\n               data-src=\"https:\/\/old.atletikaolomouc.cz\/wp-content\/gallery\/tremesek-2019\/IMG_0143.JPG\"\n               data-thumbnail=\"https:\/\/old.atletikaolomouc.cz\/wp-content\/gallery\/tremesek-2019\/thumbs\/thumbs_IMG_0143.JPG\"\n               data-image-id=\"4261\"\n               data-title=\"IMG_0143\"\n               data-description=\"\"\n               data-image-slug=\"img_0143\"\n               class=\"ngg-simplelightbox\" rel=\"03754b1409d6b62586430837e81677b0\">\n                <img\n                    title=\"IMG_0143\"\n                    alt=\"IMG_0143\"\n                    src=\"https:\/\/old.atletikaolomouc.cz\/wp-content\/gallery\/tremesek-2019\/thumbs\/thumbs_IMG_0143.JPG\"\n                    width=\"240\"\n                    height=\"160\"\n                    style=\"max-width:100%;\"\n                \/>\n            <\/a>\n        <\/div>\n\t\t\t\t\t\t\t<\/div> \n\t\t\t\n\t\t\t\t<div id=\"ngg-image-18\" class=\"ngg-gallery-thumbnail-box ngg-2-columns\" >\n\t\t\t\t        <div class=\"ngg-gallery-thumbnail\">\n            <a href=\"https:\/\/old.atletikaolomouc.cz\/wp-content\/gallery\/tremesek-2019\/IMG_0144.JPG\"\n               title=\"\"\n               data-src=\"https:\/\/old.atletikaolomouc.cz\/wp-content\/gallery\/tremesek-2019\/IMG_0144.JPG\"\n               data-thumbnail=\"https:\/\/old.atletikaolomouc.cz\/wp-content\/gallery\/tremesek-2019\/thumbs\/thumbs_IMG_0144.JPG\"\n               data-image-id=\"4262\"\n               data-title=\"IMG_0144\"\n               data-description=\"\"\n               data-image-slug=\"img_0144\"\n               class=\"ngg-simplelightbox\" rel=\"03754b1409d6b62586430837e81677b0\">\n                <img\n                    title=\"IMG_0144\"\n                    alt=\"IMG_0144\"\n                    src=\"https:\/\/old.atletikaolomouc.cz\/wp-content\/gallery\/tremesek-2019\/thumbs\/thumbs_IMG_0144.JPG\"\n                    width=\"240\"\n                    height=\"160\"\n                    style=\"max-width:100%;\"\n                \/>\n            <\/a>\n        <\/div>\n\t\t\t\t\t\t\t<\/div> \n\t\t\t\n\t\t\t\t<div id=\"ngg-image-19\" class=\"ngg-gallery-thumbnail-box ngg-2-columns\" >\n\t\t\t\t        <div class=\"ngg-gallery-thumbnail\">\n            <a href=\"https:\/\/old.atletikaolomouc.cz\/wp-content\/gallery\/tremesek-2019\/IMG_0145.JPG\"\n               title=\"\"\n               data-src=\"https:\/\/old.atletikaolomouc.cz\/wp-content\/gallery\/tremesek-2019\/IMG_0145.JPG\"\n               data-thumbnail=\"https:\/\/old.atletikaolomouc.cz\/wp-content\/gallery\/tremesek-2019\/thumbs\/thumbs_IMG_0145.JPG\"\n               data-image-id=\"4263\"\n               data-title=\"IMG_0145\"\n               data-description=\"\"\n               data-image-slug=\"img_0145\"\n               class=\"ngg-simplelightbox\" rel=\"03754b1409d6b62586430837e81677b0\">\n                <img\n                    title=\"IMG_0145\"\n                    alt=\"IMG_0145\"\n                    src=\"https:\/\/old.atletikaolomouc.cz\/wp-content\/gallery\/tremesek-2019\/thumbs\/thumbs_IMG_0145.JPG\"\n                    width=\"240\"\n                    height=\"160\"\n                    style=\"max-width:100%;\"\n                \/>\n            <\/a>\n        <\/div>\n\t\t\t\t\t\t\t<\/div> \n\t\t\t\n\t\t\t\t<div id=\"ngg-image-20\" class=\"ngg-gallery-thumbnail-box ngg-2-columns\" >\n\t\t\t\t        <div class=\"ngg-gallery-thumbnail\">\n            <a href=\"https:\/\/old.atletikaolomouc.cz\/wp-content\/gallery\/tremesek-2019\/IMG_0147.JPG\"\n               title=\"\"\n               data-src=\"https:\/\/old.atletikaolomouc.cz\/wp-content\/gallery\/tremesek-2019\/IMG_0147.JPG\"\n               data-thumbnail=\"https:\/\/old.atletikaolomouc.cz\/wp-content\/gallery\/tremesek-2019\/thumbs\/thumbs_IMG_0147.JPG\"\n               data-image-id=\"4264\"\n               data-title=\"IMG_0147\"\n               data-description=\"\"\n               data-image-slug=\"img_0147\"\n               class=\"ngg-simplelightbox\" rel=\"03754b1409d6b62586430837e81677b0\">\n                <img\n                    title=\"IMG_0147\"\n                    alt=\"IMG_0147\"\n                    src=\"https:\/\/old.atletikaolomouc.cz\/wp-content\/gallery\/tremesek-2019\/thumbs\/thumbs_IMG_0147.JPG\"\n                    width=\"240\"\n                    height=\"160\"\n                    style=\"max-width:100%;\"\n                \/>\n            <\/a>\n        <\/div>\n\t\t\t\t\t\t\t<\/div> \n\t\t\t\n\t\t\t\t<div id=\"ngg-image-21\" class=\"ngg-gallery-thumbnail-box ngg-2-columns\" >\n\t\t\t\t        <div class=\"ngg-gallery-thumbnail\">\n            <a href=\"https:\/\/old.atletikaolomouc.cz\/wp-content\/gallery\/tremesek-2019\/IMG_0149.JPG\"\n               title=\"\"\n               data-src=\"https:\/\/old.atletikaolomouc.cz\/wp-content\/gallery\/tremesek-2019\/IMG_0149.JPG\"\n               data-thumbnail=\"https:\/\/old.atletikaolomouc.cz\/wp-content\/gallery\/tremesek-2019\/thumbs\/thumbs_IMG_0149.JPG\"\n               data-image-id=\"4265\"\n               data-title=\"IMG_0149\"\n               data-description=\"\"\n               data-image-slug=\"img_0149\"\n               class=\"ngg-simplelightbox\" rel=\"03754b1409d6b62586430837e81677b0\">\n                <img\n                    title=\"IMG_0149\"\n                    alt=\"IMG_0149\"\n                    src=\"https:\/\/old.atletikaolomouc.cz\/wp-content\/gallery\/tremesek-2019\/thumbs\/thumbs_IMG_0149.JPG\"\n                    width=\"240\"\n                    height=\"160\"\n                    style=\"max-width:100%;\"\n                \/>\n            <\/a>\n        <\/div>\n\t\t\t\t\t\t\t<\/div> \n\t\t\t\n\t\t\t\t<div id=\"ngg-image-22\" class=\"ngg-gallery-thumbnail-box ngg-2-columns\" >\n\t\t\t\t        <div class=\"ngg-gallery-thumbnail\">\n            <a href=\"https:\/\/old.atletikaolomouc.cz\/wp-content\/gallery\/tremesek-2019\/IMG_0150.JPG\"\n               title=\"\"\n               data-src=\"https:\/\/old.atletikaolomouc.cz\/wp-content\/gallery\/tremesek-2019\/IMG_0150.JPG\"\n               data-thumbnail=\"https:\/\/old.atletikaolomouc.cz\/wp-content\/gallery\/tremesek-2019\/thumbs\/thumbs_IMG_0150.JPG\"\n               data-image-id=\"4266\"\n               data-title=\"IMG_0150\"\n               data-description=\"\"\n               data-image-slug=\"img_0150\"\n               class=\"ngg-simplelightbox\" rel=\"03754b1409d6b62586430837e81677b0\">\n                <img\n                    title=\"IMG_0150\"\n                    alt=\"IMG_0150\"\n                    src=\"https:\/\/old.atletikaolomouc.cz\/wp-content\/gallery\/tremesek-2019\/thumbs\/thumbs_IMG_0150.JPG\"\n                    width=\"240\"\n                    height=\"160\"\n                    style=\"max-width:100%;\"\n                \/>\n            <\/a>\n        <\/div>\n\t\t\t\t\t\t\t<\/div> \n\t\t\t\n\t\t\t\t<div id=\"ngg-image-23\" class=\"ngg-gallery-thumbnail-box ngg-2-columns\" >\n\t\t\t\t        <div class=\"ngg-gallery-thumbnail\">\n            <a href=\"https:\/\/old.atletikaolomouc.cz\/wp-content\/gallery\/tremesek-2019\/IMG_0151.JPG\"\n               title=\"\"\n               data-src=\"https:\/\/old.atletikaolomouc.cz\/wp-content\/gallery\/tremesek-2019\/IMG_0151.JPG\"\n               data-thumbnail=\"https:\/\/old.atletikaolomouc.cz\/wp-content\/gallery\/tremesek-2019\/thumbs\/thumbs_IMG_0151.JPG\"\n               data-image-id=\"4267\"\n               data-title=\"IMG_0151\"\n               data-description=\"\"\n               data-image-slug=\"img_0151\"\n               class=\"ngg-simplelightbox\" rel=\"03754b1409d6b62586430837e81677b0\">\n                <img\n                    title=\"IMG_0151\"\n                    alt=\"IMG_0151\"\n                    src=\"https:\/\/old.atletikaolomouc.cz\/wp-content\/gallery\/tremesek-2019\/thumbs\/thumbs_IMG_0151.JPG\"\n                    width=\"240\"\n                    height=\"160\"\n                    style=\"max-width:100%;\"\n                \/>\n            <\/a>\n        <\/div>\n\t\t\t\t\t\t\t<\/div> \n\t\t\t\n\t\n\t<br style=\"clear: both\" \/>\n\n\t\n\t\t<!-- Pagination -->\n\t<div class='ngg-navigation'><span class='current'>1<\/span>\n<a class='page-numbers' data-pageid='2' href='https:\/\/old.atletikaolomouc.cz\/index.php\/nggallery\/page\/2?p=14063'>2<\/a>\n<a class='page-numbers' data-pageid='3' href='https:\/\/old.atletikaolomouc.cz\/index.php\/nggallery\/page\/3?p=14063'>3<\/a>\n<a class='prev' href='https:\/\/old.atletikaolomouc.cz\/index.php\/nggallery\/page\/2?p=14063' data-pageid=2>&#9658;<\/a><\/div>\t<\/div>\n\n","protected":false},"excerpt":{"rendered":"<p>Od 3. do 10. srpna \u00fasp\u011b\u0161n\u011b prob\u011bhl letn\u00ed atletick\u00fd t\u00e1bor T\u0159eme\u0161ek 2019. Leto\u0161n\u00edm motivem bylo Kdo p\u0159e\u017eije!<\/p>\n","protected":false},"author":14,"featured_media":0,"comment_status":"closed","ping_status":"closed","sticky":false,"template":"","format":"standard","meta":{"ngg_post_thumbnail":0},"categories":[6,62,37,19],"tags":[],"_links":{"self":[{"href":"https:\/\/old.atletikaolomouc.cz\/index.php?rest_route=\/wp\/v2\/posts\/14063"}],"collection":[{"href":"https:\/\/old.atletikaolomouc.cz\/index.php?rest_route=\/wp\/v2\/posts"}],"about":[{"href":"https:\/\/old.atletikaolomouc.cz\/index.php?rest_route=\/wp\/v2\/types\/post"}],"author":[{"embeddable":true,"href":"https:\/\/old.atletikaolomouc.cz\/index.php?rest_route=\/wp\/v2\/users\/14"}],"replies":[{"embeddable":true,"href":"https:\/\/old.atletikaolomouc.cz\/index.php?rest_route=%2Fwp%2Fv2%2Fcomments&post=14063"}],"version-history":[{"count":8,"href":"https:\/\/old.atletikaolomouc.cz\/index.php?rest_route=\/wp\/v2\/posts\/14063\/revisions"}],"predecessor-version":[{"id":14777,"href":"https:\/\/old.atletikaolomouc.cz\/index.php?rest_route=\/wp\/v2\/posts\/14063\/revisions\/14777"}],"wp:attachment":[{"href":"https:\/\/old.atletikaolomouc.cz\/index.php?rest_route=%2Fwp%2Fv2%2Fmedia&parent=14063"}],"wp:term":[{"taxonomy":"category","embeddable":true,"href":"https:\/\/old.atletikaolomouc.cz\/index.php?rest_route=%2Fwp%2Fv2%2Fcategories&post=14063"},{"taxonomy":"post_tag","embeddable":true,"href":"https:\/\/old.atletikaolomouc.cz\/index.php?rest_route=%2Fwp%2Fv2%2Ftags&post=14063"}],"curies":[{"name":"wp","href":"https:\/\/api.w.org\/{rel}","templated":true}]}}