{"id":14158,"date":"2019-08-28T19:57:01","date_gmt":"2019-08-28T17:57:01","guid":{"rendered":"http:\/\/www.atletikaolomouc.cz\/?p=14158"},"modified":"2019-09-05T11:05:34","modified_gmt":"2019-09-05T09:05:34","slug":"info-k-atletickym-pripravkam-2019-20","status":"publish","type":"post","link":"https:\/\/old.atletikaolomouc.cz\/?p=14158","title":{"rendered":"INFO K ATLETICK\u00ddM P\u0158\u00cdPRAVK\u00c1M 2019\/20"},"content":{"rendered":"\n<p><strong>16.9.2019 zah\u00e1j\u00edme tr\u00e9ninky atletick\u00fdch p\u0159\u00edpravek<\/strong>. Aktu\u00e1ln\u00ed seznam p\u0159ihl\u00e1\u0161en\u00fdch d\u011bt\u00ed ji\u017e uzav\u0159en\u00fdch skupin naleznete zde:&nbsp;<a href=\"http:\/\/www.atletikaolomouc.cz\/?attachment_id=14236\" rel=\"attachment wp-att-14236\">SEZNAMY K 5.9. WEB<\/a><\/p>\n<p>P\u0159ihl\u00e1\u0161ky do&nbsp; v\u0161ech skupin atletick\u00fdch p\u0159\u00edpravek (krom\u011b sk. OE &#8211; atletick\u00e9 \u0161koli\u010dky)&nbsp; jsou uzav\u0159eny a nelze se do nich ji\u017e p\u0159ihla\u0161ovat. P\u0159\u00edpadn\u00e9 dotazy pi\u0161te na tento mail:<a href=\"pripravky@atletikaolomouc.cz\"> pripravky@atletikaolomouc.cz&nbsp;<\/a><\/p>\n<p><strong>POZOR!!!! ZM\u011aNA V \u010cASECH TR\u00c9NINK\u016e SKUPINY 3,4,5!<\/strong><\/p>\n","protected":false},"excerpt":{"rendered":"<p>16.9.2019 zah\u00e1j\u00edme tr\u00e9ninky atletick\u00fdch p\u0159\u00edpravek. Aktu\u00e1ln\u00ed seznam p\u0159ihl\u00e1\u0161en\u00fdch d\u011bt\u00ed ji\u017e uzav\u0159en\u00fdch skupin naleznete zde:&nbsp;SEZNAMY K 5.9. WEB P\u0159ihl\u00e1\u0161ky do&nbsp; v\u0161ech skupin atletick\u00fdch p\u0159\u00edpravek (krom\u011b sk. OE &#8211; atletick\u00e9 \u0161koli\u010dky)&nbsp; jsou uzav\u0159eny a nelze se do nich ji\u017e p\u0159ihla\u0161ovat. P\u0159\u00edpadn\u00e9 dotazy &hellip; <a href=\"https:\/\/old.atletikaolomouc.cz\/?p=14158\">Continue reading <span class=\"meta-nav\">&rarr;<\/span><\/a><\/p>\n","protected":false},"author":12,"featured_media":0,"comment_status":"closed","ping_status":"closed","sticky":false,"template":"","format":"standard","meta":{"ngg_post_thumbnail":0},"categories":[5,6,19],"tags":[],"_links":{"self":[{"href":"https:\/\/old.atletikaolomouc.cz\/index.php?rest_route=\/wp\/v2\/posts\/14158"}],"collection":[{"href":"https:\/\/old.atletikaolomouc.cz\/index.php?rest_route=\/wp\/v2\/posts"}],"about":[{"href":"https:\/\/old.atletikaolomouc.cz\/index.php?rest_route=\/wp\/v2\/types\/post"}],"author":[{"embeddable":true,"href":"https:\/\/old.atletikaolomouc.cz\/index.php?rest_route=\/wp\/v2\/users\/12"}],"replies":[{"embeddable":true,"href":"https:\/\/old.atletikaolomouc.cz\/index.php?rest_route=%2Fwp%2Fv2%2Fcomments&post=14158"}],"version-history":[{"count":4,"href":"https:\/\/old.atletikaolomouc.cz\/index.php?rest_route=\/wp\/v2\/posts\/14158\/revisions"}],"predecessor-version":[{"id":14237,"href":"https:\/\/old.atletikaolomouc.cz\/index.php?rest_route=\/wp\/v2\/posts\/14158\/revisions\/14237"}],"wp:attachment":[{"href":"https:\/\/old.atletikaolomouc.cz\/index.php?rest_route=%2Fwp%2Fv2%2Fmedia&parent=14158"}],"wp:term":[{"taxonomy":"category","embeddable":true,"href":"https:\/\/old.atletikaolomouc.cz\/index.php?rest_route=%2Fwp%2Fv2%2Fcategories&post=14158"},{"taxonomy":"post_tag","embeddable":true,"href":"https:\/\/old.atletikaolomouc.cz\/index.php?rest_route=%2Fwp%2Fv2%2Ftags&post=14158"}],"curies":[{"name":"wp","href":"https:\/\/api.w.org\/{rel}","templated":true}]}}