{"id":14212,"date":"2019-09-03T14:17:05","date_gmt":"2019-09-03T12:17:05","guid":{"rendered":"http:\/\/www.atletikaolomouc.cz\/?p=14212"},"modified":"2019-09-03T14:32:51","modified_gmt":"2019-09-03T12:32:51","slug":"grand-prix-pariz","status":"publish","type":"post","link":"https:\/\/old.atletikaolomouc.cz\/?p=14212","title":{"rendered":"Grand Prix Pa\u0159\u00ed\u017e"},"content":{"rendered":"\n<p>V term\u00ednu od 29.-30.8.2019 se konalo Grand Prix v Pa\u0159\u00ed\u017ei a z\u00fa\u010dastnilo se 5 handicapovan\u00fdch atlet\u016f z atletick\u00e9ho klubu.&nbsp;<!--more--><\/p>\n<p style=\"text-align: justify;\">Nejl\u00e9pe se tu da\u0159ilo Filipu Varto\u0148ovi, kter\u00fd si odv\u00e1\u017e\u00ed svou prvn\u00ed bronzovou placku z tohoto z\u00e1vodu v hodu diskem ve slou\u010den\u00e9 kategorii F51 a F52. Spole\u010dnou podporu v sektoru m\u011bli Du\u0161an \u0160\u010dambura a Michal Rotter, kte\u0159\u00ed bojovali tak\u00e9 ve slou\u010den\u00fdch kategori\u00edch F55-56. Oba z\u00e1vodili v hodu diskem a Du\u0161an se um\u00edstil na 5.m\u00edst\u011b a Michal na 6.m\u00edst\u011b. D\u00e1le je\u0161t\u011b ve vrhu koul\u00ed a Du\u0161an obsadil 6.m\u00edsto a Michal 7.m\u00edsto. Podruh\u00e9 se na GP objevil Honza Mo\u0161t\u011bk, kter\u00fd si zab\u011bhl 400m a um\u00edstil se v kategorii T35-37 na 6.m\u00edst\u011b. V dal\u0161\u00edm dnu z\u00e1vodil u\u017e s\u00e1m Martin Kukla, kter\u00fd se um\u00edstil na 6.m\u00edst\u011b pro zm\u011bnu ve vrhu koul\u00ed v kategorii F37-38.<\/p>\n<p style=\"text-align: justify;\">V\u0161em sportovc\u016fm gratulujeme.<\/p>\n<p>&nbsp;<\/p>\n","protected":false},"excerpt":{"rendered":"<p>V term\u00ednu od 29.-30.8.2019 se konalo Grand Prix v Pa\u0159\u00ed\u017ei a z\u00fa\u010dastnilo se 5 handicapovan\u00fdch atlet\u016f z atletick\u00e9ho klubu.&nbsp;<\/p>\n","protected":false},"author":11,"featured_media":14219,"comment_status":"closed","ping_status":"closed","sticky":false,"template":"","format":"standard","meta":{"ngg_post_thumbnail":0},"categories":[48,6,37],"tags":[],"_links":{"self":[{"href":"https:\/\/old.atletikaolomouc.cz\/index.php?rest_route=\/wp\/v2\/posts\/14212"}],"collection":[{"href":"https:\/\/old.atletikaolomouc.cz\/index.php?rest_route=\/wp\/v2\/posts"}],"about":[{"href":"https:\/\/old.atletikaolomouc.cz\/index.php?rest_route=\/wp\/v2\/types\/post"}],"author":[{"embeddable":true,"href":"https:\/\/old.atletikaolomouc.cz\/index.php?rest_route=\/wp\/v2\/users\/11"}],"replies":[{"embeddable":true,"href":"https:\/\/old.atletikaolomouc.cz\/index.php?rest_route=%2Fwp%2Fv2%2Fcomments&post=14212"}],"version-history":[{"count":1,"href":"https:\/\/old.atletikaolomouc.cz\/index.php?rest_route=\/wp\/v2\/posts\/14212\/revisions"}],"predecessor-version":[{"id":14216,"href":"https:\/\/old.atletikaolomouc.cz\/index.php?rest_route=\/wp\/v2\/posts\/14212\/revisions\/14216"}],"wp:featuredmedia":[{"embeddable":true,"href":"https:\/\/old.atletikaolomouc.cz\/index.php?rest_route=\/wp\/v2\/media\/14219"}],"wp:attachment":[{"href":"https:\/\/old.atletikaolomouc.cz\/index.php?rest_route=%2Fwp%2Fv2%2Fmedia&parent=14212"}],"wp:term":[{"taxonomy":"category","embeddable":true,"href":"https:\/\/old.atletikaolomouc.cz\/index.php?rest_route=%2Fwp%2Fv2%2Fcategories&post=14212"},{"taxonomy":"post_tag","embeddable":true,"href":"https:\/\/old.atletikaolomouc.cz\/index.php?rest_route=%2Fwp%2Fv2%2Ftags&post=14212"}],"curies":[{"name":"wp","href":"https:\/\/api.w.org\/{rel}","templated":true}]}}