{"id":14265,"date":"2019-09-11T08:42:25","date_gmt":"2019-09-11T06:42:25","guid":{"rendered":"http:\/\/www.atletikaolomouc.cz\/?p=14265"},"modified":"2019-09-17T20:37:21","modified_gmt":"2019-09-17T18:37:21","slug":"hejtman-ocenil-medailisty-z-detske-olympiady","status":"publish","type":"post","link":"https:\/\/old.atletikaolomouc.cz\/?p=14265","title":{"rendered":"Hejtman ocenil medailisty z d\u011btsk\u00e9 olympi\u00e1dy"},"content":{"rendered":"\n<p>Hejtman Olomouck\u00e9ho kraje Ladislav Okle\u0161t\u011bk ocenil sportovce, kte\u0159\u00ed reprezentovali n\u00e1\u0161 kraj na Hr\u00e1ch IX. letn\u00ed olympi\u00e1dy d\u011bt\u00ed a&nbsp; ml\u00e1d\u011b\u017ee.<\/p>\n<p><a href=\"https:\/\/www.youtube.com\/watch?v=0_zfH0mPxwQ\" target=\"_blank\" rel=\"noopener\">Report\u00e1\u017e TV Morava<\/a> (3:03)<\/p>\n<p><a href=\"http:\/\/www.zzip.cz\/?loadsec=mik&amp;loadfile=955\" target=\"_blank\" rel=\"noopener\">Report\u00e1\u017e TV zzip.cz <\/a>(6:14)<\/p>\n<p><a href=\"https:\/\/www.olkraj.cz\/hejtman-ocenil-medailisty-z-detske-olympiady-aktuality-9159.html\" target=\"_blank\" rel=\"noopener\">\u010cl\u00e1nek olkraj.cz<\/a><br><!--more--><\/p>\n<p>Mezi ocen\u011bn\u00fdmi byli tak\u00e9 olomou\u010dt\u00ed atleti. Mat\u011bj H\u00e1p, kter\u00fd vybojoval 2. m\u00edsto ve skoku vysok\u00e9m, Darina Homol\u00e1\u010dov\u00e1, kter\u00e1 skon\u010dila t\u0159et\u00ed ve skoku dalek\u00e9m a zlat\u00e1 Martina Mazurov\u00e1, kter\u00e1 ve vrhu koul\u00ed p\u0159edvedla posledn\u00edm pokusem 12,76 m.<\/p>\n<div id=\"attachment_14267\" style=\"width: 670px\" class=\"wp-caption aligncenter\"><a href=\"http:\/\/www.atletikaolomouc.cz\/wp-content\/uploads\/2019\/09\/H\u00e1p_u-hejtmana-1.jpg\"><img aria-describedby=\"caption-attachment-14267\" decoding=\"async\" loading=\"lazy\" class=\"size-large wp-image-14267\" src=\"http:\/\/www.atletikaolomouc.cz\/wp-content\/uploads\/2019\/09\/H\u00e1p_u-hejtmana-1-800x600.jpg\" alt=\"\" width=\"660\" height=\"495\" srcset=\"https:\/\/old.atletikaolomouc.cz\/wp-content\/uploads\/2019\/09\/H\u00e1p_u-hejtmana-1-800x600.jpg 800w, https:\/\/old.atletikaolomouc.cz\/wp-content\/uploads\/2019\/09\/H\u00e1p_u-hejtmana-1-300x225.jpg 300w, https:\/\/old.atletikaolomouc.cz\/wp-content\/uploads\/2019\/09\/H\u00e1p_u-hejtmana-1-768x576.jpg 768w\" sizes=\"(max-width: 660px) 100vw, 660px\" \/><\/a><p id=\"caption-attachment-14267\" class=\"wp-caption-text\">Mat\u011bj H\u00e1p s panem Hejtmanem a tren\u00e9rem Radkem Kopeck\u00fdm.<\/p><\/div>\n","protected":false},"excerpt":{"rendered":"<p>Hejtman Olomouck\u00e9ho kraje Ladislav Okle\u0161t\u011bk ocenil sportovce, kte\u0159\u00ed reprezentovali n\u00e1\u0161 kraj na Hr\u00e1ch IX. letn\u00ed olympi\u00e1dy d\u011bt\u00ed a&nbsp; ml\u00e1d\u011b\u017ee. Report\u00e1\u017e TV Morava (3:03) Report\u00e1\u017e TV zzip.cz (6:14) \u010cl\u00e1nek olkraj.cz<\/p>\n","protected":false},"author":14,"featured_media":14267,"comment_status":"closed","ping_status":"closed","sticky":false,"template":"","format":"standard","meta":{"ngg_post_thumbnail":0},"categories":[5,6,37],"tags":[],"_links":{"self":[{"href":"https:\/\/old.atletikaolomouc.cz\/index.php?rest_route=\/wp\/v2\/posts\/14265"}],"collection":[{"href":"https:\/\/old.atletikaolomouc.cz\/index.php?rest_route=\/wp\/v2\/posts"}],"about":[{"href":"https:\/\/old.atletikaolomouc.cz\/index.php?rest_route=\/wp\/v2\/types\/post"}],"author":[{"embeddable":true,"href":"https:\/\/old.atletikaolomouc.cz\/index.php?rest_route=\/wp\/v2\/users\/14"}],"replies":[{"embeddable":true,"href":"https:\/\/old.atletikaolomouc.cz\/index.php?rest_route=%2Fwp%2Fv2%2Fcomments&post=14265"}],"version-history":[{"count":8,"href":"https:\/\/old.atletikaolomouc.cz\/index.php?rest_route=\/wp\/v2\/posts\/14265\/revisions"}],"predecessor-version":[{"id":14380,"href":"https:\/\/old.atletikaolomouc.cz\/index.php?rest_route=\/wp\/v2\/posts\/14265\/revisions\/14380"}],"wp:featuredmedia":[{"embeddable":true,"href":"https:\/\/old.atletikaolomouc.cz\/index.php?rest_route=\/wp\/v2\/media\/14267"}],"wp:attachment":[{"href":"https:\/\/old.atletikaolomouc.cz\/index.php?rest_route=%2Fwp%2Fv2%2Fmedia&parent=14265"}],"wp:term":[{"taxonomy":"category","embeddable":true,"href":"https:\/\/old.atletikaolomouc.cz\/index.php?rest_route=%2Fwp%2Fv2%2Fcategories&post=14265"},{"taxonomy":"post_tag","embeddable":true,"href":"https:\/\/old.atletikaolomouc.cz\/index.php?rest_route=%2Fwp%2Fv2%2Ftags&post=14265"}],"curies":[{"name":"wp","href":"https:\/\/api.w.org\/{rel}","templated":true}]}}