{"id":14335,"date":"2019-09-17T19:42:59","date_gmt":"2019-09-17T17:42:59","guid":{"rendered":"http:\/\/www.atletikaolomouc.cz\/?p=14335"},"modified":"2019-09-17T20:41:21","modified_gmt":"2019-09-17T18:41:21","slug":"handicapovani-atleti-oceneni-primatorem","status":"publish","type":"post","link":"https:\/\/old.atletikaolomouc.cz\/?p=14335","title":{"rendered":"Handicapovan\u00ed atleti ocen\u011bni prim\u00e1torem"},"content":{"rendered":"\n<p style=\"text-align: left;\">V \u00fater\u00fd 10. z\u00e1\u0159\u00ed 2019 nav\u0161t\u00edvili olomou\u010dt\u00ed reprezentanti na radnici prim\u00e1tora m\u011bsta Olomouce pana Miroslava \u017db\u00e1nka a n\u00e1m\u011bstkyni prim\u00e1tora pan\u00ed Mark\u00e9tu Z\u00e1leskou.<!--more--><\/p>\n<p>Zdravotn\u011b posti\u017een\u00ed atleti byli ocen\u011bni prim\u00e1torem za vyda\u0159enou sez\u00f3nu, kter\u00e1 vyvrcholila mezin\u00e1rodn\u00edm m\u00edtinkem Czech Open 2019. Sou\u010d\u00e1st\u00ed m\u00edtinku bylo tak\u00e9 Mistrovstv\u00ed \u010cesk\u00e9 republiky, kde olomou\u010dt\u00ed z\u00e1vodn\u00edci vybojovali celkem dvacet dva cenn\u00fdch kov\u016f a z\u00edskali 9 titul\u016f Mistra \u010cesk\u00e9 republiky.<\/p>\n<p>Vrchol sez\u00f3ny teprve \u010dek\u00e1 Honzu Mo\u0161t\u011bka, kter\u00fd v listopadu odj\u00ed\u017ed\u00ed do Dubaje na Mistrovstv\u00ed sv\u011bta zdravotn\u011b posti\u017een\u00fdch sportovc\u016f a kter\u00e9mu m\u011bsto uvolnilo z grantu dotaci ve v\u00fd\u0161i pades\u00e1ti tis\u00edc korun.<\/p>\n<p><a href=\"http:\/\/www.olomouc.eu\/aktualni-informace\/aktuality\/24358\" target=\"_blank\" rel=\"noopener\">\u010cl\u00e1nek na webov\u00fdch str\u00e1nk\u00e1ch m\u011bsta Olomouc<\/a> + foto<\/p>\n<p><a href=\"http:\/\/www.zzip.cz\/?loadsec=mik&amp;loadfile=955\">Report\u00e1\u017e TV zzip.cz<\/a> (7:24)<\/p>\n<p><a href=\"http:\/\/www.atletikaolomouc.cz\/?p=13999\">\u010cl\u00e1nek&nbsp;&nbsp;&#8222;Olomou\u010dt\u00ed atleti na Czech Open&#8220;<\/a><\/p>\n","protected":false},"excerpt":{"rendered":"<p>V \u00fater\u00fd 10. z\u00e1\u0159\u00ed 2019 nav\u0161t\u00edvili olomou\u010dt\u00ed reprezentanti na radnici prim\u00e1tora m\u011bsta Olomouce pana Miroslava \u017db\u00e1nka a n\u00e1m\u011bstkyni prim\u00e1tora pan\u00ed Mark\u00e9tu Z\u00e1leskou.<\/p>\n","protected":false},"author":14,"featured_media":14336,"comment_status":"closed","ping_status":"closed","sticky":false,"template":"","format":"standard","meta":{"ngg_post_thumbnail":0},"categories":[5,6,37],"tags":[],"_links":{"self":[{"href":"https:\/\/old.atletikaolomouc.cz\/index.php?rest_route=\/wp\/v2\/posts\/14335"}],"collection":[{"href":"https:\/\/old.atletikaolomouc.cz\/index.php?rest_route=\/wp\/v2\/posts"}],"about":[{"href":"https:\/\/old.atletikaolomouc.cz\/index.php?rest_route=\/wp\/v2\/types\/post"}],"author":[{"embeddable":true,"href":"https:\/\/old.atletikaolomouc.cz\/index.php?rest_route=\/wp\/v2\/users\/14"}],"replies":[{"embeddable":true,"href":"https:\/\/old.atletikaolomouc.cz\/index.php?rest_route=%2Fwp%2Fv2%2Fcomments&post=14335"}],"version-history":[{"count":7,"href":"https:\/\/old.atletikaolomouc.cz\/index.php?rest_route=\/wp\/v2\/posts\/14335\/revisions"}],"predecessor-version":[{"id":14381,"href":"https:\/\/old.atletikaolomouc.cz\/index.php?rest_route=\/wp\/v2\/posts\/14335\/revisions\/14381"}],"wp:featuredmedia":[{"embeddable":true,"href":"https:\/\/old.atletikaolomouc.cz\/index.php?rest_route=\/wp\/v2\/media\/14336"}],"wp:attachment":[{"href":"https:\/\/old.atletikaolomouc.cz\/index.php?rest_route=%2Fwp%2Fv2%2Fmedia&parent=14335"}],"wp:term":[{"taxonomy":"category","embeddable":true,"href":"https:\/\/old.atletikaolomouc.cz\/index.php?rest_route=%2Fwp%2Fv2%2Fcategories&post=14335"},{"taxonomy":"post_tag","embeddable":true,"href":"https:\/\/old.atletikaolomouc.cz\/index.php?rest_route=%2Fwp%2Fv2%2Ftags&post=14335"}],"curies":[{"name":"wp","href":"https:\/\/api.w.org\/{rel}","templated":true}]}}