{"id":14342,"date":"2019-09-16T15:41:21","date_gmt":"2019-09-16T13:41:21","guid":{"rendered":"http:\/\/www.atletikaolomouc.cz\/?p=14342"},"modified":"2019-09-21T07:40:00","modified_gmt":"2019-09-21T05:40:00","slug":"3-kolo-souteze-moravy-a-slezska-druzstev","status":"publish","type":"post","link":"https:\/\/old.atletikaolomouc.cz\/?p=14342","title":{"rendered":"3. kolo sout\u011b\u017ee Moravy a Slezska dru\u017estev"},"content":{"rendered":"\n<p>V sobotu 14. z\u00e1\u0159\u00ed 2019 prob\u011bhlo v B\u0159eclavi 3. kolo sout\u011b\u017ee Moravy a Slezska dru\u017estev dorostu a junior\u016f.<!--more--><\/p>\n<p>V\u0161echny olomouck\u00e9 t\u00fdmy odjely do B\u0159eclavi s jasn\u00fdm c\u00edlem a to zajistit si postup na Mistrovstv\u00ed \u010cR dru\u017estev. Tento c\u00edl v\u0161ichni splnili a nav\u00edc je\u0161t\u011b dos\u00e1hli v celkov\u00e9m bodov\u00e1n\u00ed moravskoslezsk\u00e9 sout\u011b\u017ee na cenn\u00e9 kovy.<\/p>\n<div id=\"attachment_14348\" style=\"width: 670px\" class=\"wp-caption aligncenter\"><a href=\"http:\/\/www.atletikaolomouc.cz\/wp-content\/uploads\/2019\/09\/IMG_0814.jpg\"><img aria-describedby=\"caption-attachment-14348\" decoding=\"async\" loading=\"lazy\" class=\"wp-image-14348 size-large\" src=\"http:\/\/www.atletikaolomouc.cz\/wp-content\/uploads\/2019\/09\/IMG_0814-800x600.jpg\" alt=\"\" width=\"660\" height=\"495\" srcset=\"https:\/\/old.atletikaolomouc.cz\/wp-content\/uploads\/2019\/09\/IMG_0814-800x600.jpg 800w, https:\/\/old.atletikaolomouc.cz\/wp-content\/uploads\/2019\/09\/IMG_0814-300x225.jpg 300w, https:\/\/old.atletikaolomouc.cz\/wp-content\/uploads\/2019\/09\/IMG_0814-768x576.jpg 768w\" sizes=\"(max-width: 660px) 100vw, 660px\" \/><\/a><p id=\"caption-attachment-14348\" class=\"wp-caption-text\">AK OLOMOUC!!!<\/p><\/div>\n<p>Dru\u017estvo dorostenek skon\u010dilo v B\u0159eclavi na 3. m\u00edst\u011b se 166,5 body za druh\u00fdm Olympem Brno a prvn\u00edmi V\u00edtkovicemi a v celkov\u00e9m bodov\u00e1n\u00ed tak skon\u010dili tak\u00e9 na bronzov\u00e9 p\u0159\u00ed\u010dce.<\/p>\n<p><a href=\"http:\/\/www.atletikaolomouc.cz\/wp-content\/uploads\/2019\/09\/2019-Zpravodaj-po-3.-kole-1.pdf\" target=\"_blank\" rel=\"noopener\">Zpravodaj dru\u017estva dorostenek<\/a><\/p>\n<div id=\"attachment_14349\" style=\"width: 670px\" class=\"wp-caption aligncenter\"><a href=\"http:\/\/www.atletikaolomouc.cz\/wp-content\/uploads\/2019\/09\/IMG_8134.jpg\"><img aria-describedby=\"caption-attachment-14349\" decoding=\"async\" loading=\"lazy\" class=\"size-large wp-image-14349\" src=\"http:\/\/www.atletikaolomouc.cz\/wp-content\/uploads\/2019\/09\/IMG_8134-800x600.jpg\" alt=\"\" width=\"660\" height=\"495\" srcset=\"https:\/\/old.atletikaolomouc.cz\/wp-content\/uploads\/2019\/09\/IMG_8134-800x600.jpg 800w, https:\/\/old.atletikaolomouc.cz\/wp-content\/uploads\/2019\/09\/IMG_8134-300x225.jpg 300w, https:\/\/old.atletikaolomouc.cz\/wp-content\/uploads\/2019\/09\/IMG_8134-768x576.jpg 768w\" sizes=\"(max-width: 660px) 100vw, 660px\" \/><\/a><p id=\"caption-attachment-14349\" class=\"wp-caption-text\">Bronzov\u00e9 dru\u017estvo dorostenek<\/p><\/div>\n<p>Dorostenci skon\u010dili pouze o p\u016fl bodu za t\u0159et\u00edmi Otrokovicemi. V celkov\u00e9m hodnocen\u00ed jim tak uniklo prvn\u00ed m\u00edsto a museli se spokojit se st\u0159\u00edbrem.<\/p>\n<div id=\"attachment_14345\" style=\"width: 670px\" class=\"wp-caption aligncenter\"><a href=\"http:\/\/www.atletikaolomouc.cz\/wp-content\/uploads\/2019\/09\/IMG_0808.jpg\"><img aria-describedby=\"caption-attachment-14345\" decoding=\"async\" loading=\"lazy\" class=\"size-large wp-image-14345\" src=\"http:\/\/www.atletikaolomouc.cz\/wp-content\/uploads\/2019\/09\/IMG_0808-800x600.jpg\" alt=\"\" width=\"660\" height=\"495\" srcset=\"https:\/\/old.atletikaolomouc.cz\/wp-content\/uploads\/2019\/09\/IMG_0808-800x600.jpg 800w, https:\/\/old.atletikaolomouc.cz\/wp-content\/uploads\/2019\/09\/IMG_0808-300x225.jpg 300w, https:\/\/old.atletikaolomouc.cz\/wp-content\/uploads\/2019\/09\/IMG_0808-768x576.jpg 768w\" sizes=\"(max-width: 660px) 100vw, 660px\" \/><\/a><p id=\"caption-attachment-14345\" class=\"wp-caption-text\">St\u0159\u00edbrn\u00e9 dru\u017estvo dorostenc\u016f<\/p><\/div>\n<p>Olomou\u010dt\u00ed junio\u0159i vybojovali v B\u0159eclavi 2. m\u00edsto a i v celkov\u00e9m hodnocen\u00ed tak skon\u010dili tak\u00e9 na st\u0159\u00edbrn\u00e9 pozici.<\/p>\n<div id=\"attachment_14346\" style=\"width: 670px\" class=\"wp-caption aligncenter\"><a href=\"http:\/\/www.atletikaolomouc.cz\/wp-content\/uploads\/2019\/09\/IMG_0810.jpg\"><img aria-describedby=\"caption-attachment-14346\" decoding=\"async\" loading=\"lazy\" class=\"size-large wp-image-14346\" src=\"http:\/\/www.atletikaolomouc.cz\/wp-content\/uploads\/2019\/09\/IMG_0810-800x600.jpg\" alt=\"\" width=\"660\" height=\"495\" srcset=\"https:\/\/old.atletikaolomouc.cz\/wp-content\/uploads\/2019\/09\/IMG_0810-800x600.jpg 800w, https:\/\/old.atletikaolomouc.cz\/wp-content\/uploads\/2019\/09\/IMG_0810-300x225.jpg 300w, https:\/\/old.atletikaolomouc.cz\/wp-content\/uploads\/2019\/09\/IMG_0810-768x576.jpg 768w\" sizes=\"(max-width: 660px) 100vw, 660px\" \/><\/a><p id=\"caption-attachment-14346\" class=\"wp-caption-text\">St\u0159\u00edbrn\u00e9 dru\u017estvo junior\u016f<\/p><\/div>\n<p>Mistrovstv\u00ed \u010cR prob\u011bhne 28. z\u00e1\u0159\u00ed v Ostrav\u011b pro dorost a v Plzni pro juniory. Hodn\u011b \u0161test\u00ed!<\/p>\n<p>Kompletn\u00ed v\u00fdsledky <a href=\"https:\/\/online.atletika.cz\/vysledky\/39759\" target=\"_blank\" rel=\"noopener\">zde<\/a><\/p>\n<p>&nbsp;<\/p>\n","protected":false},"excerpt":{"rendered":"<p>V sobotu 14. z\u00e1\u0159\u00ed 2019 prob\u011bhlo v B\u0159eclavi 3. kolo sout\u011b\u017ee Moravy a Slezska dru\u017estev dorostu a junior\u016f.<\/p>\n","protected":false},"author":14,"featured_media":14347,"comment_status":"closed","ping_status":"closed","sticky":false,"template":"","format":"standard","meta":{"ngg_post_thumbnail":0},"categories":[5,6,37],"tags":[],"_links":{"self":[{"href":"https:\/\/old.atletikaolomouc.cz\/index.php?rest_route=\/wp\/v2\/posts\/14342"}],"collection":[{"href":"https:\/\/old.atletikaolomouc.cz\/index.php?rest_route=\/wp\/v2\/posts"}],"about":[{"href":"https:\/\/old.atletikaolomouc.cz\/index.php?rest_route=\/wp\/v2\/types\/post"}],"author":[{"embeddable":true,"href":"https:\/\/old.atletikaolomouc.cz\/index.php?rest_route=\/wp\/v2\/users\/14"}],"replies":[{"embeddable":true,"href":"https:\/\/old.atletikaolomouc.cz\/index.php?rest_route=%2Fwp%2Fv2%2Fcomments&post=14342"}],"version-history":[{"count":5,"href":"https:\/\/old.atletikaolomouc.cz\/index.php?rest_route=\/wp\/v2\/posts\/14342\/revisions"}],"predecessor-version":[{"id":14413,"href":"https:\/\/old.atletikaolomouc.cz\/index.php?rest_route=\/wp\/v2\/posts\/14342\/revisions\/14413"}],"wp:featuredmedia":[{"embeddable":true,"href":"https:\/\/old.atletikaolomouc.cz\/index.php?rest_route=\/wp\/v2\/media\/14347"}],"wp:attachment":[{"href":"https:\/\/old.atletikaolomouc.cz\/index.php?rest_route=%2Fwp%2Fv2%2Fmedia&parent=14342"}],"wp:term":[{"taxonomy":"category","embeddable":true,"href":"https:\/\/old.atletikaolomouc.cz\/index.php?rest_route=%2Fwp%2Fv2%2Fcategories&post=14342"},{"taxonomy":"post_tag","embeddable":true,"href":"https:\/\/old.atletikaolomouc.cz\/index.php?rest_route=%2Fwp%2Fv2%2Ftags&post=14342"}],"curies":[{"name":"wp","href":"https:\/\/api.w.org\/{rel}","templated":true}]}}