{"id":14414,"date":"2019-09-22T10:01:50","date_gmt":"2019-09-22T08:01:50","guid":{"rendered":"http:\/\/www.atletikaolomouc.cz\/?p=14414"},"modified":"2019-09-24T10:29:25","modified_gmt":"2019-09-24T08:29:25","slug":"krajsky-pohar-mladsiho-zactva","status":"publish","type":"post","link":"https:\/\/old.atletikaolomouc.cz\/?p=14414","title":{"rendered":"Krajsk\u00fd p\u0159ebor mlad\u0161\u00edho \u017eactva"},"content":{"rendered":"\n<p>V \u00fater\u00fd 17. z\u00e1\u0159\u00ed 2019 se konal v Prost\u011bjov\u011b Krajsk\u00fd poh\u00e1r mlad\u0161\u00edho \u017eactva, kter\u00e9ho se z\u00fa\u010dastnili tak\u00e9 olomou\u010dt\u00ed \u017e\u00e1ci.<!--more--><\/p>\n<p>Skv\u011ble se da\u0159ilo sprinter\u016fm. Lucie Jure\u010dkov\u00e1 zv\u00edt\u011bzila mezi \u017e\u00e1kyn\u011bmi v b\u011bhu na 60 m v \u010dase 8,59 s. Jako t\u0159et\u00ed pak dob\u011bhla Al\u017eb\u011bta Stejskalov\u00e1. Mezi chlapci skon\u010dil ve fin\u00e1le na t\u0159et\u00edm m\u00edst\u011b Eduard Schwarz, kter\u00fd pozd\u011bji ovl\u00e1dl b\u011bh na 60 m p\u0159ek\u00e1\u017eek v \u010dase 10,43 s. Lucie Jure\u010dkov\u00e1 zv\u00edt\u011bzila tak\u00e9 v b\u011bhu na 150 m v \u010dase 20,65 s. Al\u017eb\u011bta Stejskalov\u00e1 obsadila dal\u0161\u00ed t\u0159et\u00ed m\u00edsto v b\u011bhu na 300 m (50,41 s). Nejlep\u0161\u00ed z na\u0161ich postaven\u00fdch \u0161tafet skon\u010dili ob\u011b na druh\u00e9m m\u00edst\u011b. \u017d\u00e1ci ve slo\u017een\u00ed&nbsp;Hus, Kotyza, Krov, Schwarz a \u017e\u00e1kyn\u011b ve slo\u017een\u00ed&nbsp;Stejskalov\u00e1, Ut\u011b\u0161en\u00e1, Jure\u010dkov\u00e1, Jure\u010dkov\u00e1.<\/p>\n<p>I skokan\u016fm se velice da\u0159ilo. Skok vysok\u00fd \u017e\u00e1ky\u0148 vyhr\u00e1la Anna Marie Lochmanov\u00e1 v\u00fdkonem 150 cm. Mezi \u017e\u00e1ky skon\u010dil t\u0159et\u00ed Samuel Pol\u00e1k (145 cm). Skok dalek\u00fd ovl\u00e1dli v obou kategori\u00edch olomou\u010dt\u00ed z\u00e1vodn\u00edci. Darina Homol\u00e1\u010dkov\u00e1 sko\u010dila 4,79 m a Luk\u00e1\u0161 Tarkowski si vybojoval v\u00edt\u011bzstv\u00ed v\u00fdkonem 4,85 m.<\/p>\n<p><a href=\"http:\/\/www.atletikaolomouc.cz\/wp-content\/uploads\/2019\/09\/IMG_0867.jpg\"><img decoding=\"async\" loading=\"lazy\" class=\"aligncenter size-large wp-image-14490\" src=\"http:\/\/www.atletikaolomouc.cz\/wp-content\/uploads\/2019\/09\/IMG_0867-800x600.jpg\" alt=\"\" width=\"660\" height=\"495\" srcset=\"https:\/\/old.atletikaolomouc.cz\/wp-content\/uploads\/2019\/09\/IMG_0867-800x600.jpg 800w, https:\/\/old.atletikaolomouc.cz\/wp-content\/uploads\/2019\/09\/IMG_0867-300x225.jpg 300w, https:\/\/old.atletikaolomouc.cz\/wp-content\/uploads\/2019\/09\/IMG_0867-768x576.jpg 768w, https:\/\/old.atletikaolomouc.cz\/wp-content\/uploads\/2019\/09\/IMG_0867.jpg 1152w\" sizes=\"(max-width: 660px) 100vw, 660px\" \/><\/a><\/p>\n<p>Tak\u00e9 vrhy a hody jsme m\u011bli poctiv\u011b obsazeny a i tam byli olomou\u010dt\u00ed \u00fasp\u011b\u0161n\u00ed. J\u00e1chym H\u00e1jek zv\u00edt\u011bzil ve vrhu koul\u00ed v\u00fdkonem 10,05 m. V hodu o\u0161t\u011bpem \u017e\u00e1ky\u0148 skon\u010dila na t\u0159et\u00edm m\u00edst\u011b Kamila Jure\u010dkov\u00e1 (24,93 m) a mezi \u017e\u00e1ky skon\u010dil tak\u00e9 na t\u0159et\u00ed p\u0159\u00ed\u010dce Patrik Divoka (25,06 m).&nbsp;Kamila Jure\u010dkov\u00e1 vybojovala je\u0161t\u011b t\u0159et\u00ed m\u00edsto v hodu m\u00ed\u010dkem necel\u00fdch \u0161est a p\u016fl metru za svou sestrou Michaelou, kter\u00e1 hodila 43,66 m. Nikolas Hus pak skon\u010dil mezi \u017e\u00e1ky na druh\u00e9m m\u00edst\u011b za p\u011bkn\u00fdch 52 metr\u016f.<\/p>\n","protected":false},"excerpt":{"rendered":"<p>V \u00fater\u00fd 17. z\u00e1\u0159\u00ed 2019 se konal v Prost\u011bjov\u011b Krajsk\u00fd poh\u00e1r mlad\u0161\u00edho \u017eactva, kter\u00e9ho se z\u00fa\u010dastnili tak\u00e9 olomou\u010dt\u00ed \u017e\u00e1ci.<\/p>\n","protected":false},"author":14,"featured_media":14491,"comment_status":"closed","ping_status":"closed","sticky":false,"template":"","format":"standard","meta":{"ngg_post_thumbnail":0},"categories":[5,6,37],"tags":[],"_links":{"self":[{"href":"https:\/\/old.atletikaolomouc.cz\/index.php?rest_route=\/wp\/v2\/posts\/14414"}],"collection":[{"href":"https:\/\/old.atletikaolomouc.cz\/index.php?rest_route=\/wp\/v2\/posts"}],"about":[{"href":"https:\/\/old.atletikaolomouc.cz\/index.php?rest_route=\/wp\/v2\/types\/post"}],"author":[{"embeddable":true,"href":"https:\/\/old.atletikaolomouc.cz\/index.php?rest_route=\/wp\/v2\/users\/14"}],"replies":[{"embeddable":true,"href":"https:\/\/old.atletikaolomouc.cz\/index.php?rest_route=%2Fwp%2Fv2%2Fcomments&post=14414"}],"version-history":[{"count":6,"href":"https:\/\/old.atletikaolomouc.cz\/index.php?rest_route=\/wp\/v2\/posts\/14414\/revisions"}],"predecessor-version":[{"id":14495,"href":"https:\/\/old.atletikaolomouc.cz\/index.php?rest_route=\/wp\/v2\/posts\/14414\/revisions\/14495"}],"wp:featuredmedia":[{"embeddable":true,"href":"https:\/\/old.atletikaolomouc.cz\/index.php?rest_route=\/wp\/v2\/media\/14491"}],"wp:attachment":[{"href":"https:\/\/old.atletikaolomouc.cz\/index.php?rest_route=%2Fwp%2Fv2%2Fmedia&parent=14414"}],"wp:term":[{"taxonomy":"category","embeddable":true,"href":"https:\/\/old.atletikaolomouc.cz\/index.php?rest_route=%2Fwp%2Fv2%2Fcategories&post=14414"},{"taxonomy":"post_tag","embeddable":true,"href":"https:\/\/old.atletikaolomouc.cz\/index.php?rest_route=%2Fwp%2Fv2%2Ftags&post=14414"}],"curies":[{"name":"wp","href":"https:\/\/api.w.org\/{rel}","templated":true}]}}