{"id":14455,"date":"2019-09-24T07:29:58","date_gmt":"2019-09-24T05:29:58","guid":{"rendered":"http:\/\/www.atletikaolomouc.cz\/?p=14455"},"modified":"2019-09-24T11:28:26","modified_gmt":"2019-09-24T09:28:26","slug":"mistrovstvi-cr-zaku-a-zakyn-2","status":"publish","type":"post","link":"https:\/\/old.atletikaolomouc.cz\/?p=14455","title":{"rendered":"Mistrovstv\u00ed \u010cR \u017e\u00e1k\u016f a \u017e\u00e1ky\u0148"},"content":{"rendered":"\n<p>Od p\u00e1tku 20. do ned\u011ble 22. z\u00e1\u0159\u00ed se v Kol\u00edn\u011b konalo Mistrovstv\u00ed \u010cesk\u00e9 republiky \u017e\u00e1k\u016f a \u017e\u00e1ky\u0148 na dr\u00e1ze.<!--more-->V p\u00e1tek odpoledne zah\u00e1jily ta\u017een\u00ed za medailemi Martina Mazurov\u00e1 a Kl\u00e1ra Klonov\u00e1, kdy\u017e ob\u011b postoupily z prvn\u00edho m\u00edsta sv\u00e9 kvalifikace hodu diskem do fin\u00e1le. Ve\u010der pak \u00fasp\u011b\u0161n\u011b zavr\u0161ili prvn\u00ed z\u00e1vodn\u00ed den \u017e\u00e1ci Fojt, Kremel, Jakob a Kika, kte\u0159\u00ed z\u00edskali st\u0159\u00edbrn\u00e9 medaile ve \u0161tafet\u011b na 4&#215;60 m (27,75 s).<\/p>\n<div id=\"attachment_14502\" style=\"width: 670px\" class=\"wp-caption aligncenter\"><a href=\"http:\/\/www.atletikaolomouc.cz\/wp-content\/uploads\/2019\/09\/20190920_200338_resized.jpg\"><img aria-describedby=\"caption-attachment-14502\" decoding=\"async\" loading=\"lazy\" class=\"wp-image-14502 size-large\" src=\"http:\/\/www.atletikaolomouc.cz\/wp-content\/uploads\/2019\/09\/20190920_200338_resized-800x536.jpg\" alt=\"\" width=\"660\" height=\"442\" srcset=\"https:\/\/old.atletikaolomouc.cz\/wp-content\/uploads\/2019\/09\/20190920_200338_resized-800x536.jpg 800w, https:\/\/old.atletikaolomouc.cz\/wp-content\/uploads\/2019\/09\/20190920_200338_resized-300x201.jpg 300w, https:\/\/old.atletikaolomouc.cz\/wp-content\/uploads\/2019\/09\/20190920_200338_resized-768x514.jpg 768w, https:\/\/old.atletikaolomouc.cz\/wp-content\/uploads\/2019\/09\/20190920_200338_resized-385x258.jpg 385w\" sizes=\"(max-width: 660px) 100vw, 660px\" \/><\/a><p id=\"caption-attachment-14502\" class=\"wp-caption-text\">St\u0159\u00edbrn\u00e1 \u0161tafeta v b\u011bhu na 4&#215;60 m<\/p><\/div>\n<p>V sobotu se konala kvalifikace skoku vysok\u00e9ho \u017e\u00e1ky\u0148, kterou bez v\u011bt\u0161\u00edch probl\u00e9m\u016f pro\u0161la olomouck\u00e1 Alena Levkov\u00e1. Martina Mazurov\u00e1 postoupila z kvalifikace vrhu koul\u00ed op\u011bt z prvn\u00edho m\u00edsta. Pozd\u011bji ve fin\u00e1le hodu diskem vybojovala druh\u00e9 m\u00edsto v nov\u00e9m osobn\u00edm 38.27 m. V\u00edt\u011bzstv\u00ed ve stejn\u00e9 discipl\u00edn\u011b urvala Kl\u00e1ra Klonov\u00e1 v\u00fdkonem 40.22 m.<\/p>\n<div id=\"attachment_14499\" style=\"width: 670px\" class=\"wp-caption aligncenter\"><a href=\"http:\/\/www.atletikaolomouc.cz\/wp-content\/uploads\/2019\/09\/20190921_173442_resized.jpg\"><img aria-describedby=\"caption-attachment-14499\" decoding=\"async\" loading=\"lazy\" class=\"wp-image-14499 size-large\" src=\"http:\/\/www.atletikaolomouc.cz\/wp-content\/uploads\/2019\/09\/20190921_173442_resized-800x517.jpg\" alt=\"\" width=\"660\" height=\"427\" srcset=\"https:\/\/old.atletikaolomouc.cz\/wp-content\/uploads\/2019\/09\/20190921_173442_resized-800x517.jpg 800w, https:\/\/old.atletikaolomouc.cz\/wp-content\/uploads\/2019\/09\/20190921_173442_resized-300x194.jpg 300w, https:\/\/old.atletikaolomouc.cz\/wp-content\/uploads\/2019\/09\/20190921_173442_resized-768x496.jpg 768w, https:\/\/old.atletikaolomouc.cz\/wp-content\/uploads\/2019\/09\/20190921_173442_resized.jpg 1557w\" sizes=\"(max-width: 660px) 100vw, 660px\" \/><\/a><p id=\"caption-attachment-14499\" class=\"wp-caption-text\">St\u0159\u00edbrn\u00e1 Martina Mazurov\u00e1 a zlat\u00e1 Kl\u00e1ra Klonov\u00e1<\/p><\/div>\n<p>V ned\u011bli vybojovala Alena Levkov\u00e1 ve fin\u00e1le skoku vysok\u00e9ho bronz za v\u00fdkon 165 cm a olomouck\u00e9 medailov\u00e9 ta\u017een\u00ed pak uzav\u0159ela Martina Mazurov\u00e1 zlatou medail\u00ed z vrhu koul\u00ed za v\u00fdkon 13.36 m.<\/p>\n<div id=\"attachment_14501\" style=\"width: 363px\" class=\"wp-caption aligncenter\"><a href=\"http:\/\/www.atletikaolomouc.cz\/wp-content\/uploads\/2019\/09\/20190922_151840.jpg\"><img aria-describedby=\"caption-attachment-14501\" decoding=\"async\" loading=\"lazy\" class=\"wp-image-14501 size-large\" src=\"http:\/\/www.atletikaolomouc.cz\/wp-content\/uploads\/2019\/09\/20190922_151840-353x600.jpg\" alt=\"\" width=\"353\" height=\"600\" srcset=\"https:\/\/old.atletikaolomouc.cz\/wp-content\/uploads\/2019\/09\/20190922_151840-353x600.jpg 353w, https:\/\/old.atletikaolomouc.cz\/wp-content\/uploads\/2019\/09\/20190922_151840-177x300.jpg 177w, https:\/\/old.atletikaolomouc.cz\/wp-content\/uploads\/2019\/09\/20190922_151840.jpg 687w\" sizes=\"(max-width: 353px) 100vw, 353px\" \/><\/a><p id=\"caption-attachment-14501\" class=\"wp-caption-text\">Bronzov\u00e1 Alena Levkov\u00e1<\/p><\/div>\n<p>Martina Mazurov\u00e1 a Kl\u00e1ra Klonov\u00e1 si nav\u00edc zajistili nominaci do reprezenta\u010dn\u00edho v\u00fdb\u011bru na Mezist\u00e1tn\u00ed utk\u00e1n\u00ed \u010ceska, Chorvatska, Slovenska, Slovinska a Ma\u010farska, kter\u00e9 se kon\u00e1 28. z\u00e1\u0159\u00ed ve slovinsk\u00e9m m\u011bst\u011b Ptuj.<\/p>\n<div id=\"attachment_14496\" style=\"width: 670px\" class=\"wp-caption aligncenter\"><a href=\"http:\/\/www.atletikaolomouc.cz\/wp-content\/uploads\/2019\/09\/20190921_163253_resized.jpg\"><img aria-describedby=\"caption-attachment-14496\" decoding=\"async\" loading=\"lazy\" class=\"wp-image-14496 size-large\" src=\"http:\/\/www.atletikaolomouc.cz\/wp-content\/uploads\/2019\/09\/20190921_163253_resized-800x450.jpg\" alt=\"\" width=\"660\" height=\"371\" srcset=\"https:\/\/old.atletikaolomouc.cz\/wp-content\/uploads\/2019\/09\/20190921_163253_resized-800x450.jpg 800w, https:\/\/old.atletikaolomouc.cz\/wp-content\/uploads\/2019\/09\/20190921_163253_resized-300x169.jpg 300w, https:\/\/old.atletikaolomouc.cz\/wp-content\/uploads\/2019\/09\/20190921_163253_resized-768x432.jpg 768w\" sizes=\"(max-width: 660px) 100vw, 660px\" \/><\/a><p id=\"caption-attachment-14496\" class=\"wp-caption-text\">Martina Mazurov\u00e1 a Kl\u00e1ra Klonov\u00e1 s tren\u00e9rem Viktorem Znojilem (druh\u00fd zleva)<\/p><\/div>\n<p>O cenn\u00e9 kovy tak\u00e9 bojovali dal\u0161\u00ed olomou\u010dt\u00ed atleti. P\u0159ek\u00e1\u017ek\u00e1\u0159i Roman Todorov, Patrik Kremel a Eli\u0161ka Zelov\u00e1 se rvali o nejvy\u0161\u0161\u00ed p\u0159\u00ed\u010dky od rozb\u011bh\u016f a\u017e po fin\u00e1lov\u00e9 b\u011bhy. Roman skon\u010dil sedm\u00fd ve fin\u00e1le b\u011bhu na 100 m p\u0159ek\u00e1\u017eek (14,26 s v semifin\u00e1le) a Patrik jeden\u00e1ct\u00fd v b\u011bhu na 200 m p\u0159ek\u00e1\u017eek (28,25 s v rozb\u011bhu). Eli\u0161ce Zelov\u00e9 v b\u011bhu na 100 m p\u0159ek\u00e1\u017eek jen o desetinu unikl postup do semifin\u00e1le. I vytrvalci na dlouh\u00fdch trat\u00edch bojovali o co nejlep\u0161\u00ed um\u00edst\u011bn\u00ed. Marek K\u00fcnstler skon\u010dil \u010dtvrt\u00fd v b\u011bhu na 1500 m v \u010dase 4:20,57 a Nicola Mikulkov\u00e1 zase des\u00e1t\u00e1 v b\u011bhu na 1500 m p\u0159. V b\u011bhu na 800 m Benjamin Jakob skon\u010dil ve fin\u00e1le \u0161est\u00fd v \u010dase 2:05,68 a Bed\u0159ichu Zahradn\u00edkovi ani Michalu Haluz\u00edkovi se nepoda\u0159ilo do nabit\u00e9ho fin\u00e1le dostat. Mat\u011bj Kelnar p\u0159ekonal o ty\u010di la\u0165ku ve v\u00fd\u0161ce 350 cm a z\u00edskal tak \u0161est\u00e9 m\u00edsto. Z v\u00fd\u0161ka\u0159\u016f dopadla po bronzov\u00e9 Levkov\u00e9 nejl\u00e9pe Ani\u010dka Stejskalov\u00e1, kdy\u017e za nov\u00fd osobn\u00ed rekord 162 cm skon\u010dila na \u0161est\u00e9 p\u0159\u00ed\u010dce. Mat\u011bj H\u00e1p vybojoval ve fin\u00e1le jeden\u00e1ctou p\u0159\u00ed\u010dku (174 cm v kvalifikaci) a Adamovi Tom\u00e1\u0161kovi 164 cm nesta\u010dilo na kvalifikaci do fin\u00e1le.<\/p>\n<div id=\"attachment_14510\" style=\"width: 670px\" class=\"wp-caption aligncenter\"><a href=\"http:\/\/www.atletikaolomouc.cz\/wp-content\/uploads\/2019\/09\/IMG_0869.jpg\"><img aria-describedby=\"caption-attachment-14510\" decoding=\"async\" loading=\"lazy\" class=\"size-large wp-image-14510\" src=\"http:\/\/www.atletikaolomouc.cz\/wp-content\/uploads\/2019\/09\/IMG_0869-800x600.jpg\" alt=\"\" width=\"660\" height=\"495\" srcset=\"https:\/\/old.atletikaolomouc.cz\/wp-content\/uploads\/2019\/09\/IMG_0869-800x600.jpg 800w, https:\/\/old.atletikaolomouc.cz\/wp-content\/uploads\/2019\/09\/IMG_0869-300x225.jpg 300w, https:\/\/old.atletikaolomouc.cz\/wp-content\/uploads\/2019\/09\/IMG_0869-768x576.jpg 768w, https:\/\/old.atletikaolomouc.cz\/wp-content\/uploads\/2019\/09\/IMG_0869.jpg 1334w\" sizes=\"(max-width: 660px) 100vw, 660px\" \/><\/a><p id=\"caption-attachment-14510\" class=\"wp-caption-text\">Ani\u010dka Stejskalov\u00e1 s Eli\u0161kou Zelovou<\/p><\/div>\n<p>V\u0161em medailist\u016fm gratulujeme a v\u0161em na\u0161\u00edm z\u00fa\u010dastn\u011bn\u00fdm atlet\u016fm d\u011bkujeme za vzornou reprezentaci klubu.<\/p>\n<p>Kompletn\u00ed v\u00fdsledky <a href=\"https:\/\/online.atletika.cz\/vysledky\/36447\" target=\"_blank\" rel=\"noopener\">zde<\/a><\/p>\n","protected":false},"excerpt":{"rendered":"<p>Od p\u00e1tku 20. do ned\u011ble 22. z\u00e1\u0159\u00ed se v Kol\u00edn\u011b konalo Mistrovstv\u00ed \u010cesk\u00e9 republiky \u017e\u00e1k\u016f a \u017e\u00e1ky\u0148 na dr\u00e1ze.<\/p>\n","protected":false},"author":14,"featured_media":14481,"comment_status":"closed","ping_status":"closed","sticky":false,"template":"","format":"standard","meta":{"ngg_post_thumbnail":0},"categories":[5,6,37],"tags":[],"_links":{"self":[{"href":"https:\/\/old.atletikaolomouc.cz\/index.php?rest_route=\/wp\/v2\/posts\/14455"}],"collection":[{"href":"https:\/\/old.atletikaolomouc.cz\/index.php?rest_route=\/wp\/v2\/posts"}],"about":[{"href":"https:\/\/old.atletikaolomouc.cz\/index.php?rest_route=\/wp\/v2\/types\/post"}],"author":[{"embeddable":true,"href":"https:\/\/old.atletikaolomouc.cz\/index.php?rest_route=\/wp\/v2\/users\/14"}],"replies":[{"embeddable":true,"href":"https:\/\/old.atletikaolomouc.cz\/index.php?rest_route=%2Fwp%2Fv2%2Fcomments&post=14455"}],"version-history":[{"count":6,"href":"https:\/\/old.atletikaolomouc.cz\/index.php?rest_route=\/wp\/v2\/posts\/14455\/revisions"}],"predecessor-version":[{"id":14511,"href":"https:\/\/old.atletikaolomouc.cz\/index.php?rest_route=\/wp\/v2\/posts\/14455\/revisions\/14511"}],"wp:featuredmedia":[{"embeddable":true,"href":"https:\/\/old.atletikaolomouc.cz\/index.php?rest_route=\/wp\/v2\/media\/14481"}],"wp:attachment":[{"href":"https:\/\/old.atletikaolomouc.cz\/index.php?rest_route=%2Fwp%2Fv2%2Fmedia&parent=14455"}],"wp:term":[{"taxonomy":"category","embeddable":true,"href":"https:\/\/old.atletikaolomouc.cz\/index.php?rest_route=%2Fwp%2Fv2%2Fcategories&post=14455"},{"taxonomy":"post_tag","embeddable":true,"href":"https:\/\/old.atletikaolomouc.cz\/index.php?rest_route=%2Fwp%2Fv2%2Ftags&post=14455"}],"curies":[{"name":"wp","href":"https:\/\/api.w.org\/{rel}","templated":true}]}}