{"id":14795,"date":"2019-10-02T07:41:46","date_gmt":"2019-10-02T05:41:46","guid":{"rendered":"http:\/\/www.atletikaolomouc.cz\/?p=14795"},"modified":"2019-10-11T11:35:07","modified_gmt":"2019-10-11T09:35:07","slug":"uspesna-sezona-olomouckeho-veterana-vaclava-dostalika","status":"publish","type":"post","link":"https:\/\/old.atletikaolomouc.cz\/?p=14795","title":{"rendered":"\u00dasp\u011b\u0161n\u00e1 sez\u00f3na olomouck\u00e9ho veter\u00e1na V\u00e1clava Dostal\u00edka"},"content":{"rendered":"\n<div>\u00dasp\u011b\u0161n\u00fd rok m\u00e1 za sebou b\u00fdval\u00fd \u010deskoslovensk\u00fd reprezentant ve sportovn\u00ed ch\u016fzi a dodnes st\u00e1le aktivn\u00ed \u010dlen Atletick\u00e9ho klubu Olomouc V\u00e1clav Dostal\u00edk. Z\u00fa\u010dastnil se vrcholn\u00fdch veter\u00e1nsk\u00fdch sv\u011btov\u00fdch a evropsk\u00fdch sout\u011b\u017e\u00ed a svoji sb\u00edrku obohatil dal\u0161\u00edmi t\u0159emi medailemi.<\/div>\n<p><!--more--><\/p>\n<div>V b\u0159eznu v polsk\u00e9 Toruni na 8. Veter\u00e1nsk\u00e9m mistrovstv\u00ed sv\u011bta v halov\u00e9 atletice startoval na chodeck\u00e9m z\u00e1vod\u011b na 10 km, kter\u00fd prob\u00edhal v p\u0159ilehl\u00e9m parku vedle modern\u00ed haly. V kategorii 70+ za \u00fa\u010dasti 43 startuj\u00edc\u00edch vybojoval, jako sou\u010d\u00e1st t\u0159\u00ed\u010dlenn\u00e9ho dru\u017estva spolu s \u010desk\u00fdmi chodci Vladim\u00edrem K\u00e1nsk\u00fdm a Stanislavem Markem, bronzovou medaili za \u010das 3:36:28 hod.<a href=\"http:\/\/www.atletikaolomouc.cz\/wp-content\/uploads\/2019\/10\/P1120960-Dostal\u00edk-ME-veter\u00e1n\u016f-2019.jpg\"><img decoding=\"async\" loading=\"lazy\" class=\"aligncenter size-large wp-image-14797\" src=\"http:\/\/www.atletikaolomouc.cz\/wp-content\/uploads\/2019\/10\/P1120960-Dostal\u00edk-ME-veter\u00e1n\u016f-2019-472x600.jpg\" alt=\"\" width=\"472\" height=\"600\" srcset=\"https:\/\/old.atletikaolomouc.cz\/wp-content\/uploads\/2019\/10\/P1120960-Dostal\u00edk-ME-veter\u00e1n\u016f-2019-472x600.jpg 472w, https:\/\/old.atletikaolomouc.cz\/wp-content\/uploads\/2019\/10\/P1120960-Dostal\u00edk-ME-veter\u00e1n\u016f-2019-236x300.jpg 236w, https:\/\/old.atletikaolomouc.cz\/wp-content\/uploads\/2019\/10\/P1120960-Dostal\u00edk-ME-veter\u00e1n\u016f-2019-768x976.jpg 768w\" sizes=\"(max-width: 472px) 100vw, 472px\" \/><\/a><\/div>\n<div>V z\u00e1\u0159\u00ed pak V\u00e1clav Dostal\u00edk odjel do italsk\u00fdch Ben\u00e1tek, kde se za \u00fa\u010dasti 57 st\u00e1t\u016f a v\u00edce ne\u017e 4.000 startuj\u00edc\u00edch uskute\u010dnilo Mistrovstv\u00ed Evropy veter\u00e1n\u016f v atletice na dr\u00e1ze. \u010cesk\u00e1 v\u00fdprava v po\u010dtu 107 \u010dlen\u016f mu\u017e\u016f a \u017een si dom\u016f odvezla \u00factyhodn\u00fd po\u010det 51 medail\u00ed &#8211; z toho 11 zlat\u00fdch. Olomouck\u00fd chodec tentokr\u00e1te startoval v ch\u016fzi na 5.000 m na dr\u00e1ze, kde obsadil 6. m\u00edsto \u010dasem 41:41:27 min. a d\u00e1le na chodeck\u00fdch trat\u00edch 10 km a 20 km. V It\u00e1lii se rovn\u011b\u017e da\u0159ilo v sout\u011b\u017ei dru\u017estev, kde na 20 km okruhu spolu se Zde\u0148kem Gonsiorovsk\u00fdm (1941), Stanislavem Markem (1942) z\u00edskal st\u0159\u00edbrnou medaili. Ve stejn\u00e9m slo\u017een\u00ed pak pro \u010deskou v\u00fdpravu vybojovali bronzovou medaili. V individu\u00e1ln\u00ed sout\u011b\u017ei v ch\u016fzi na 20 km byl V\u00e1clav Dostal\u00edk (1940) dev\u00e1t\u00fdm \u010dasem 2:52:09 hod. a na 10 km se um\u00edstil na 13. m\u00edst\u011b \u010dasem 1:15:00 hod.<\/div>\n<div><a href=\"http:\/\/www.atletikaolomouc.cz\/wp-content\/uploads\/2019\/10\/P1120965-Dostal\u00edk-ME-veter\u00e1n\u016f-2019a.jpg\"><img decoding=\"async\" loading=\"lazy\" class=\"aligncenter size-large wp-image-14796\" src=\"http:\/\/www.atletikaolomouc.cz\/wp-content\/uploads\/2019\/10\/P1120965-Dostal\u00edk-ME-veter\u00e1n\u016f-2019a-464x600.jpg\" alt=\"\" width=\"464\" height=\"600\" srcset=\"https:\/\/old.atletikaolomouc.cz\/wp-content\/uploads\/2019\/10\/P1120965-Dostal\u00edk-ME-veter\u00e1n\u016f-2019a-464x600.jpg 464w, https:\/\/old.atletikaolomouc.cz\/wp-content\/uploads\/2019\/10\/P1120965-Dostal\u00edk-ME-veter\u00e1n\u016f-2019a-232x300.jpg 232w, https:\/\/old.atletikaolomouc.cz\/wp-content\/uploads\/2019\/10\/P1120965-Dostal\u00edk-ME-veter\u00e1n\u016f-2019a-768x993.jpg 768w\" sizes=\"(max-width: 464px) 100vw, 464px\" \/><\/a><\/div>\n","protected":false},"excerpt":{"rendered":"<p>\u00dasp\u011b\u0161n\u00fd rok m\u00e1 za sebou b\u00fdval\u00fd \u010deskoslovensk\u00fd reprezentant ve sportovn\u00ed ch\u016fzi a dodnes st\u00e1le aktivn\u00ed \u010dlen Atletick\u00e9ho klubu Olomouc V\u00e1clav Dostal\u00edk. Z\u00fa\u010dastnil se vrcholn\u00fdch veter\u00e1nsk\u00fdch sv\u011btov\u00fdch a evropsk\u00fdch sout\u011b\u017e\u00ed a svoji sb\u00edrku obohatil dal\u0161\u00edmi t\u0159emi medailemi.<\/p>\n","protected":false},"author":14,"featured_media":14801,"comment_status":"closed","ping_status":"closed","sticky":false,"template":"","format":"standard","meta":{"ngg_post_thumbnail":0},"categories":[5,6,37],"tags":[],"_links":{"self":[{"href":"https:\/\/old.atletikaolomouc.cz\/index.php?rest_route=\/wp\/v2\/posts\/14795"}],"collection":[{"href":"https:\/\/old.atletikaolomouc.cz\/index.php?rest_route=\/wp\/v2\/posts"}],"about":[{"href":"https:\/\/old.atletikaolomouc.cz\/index.php?rest_route=\/wp\/v2\/types\/post"}],"author":[{"embeddable":true,"href":"https:\/\/old.atletikaolomouc.cz\/index.php?rest_route=\/wp\/v2\/users\/14"}],"replies":[{"embeddable":true,"href":"https:\/\/old.atletikaolomouc.cz\/index.php?rest_route=%2Fwp%2Fv2%2Fcomments&post=14795"}],"version-history":[{"count":4,"href":"https:\/\/old.atletikaolomouc.cz\/index.php?rest_route=\/wp\/v2\/posts\/14795\/revisions"}],"predecessor-version":[{"id":15007,"href":"https:\/\/old.atletikaolomouc.cz\/index.php?rest_route=\/wp\/v2\/posts\/14795\/revisions\/15007"}],"wp:featuredmedia":[{"embeddable":true,"href":"https:\/\/old.atletikaolomouc.cz\/index.php?rest_route=\/wp\/v2\/media\/14801"}],"wp:attachment":[{"href":"https:\/\/old.atletikaolomouc.cz\/index.php?rest_route=%2Fwp%2Fv2%2Fmedia&parent=14795"}],"wp:term":[{"taxonomy":"category","embeddable":true,"href":"https:\/\/old.atletikaolomouc.cz\/index.php?rest_route=%2Fwp%2Fv2%2Fcategories&post=14795"},{"taxonomy":"post_tag","embeddable":true,"href":"https:\/\/old.atletikaolomouc.cz\/index.php?rest_route=%2Fwp%2Fv2%2Ftags&post=14795"}],"curies":[{"name":"wp","href":"https:\/\/api.w.org\/{rel}","templated":true}]}}