{"id":14824,"date":"2019-10-04T10:48:01","date_gmt":"2019-10-04T08:48:01","guid":{"rendered":"http:\/\/www.atletikaolomouc.cz\/?p=14824"},"modified":"2019-10-09T15:45:52","modified_gmt":"2019-10-09T13:45:52","slug":"stribro-z-mistrovstvi-cr-druzstev","status":"publish","type":"post","link":"https:\/\/old.atletikaolomouc.cz\/?p=14824","title":{"rendered":"Dv\u011b olomouck\u00e1 dru\u017estva st\u0159\u00edbrn\u00e1 na Mistrovstv\u00ed \u010cR"},"content":{"rendered":"\n<p>V sobotu 28. z\u00e1\u0159\u00ed 2019 se v Ostrav\u011b konalo Mistrovstv\u00ed \u010cesk\u00e9 republiky dru\u017estev dorostenc\u016f a dorostenek a v Plzni Mistrovstv\u00ed \u010cesk\u00e9 republiky dru\u017estev junior\u016f a juniorek.<!--more-->Olomou\u010dt\u00ed dorostenci dovezli z Ostravy st\u0159\u00edbrn\u00e9 medaile, kdy\u017e skon\u010dili druz\u00ed za prvn\u00ed&nbsp;ASK Slavia Praha a p\u0159ed t\u0159et\u00edmi V\u00edtkovicemi.<\/p>\n<p><a href=\"http:\/\/www.atletikaolomouc.cz\/wp-content\/uploads\/2019\/10\/DSC_0932.jpg\"><img decoding=\"async\" loading=\"lazy\" class=\"aligncenter size-large wp-image-14828\" src=\"http:\/\/www.atletikaolomouc.cz\/wp-content\/uploads\/2019\/10\/DSC_0932-800x533.jpg\" alt=\"\" width=\"660\" height=\"440\" srcset=\"https:\/\/old.atletikaolomouc.cz\/wp-content\/uploads\/2019\/10\/DSC_0932-800x533.jpg 800w, https:\/\/old.atletikaolomouc.cz\/wp-content\/uploads\/2019\/10\/DSC_0932-300x200.jpg 300w, https:\/\/old.atletikaolomouc.cz\/wp-content\/uploads\/2019\/10\/DSC_0932-768x512.jpg 768w, https:\/\/old.atletikaolomouc.cz\/wp-content\/uploads\/2019\/10\/DSC_0932-385x258.jpg 385w\" sizes=\"(max-width: 660px) 100vw, 660px\" \/><\/a><\/p>\n<p>Nejv\u00edce bod\u016f na mistrovstv\u00ed z\u00edskal pro n\u00e1\u0161 klub Milan Habor\u00e1k (22 bod\u016f), kter\u00fd zv\u00edt\u011bzil jak ve vrhu koul\u00ed, tak v hodu diskem. 14 bod\u016f pro AK Olomouc zajistil Jan \u0160alman v\u00edt\u011bzstv\u00edm v b\u011bhu na 300 m p\u0159. a t\u0159et\u00edm m\u00edstem v b\u011bhu na 400 m. Nav\u00edc tak\u00e9 p\u0159idal cenn\u00e9 body jako sou\u010d\u00e1st &#8222;\u00e1\u010dkov\u00e9&#8220; \u0161tafety na 4&#215;400 m (Gr\u00e9gr J., Adensam J., Hroch M., \u0160alman J.), kter\u00e1 skon\u010dila druh\u00e1. Dal\u0161\u00ed sprinter Vojta Hor\u00e1k z\u00edskal 12,5 bodu za druh\u00e9 m\u00edsto v b\u011bhu na 200 m a za \u0161est\u00e9 m\u00edsto v b\u011bhu na 100 m.<\/p>\n<p><a href=\"http:\/\/www.atletikaolomouc.cz\/wp-content\/uploads\/2019\/10\/DSC_0883.jpg\"><img decoding=\"async\" loading=\"lazy\" class=\"aligncenter size-large wp-image-14830\" src=\"http:\/\/www.atletikaolomouc.cz\/wp-content\/uploads\/2019\/10\/DSC_0883-800x533.jpg\" alt=\"\" width=\"660\" height=\"440\" srcset=\"https:\/\/old.atletikaolomouc.cz\/wp-content\/uploads\/2019\/10\/DSC_0883-800x533.jpg 800w, https:\/\/old.atletikaolomouc.cz\/wp-content\/uploads\/2019\/10\/DSC_0883-300x200.jpg 300w, https:\/\/old.atletikaolomouc.cz\/wp-content\/uploads\/2019\/10\/DSC_0883-768x512.jpg 768w, https:\/\/old.atletikaolomouc.cz\/wp-content\/uploads\/2019\/10\/DSC_0883-385x258.jpg 385w\" sizes=\"(max-width: 660px) 100vw, 660px\" \/><\/a><\/p>\n<p>Dru\u017estvo olomouck\u00fdch dorostenek skon\u010dilo na p\u011bkn\u00e9m p\u00e1t\u00e9m m\u00edst\u011b jen o t\u0159i body za \u010dtvrt\u00fdm A.C TEPO Kladno. Na t\u0159et\u00ed TJ LIAZ Jablonec jim sch\u00e1zelo t\u0159icet \u0161est bod\u016f. Nejl\u00e9pe boduj\u00edc\u00ed atletkou olomouck\u00e9ho klubu se ve fin\u00e1le stala Lucie Mi\u010dunkov\u00e1, p\u0159ed Andreou \u0160vecovou a Karol\u00ednou Morbitzerovou.<\/p>\n<p>Junio\u0159i svedli v Plzni dramatick\u00fd boj o medaile, kter\u00fd rozhodly a\u017e v \u00fapln\u00e9m z\u00e1v\u011bru \u0161tafety na 4&#215;400 m. V t\u011bch olomou\u010dt\u00ed z\u00e1vodn\u00edci urvali cenn\u00e9 body a skon\u010dili na celkov\u00e9m druh\u00e9m m\u00edst\u011b. Nejv\u00edce ve fin\u00e1le podr\u017eel dru\u017estvo junior\u016f Patrik D\u00f6m\u00f6t\u00f6r, kter\u00fd zv\u00edt\u011bzil v b\u011bhu na 400 m, v b\u011bhu na 110 m p\u0159., skon\u010dil druh\u00fd v b\u011bhu na 400 m p\u0159. a je\u0161t\u011b v\u00fdrazn\u011b pomohl ob\u011bma \u0161tafet\u00e1m ke druh\u00e9mu m\u00edstu. Dal\u0161\u00edmi v\u00fdborn\u011b boduj\u00edc\u00edmi z\u00e1vodn\u00edky pak byli Franti\u0161ek Buba, Kry\u0161tof Posp\u00ed\u0161il a Jakub H\u00e9\u017ea.<\/p>\n<p><a href=\"http:\/\/www.atletikaolomouc.cz\/wp-content\/uploads\/2019\/10\/2019-Zpravodaj-po-M\u010cR.pdf\" target=\"_blank\" rel=\"noopener\">Zpravodaj dorostenek<\/a>&nbsp;+ <a href=\"http:\/\/www.atletikaolomouc.cz\/wp-content\/uploads\/2019\/10\/2019-Bodov\u00e1n\u00ed-jednotlivc\u016f.pdf\" target=\"_blank\" rel=\"noopener\">bodov\u00e1n\u00ed<\/a><\/p>\n<p><a href=\"http:\/\/www.atletikaolomouc.cz\/wp-content\/uploads\/2019\/10\/zpravodaj-\u010d.6-dru\u017estva-dorostenc\u016f.docx\" target=\"_blank\" rel=\"noopener\">Zpravodaj dorostenc\u016f + bodov\u00e1n\u00ed<\/a><\/p>\n<p><a href=\"http:\/\/www.atletikaolomouc.cz\/wp-content\/uploads\/2019\/10\/Zpravodaj-po-MCR-junioru_2019.doc\" target=\"_blank\" rel=\"noopener\">Zpravodaj junior\u016f<\/a>&nbsp;+ <a href=\"http:\/\/www.atletikaolomouc.cz\/wp-content\/uploads\/2019\/10\/Bodovani_junioru_2019.xlsx\" target=\"_blank\" rel=\"noopener\">bodov\u00e1n\u00ed<\/a><\/p>\n<p><a href=\"http:\/\/www.atletikaolomouc.cz\/?p=14759\" target=\"_blank\" rel=\"noopener\">Foto<\/a><\/p>\n<p><a href=\"https:\/\/online.atletika.cz\/vysledky\/36450\" target=\"_blank\" rel=\"noopener\">Kompletn\u00ed v\u00fdsledky dorost<\/a><\/p>\n<p><a href=\"https:\/\/online.atletika.cz\/vysledky\/36449\" target=\"_blank\" rel=\"noopener\">Kompletn\u00ed v\u00fdsledky junio\u0159i<\/a><\/p>\n<p><a href=\"http:\/\/www.atletikaolomouc.cz\/wp-content\/uploads\/2019\/10\/DSC_0874.jpg\"><img decoding=\"async\" loading=\"lazy\" class=\"aligncenter size-large wp-image-14829\" src=\"http:\/\/www.atletikaolomouc.cz\/wp-content\/uploads\/2019\/10\/DSC_0874-800x533.jpg\" alt=\"\" width=\"660\" height=\"440\" srcset=\"https:\/\/old.atletikaolomouc.cz\/wp-content\/uploads\/2019\/10\/DSC_0874-800x533.jpg 800w, https:\/\/old.atletikaolomouc.cz\/wp-content\/uploads\/2019\/10\/DSC_0874-300x200.jpg 300w, https:\/\/old.atletikaolomouc.cz\/wp-content\/uploads\/2019\/10\/DSC_0874-768x512.jpg 768w, https:\/\/old.atletikaolomouc.cz\/wp-content\/uploads\/2019\/10\/DSC_0874-385x258.jpg 385w\" sizes=\"(max-width: 660px) 100vw, 660px\" \/><\/a><\/p>\n","protected":false},"excerpt":{"rendered":"<p>V sobotu 28. z\u00e1\u0159\u00ed 2019 se v Ostrav\u011b konalo Mistrovstv\u00ed \u010cesk\u00e9 republiky dru\u017estev dorostenc\u016f a dorostenek a v Plzni Mistrovstv\u00ed \u010cesk\u00e9 republiky dru\u017estev junior\u016f a juniorek.<\/p>\n","protected":false},"author":14,"featured_media":14833,"comment_status":"closed","ping_status":"closed","sticky":false,"template":"","format":"standard","meta":{"ngg_post_thumbnail":0},"categories":[5,6,37],"tags":[],"_links":{"self":[{"href":"https:\/\/old.atletikaolomouc.cz\/index.php?rest_route=\/wp\/v2\/posts\/14824"}],"collection":[{"href":"https:\/\/old.atletikaolomouc.cz\/index.php?rest_route=\/wp\/v2\/posts"}],"about":[{"href":"https:\/\/old.atletikaolomouc.cz\/index.php?rest_route=\/wp\/v2\/types\/post"}],"author":[{"embeddable":true,"href":"https:\/\/old.atletikaolomouc.cz\/index.php?rest_route=\/wp\/v2\/users\/14"}],"replies":[{"embeddable":true,"href":"https:\/\/old.atletikaolomouc.cz\/index.php?rest_route=%2Fwp%2Fv2%2Fcomments&post=14824"}],"version-history":[{"count":9,"href":"https:\/\/old.atletikaolomouc.cz\/index.php?rest_route=\/wp\/v2\/posts\/14824\/revisions"}],"predecessor-version":[{"id":14906,"href":"https:\/\/old.atletikaolomouc.cz\/index.php?rest_route=\/wp\/v2\/posts\/14824\/revisions\/14906"}],"wp:featuredmedia":[{"embeddable":true,"href":"https:\/\/old.atletikaolomouc.cz\/index.php?rest_route=\/wp\/v2\/media\/14833"}],"wp:attachment":[{"href":"https:\/\/old.atletikaolomouc.cz\/index.php?rest_route=%2Fwp%2Fv2%2Fmedia&parent=14824"}],"wp:term":[{"taxonomy":"category","embeddable":true,"href":"https:\/\/old.atletikaolomouc.cz\/index.php?rest_route=%2Fwp%2Fv2%2Fcategories&post=14824"},{"taxonomy":"post_tag","embeddable":true,"href":"https:\/\/old.atletikaolomouc.cz\/index.php?rest_route=%2Fwp%2Fv2%2Ftags&post=14824"}],"curies":[{"name":"wp","href":"https:\/\/api.w.org\/{rel}","templated":true}]}}