{"id":14867,"date":"2019-10-07T14:02:50","date_gmt":"2019-10-07T12:02:50","guid":{"rendered":"http:\/\/www.atletikaolomouc.cz\/?p=14867"},"modified":"2019-10-10T09:11:10","modified_gmt":"2019-10-10T07:11:10","slug":"cesky-pohar-atletika-caths-2019","status":"publish","type":"post","link":"https:\/\/old.atletikaolomouc.cz\/?p=14867","title":{"rendered":"\u010cesk\u00fd poh\u00e1r Atletika \u010cATHS 2019"},"content":{"rendered":"\n<p>V ned\u011bli 6. \u0159\u00edjna 2019 prob\u011bhlo v Olomouci posledn\u00ed kolo \u010cesk\u00e9ho poh\u00e1ru Atletiky \u010cATHS.<!--more--> I p\u0159es chladn\u011bj\u0161\u00ed podzimn\u00ed po\u010das\u00ed se se\u0161lo 30 z\u00e1vodn\u00edk\u016f, aby&nbsp; p\u0159ekonali sami sebe a sv\u00e1 osobn\u00ed maxima a mnoz\u00ed tak uk\u00e1zali, \u017ee jsou p\u0159ipraveni na nadch\u00e1zej\u00edc\u00ed Mistrovstv\u00ed sv\u011bta, kter\u00e9 se kon\u00e1 v listopadu ve Spojen\u00fdch Arabsk\u00fdch Emir\u00e1tech.&nbsp;Prob\u011bhl tak\u00e9 vlo\u017een\u00fd z\u00e1vod na\u0161ich nejmlad\u0161\u00edch atlet\u016f v hodu kriketov\u00fdm m\u00ed\u010dkem. Z\u00fa\u010dastnila se ho mimo jin\u00e9 desetilet\u00e1 dom\u00e1c\u00ed z\u00e1vodnice Nikola S\u00fdkorov\u00e1, kter\u00e1&nbsp; vybojovala svou prvn\u00ed zlatou medaili v t\u00e9to discipl\u00edn\u011b.<\/p>\n<p><a href=\"http:\/\/www.atletikaolomouc.cz\/?p=14968\" target=\"_blank\" rel=\"noopener\">Foto<\/a><\/p>\n<p><a href=\"http:\/\/www.atletikaolomouc.cz\/wp-content\/uploads\/2019\/10\/web-6.10.pdf\" target=\"_blank\" rel=\"noopener\">V\u00fdsledky<\/a><\/p>\n<p><a href=\"http:\/\/www.atletikaolomouc.cz\/wp-content\/uploads\/2019\/10\/CELKOV\u00c9-PO\u0158AD\u00cd-\u010cP-2019.pdf\" target=\"_blank\" rel=\"noopener\">Celkov\u00e9 v\u00fdsledky \u010cP<\/a><\/p>\n","protected":false},"excerpt":{"rendered":"<p>V ned\u011bli 6. \u0159\u00edjna 2019 prob\u011bhlo v Olomouci posledn\u00ed kolo \u010cesk\u00e9ho poh\u00e1ru Atletiky \u010cATHS.<\/p>\n","protected":false},"author":14,"featured_media":14914,"comment_status":"closed","ping_status":"closed","sticky":false,"template":"","format":"standard","meta":{"ngg_post_thumbnail":0},"categories":[5,6,37],"tags":[],"_links":{"self":[{"href":"https:\/\/old.atletikaolomouc.cz\/index.php?rest_route=\/wp\/v2\/posts\/14867"}],"collection":[{"href":"https:\/\/old.atletikaolomouc.cz\/index.php?rest_route=\/wp\/v2\/posts"}],"about":[{"href":"https:\/\/old.atletikaolomouc.cz\/index.php?rest_route=\/wp\/v2\/types\/post"}],"author":[{"embeddable":true,"href":"https:\/\/old.atletikaolomouc.cz\/index.php?rest_route=\/wp\/v2\/users\/14"}],"replies":[{"embeddable":true,"href":"https:\/\/old.atletikaolomouc.cz\/index.php?rest_route=%2Fwp%2Fv2%2Fcomments&post=14867"}],"version-history":[{"count":2,"href":"https:\/\/old.atletikaolomouc.cz\/index.php?rest_route=\/wp\/v2\/posts\/14867\/revisions"}],"predecessor-version":[{"id":14971,"href":"https:\/\/old.atletikaolomouc.cz\/index.php?rest_route=\/wp\/v2\/posts\/14867\/revisions\/14971"}],"wp:featuredmedia":[{"embeddable":true,"href":"https:\/\/old.atletikaolomouc.cz\/index.php?rest_route=\/wp\/v2\/media\/14914"}],"wp:attachment":[{"href":"https:\/\/old.atletikaolomouc.cz\/index.php?rest_route=%2Fwp%2Fv2%2Fmedia&parent=14867"}],"wp:term":[{"taxonomy":"category","embeddable":true,"href":"https:\/\/old.atletikaolomouc.cz\/index.php?rest_route=%2Fwp%2Fv2%2Fcategories&post=14867"},{"taxonomy":"post_tag","embeddable":true,"href":"https:\/\/old.atletikaolomouc.cz\/index.php?rest_route=%2Fwp%2Fv2%2Ftags&post=14867"}],"curies":[{"name":"wp","href":"https:\/\/api.w.org\/{rel}","templated":true}]}}