{"id":14968,"date":"2019-10-10T09:09:25","date_gmt":"2019-10-10T07:09:25","guid":{"rendered":"http:\/\/www.atletikaolomouc.cz\/?p=14968"},"modified":"2019-10-10T09:09:29","modified_gmt":"2019-10-10T07:09:29","slug":"cesky-pohar-atletika-caths-2019-foto","status":"publish","type":"post","link":"https:\/\/old.atletikaolomouc.cz\/?p=14968","title":{"rendered":"\u010cesk\u00fd poh\u00e1r Atletika \u010cATHS 2019 &#8211; foto"},"content":{"rendered":"\n<p><a href=\"http:\/\/www.atletikaolomouc.cz\/wp-content\/uploads\/2019\/10\/DSC_6084-voz\u00ed\u010dk\u00e1\u0159i-5.-kolo-a.jpg\"><img decoding=\"async\" loading=\"lazy\" class=\"alignleft size-thumbnail wp-image-14965\" src=\"http:\/\/www.atletikaolomouc.cz\/wp-content\/uploads\/2019\/10\/DSC_6084-voz\u00ed\u010dk\u00e1\u0159i-5.-kolo-a-150x150.jpg\" alt=\"\" width=\"150\" height=\"150\"><\/a>V ned\u011bli 6. \u0159\u00edjna 2019 prob\u011bhlo v Olomouci posledn\u00ed kolo \u010cesk\u00e9ho poh\u00e1ru Atletiky \u010cATHS.<!--more--><\/p>\n<!-- default-view.php -->\n<div\n\tclass=\"ngg-galleryoverview default-view \"\n\tid=\"ngg-gallery-b6dca2545a9ea564cfa525a4f1bf787f-1\">\n\n\t\t<!-- Thumbnails -->\n\t\t\t\t<div id=\"ngg-image-0\" class=\"ngg-gallery-thumbnail-box \" >\n\t\t\t\t        <div class=\"ngg-gallery-thumbnail\">\n            <a href=\"https:\/\/old.atletikaolomouc.cz\/wp-content\/gallery\/cesky-pohar-atletika-caths\/DSC_6079-voz%C3%AD%C4%8Dk%C3%A1%C5%99i-5.-kolo-6.10.2019.jpg\"\n               title=\"\"\n               data-src=\"https:\/\/old.atletikaolomouc.cz\/wp-content\/gallery\/cesky-pohar-atletika-caths\/DSC_6079-voz%C3%AD%C4%8Dk%C3%A1%C5%99i-5.-kolo-6.10.2019.jpg\"\n               data-thumbnail=\"https:\/\/old.atletikaolomouc.cz\/wp-content\/gallery\/cesky-pohar-atletika-caths\/thumbs\/thumbs_DSC_6079-voz%C3%AD%C4%8Dk%C3%A1%C5%99i-5.-kolo-6.10.2019.jpg\"\n               data-image-id=\"4515\"\n               data-title=\"DSC_6079-voz\u00ed\u010dk\u00e1\u0159i-5.-kolo-6.10.2019\"\n               data-description=\"\"\n               data-image-slug=\"dsc_6079-voz%c3%ad%c4%8dk%c3%a1%c5%99i-5-kolo-6-10-2019\"\n               class=\"ngg-simplelightbox\" rel=\"b6dca2545a9ea564cfa525a4f1bf787f\">\n                <img\n                    title=\"DSC_6079-voz\u00ed\u010dk\u00e1\u0159i-5.-kolo-6.10.2019\"\n                    alt=\"DSC_6079-voz\u00ed\u010dk\u00e1\u0159i-5.-kolo-6.10.2019\"\n                    src=\"https:\/\/old.atletikaolomouc.cz\/wp-content\/gallery\/cesky-pohar-atletika-caths\/thumbs\/thumbs_DSC_6079-voz%C3%AD%C4%8Dk%C3%A1%C5%99i-5.-kolo-6.10.2019.jpg\"\n                    width=\"240\"\n                    height=\"160\"\n                    style=\"max-width:100%;\"\n                \/>\n            <\/a>\n        <\/div>\n\t\t\t\t\t\t\t<\/div> \n\t\t\t\n\t\t\t\t<div id=\"ngg-image-1\" class=\"ngg-gallery-thumbnail-box \" >\n\t\t\t\t        <div class=\"ngg-gallery-thumbnail\">\n            <a href=\"https:\/\/old.atletikaolomouc.cz\/wp-content\/gallery\/cesky-pohar-atletika-caths\/DSC_6080-5.-kolo-voz%C3%AD%C4%8Dk%C3%A1%C5%99i.jpg\"\n               title=\"\"\n               data-src=\"https:\/\/old.atletikaolomouc.cz\/wp-content\/gallery\/cesky-pohar-atletika-caths\/DSC_6080-5.-kolo-voz%C3%AD%C4%8Dk%C3%A1%C5%99i.jpg\"\n               data-thumbnail=\"https:\/\/old.atletikaolomouc.cz\/wp-content\/gallery\/cesky-pohar-atletika-caths\/thumbs\/thumbs_DSC_6080-5.-kolo-voz%C3%AD%C4%8Dk%C3%A1%C5%99i.jpg\"\n               data-image-id=\"4516\"\n               data-title=\"DSC_6080-5.-kolo-voz\u00ed\u010dk\u00e1\u0159i\"\n               data-description=\"\"\n               data-image-slug=\"dsc_6080-5-kolo-voz%c3%ad%c4%8dk%c3%a1%c5%99i\"\n               class=\"ngg-simplelightbox\" rel=\"b6dca2545a9ea564cfa525a4f1bf787f\">\n                <img\n                    title=\"DSC_6080-5.-kolo-voz\u00ed\u010dk\u00e1\u0159i\"\n                    alt=\"DSC_6080-5.-kolo-voz\u00ed\u010dk\u00e1\u0159i\"\n                    src=\"https:\/\/old.atletikaolomouc.cz\/wp-content\/gallery\/cesky-pohar-atletika-caths\/thumbs\/thumbs_DSC_6080-5.-kolo-voz%C3%AD%C4%8Dk%C3%A1%C5%99i.jpg\"\n                    width=\"240\"\n                    height=\"160\"\n                    style=\"max-width:100%;\"\n                \/>\n            <\/a>\n        <\/div>\n\t\t\t\t\t\t\t<\/div> \n\t\t\t\n\t\t\t\t<div id=\"ngg-image-2\" class=\"ngg-gallery-thumbnail-box \" >\n\t\t\t\t        <div class=\"ngg-gallery-thumbnail\">\n            <a href=\"https:\/\/old.atletikaolomouc.cz\/wp-content\/gallery\/cesky-pohar-atletika-caths\/DSC_6083-voz%C3%AD%C4%8Dk%C3%A1%C5%99i-5.-kolo.jpg\"\n               title=\"\"\n               data-src=\"https:\/\/old.atletikaolomouc.cz\/wp-content\/gallery\/cesky-pohar-atletika-caths\/DSC_6083-voz%C3%AD%C4%8Dk%C3%A1%C5%99i-5.-kolo.jpg\"\n               data-thumbnail=\"https:\/\/old.atletikaolomouc.cz\/wp-content\/gallery\/cesky-pohar-atletika-caths\/thumbs\/thumbs_DSC_6083-voz%C3%AD%C4%8Dk%C3%A1%C5%99i-5.-kolo.jpg\"\n               data-image-id=\"4517\"\n               data-title=\"DSC_6083-voz\u00ed\u010dk\u00e1\u0159i-5.-kolo\"\n               data-description=\"\"\n               data-image-slug=\"dsc_6083-voz%c3%ad%c4%8dk%c3%a1%c5%99i-5-kolo\"\n               class=\"ngg-simplelightbox\" rel=\"b6dca2545a9ea564cfa525a4f1bf787f\">\n                <img\n                    title=\"DSC_6083-voz\u00ed\u010dk\u00e1\u0159i-5.-kolo\"\n                    alt=\"DSC_6083-voz\u00ed\u010dk\u00e1\u0159i-5.-kolo\"\n                    src=\"https:\/\/old.atletikaolomouc.cz\/wp-content\/gallery\/cesky-pohar-atletika-caths\/thumbs\/thumbs_DSC_6083-voz%C3%AD%C4%8Dk%C3%A1%C5%99i-5.-kolo.jpg\"\n                    width=\"240\"\n                    height=\"160\"\n                    style=\"max-width:100%;\"\n                \/>\n            <\/a>\n        <\/div>\n\t\t\t\t\t\t\t<\/div> \n\t\t\t\n\t\t\t\t<div id=\"ngg-image-3\" class=\"ngg-gallery-thumbnail-box \" >\n\t\t\t\t        <div class=\"ngg-gallery-thumbnail\">\n            <a href=\"https:\/\/old.atletikaolomouc.cz\/wp-content\/gallery\/cesky-pohar-atletika-caths\/DSC_6084-voz%C3%AD%C4%8Dk%C3%A1%C5%99i-5.-kolo-a.jpg\"\n               title=\"\"\n               data-src=\"https:\/\/old.atletikaolomouc.cz\/wp-content\/gallery\/cesky-pohar-atletika-caths\/DSC_6084-voz%C3%AD%C4%8Dk%C3%A1%C5%99i-5.-kolo-a.jpg\"\n               data-thumbnail=\"https:\/\/old.atletikaolomouc.cz\/wp-content\/gallery\/cesky-pohar-atletika-caths\/thumbs\/thumbs_DSC_6084-voz%C3%AD%C4%8Dk%C3%A1%C5%99i-5.-kolo-a.jpg\"\n               data-image-id=\"4518\"\n               data-title=\"DSC_6084-voz\u00ed\u010dk\u00e1\u0159i-5.-kolo-a\"\n               data-description=\"\"\n               data-image-slug=\"dsc_6084-voz%c3%ad%c4%8dk%c3%a1%c5%99i-5-kolo-a\"\n               class=\"ngg-simplelightbox\" rel=\"b6dca2545a9ea564cfa525a4f1bf787f\">\n                <img\n                    title=\"DSC_6084-voz\u00ed\u010dk\u00e1\u0159i-5.-kolo-a\"\n                    alt=\"DSC_6084-voz\u00ed\u010dk\u00e1\u0159i-5.-kolo-a\"\n                    src=\"https:\/\/old.atletikaolomouc.cz\/wp-content\/gallery\/cesky-pohar-atletika-caths\/thumbs\/thumbs_DSC_6084-voz%C3%AD%C4%8Dk%C3%A1%C5%99i-5.-kolo-a.jpg\"\n                    width=\"240\"\n                    height=\"160\"\n                    style=\"max-width:100%;\"\n                \/>\n            <\/a>\n        <\/div>\n\t\t\t\t\t\t\t<\/div> \n\t\t\t\n\t\t\t\t<div id=\"ngg-image-4\" class=\"ngg-gallery-thumbnail-box \" >\n\t\t\t\t        <div class=\"ngg-gallery-thumbnail\">\n            <a href=\"https:\/\/old.atletikaolomouc.cz\/wp-content\/gallery\/cesky-pohar-atletika-caths\/DSC_6085-5.-kolo-voz%C3%AD%C4%8Dk%C3%A1%C5%99%C5%AF.jpg\"\n               title=\"\"\n               data-src=\"https:\/\/old.atletikaolomouc.cz\/wp-content\/gallery\/cesky-pohar-atletika-caths\/DSC_6085-5.-kolo-voz%C3%AD%C4%8Dk%C3%A1%C5%99%C5%AF.jpg\"\n               data-thumbnail=\"https:\/\/old.atletikaolomouc.cz\/wp-content\/gallery\/cesky-pohar-atletika-caths\/thumbs\/thumbs_DSC_6085-5.-kolo-voz%C3%AD%C4%8Dk%C3%A1%C5%99%C5%AF.jpg\"\n               data-image-id=\"4519\"\n               data-title=\"DSC_6085-5.-kolo-voz\u00ed\u010dk\u00e1\u0159\u016f\"\n               data-description=\"\"\n               data-image-slug=\"dsc_6085-5-kolo-voz%c3%ad%c4%8dk%c3%a1%c5%99%c5%af\"\n               class=\"ngg-simplelightbox\" rel=\"b6dca2545a9ea564cfa525a4f1bf787f\">\n                <img\n                    title=\"DSC_6085-5.-kolo-voz\u00ed\u010dk\u00e1\u0159\u016f\"\n                    alt=\"DSC_6085-5.-kolo-voz\u00ed\u010dk\u00e1\u0159\u016f\"\n                    src=\"https:\/\/old.atletikaolomouc.cz\/wp-content\/gallery\/cesky-pohar-atletika-caths\/thumbs\/thumbs_DSC_6085-5.-kolo-voz%C3%AD%C4%8Dk%C3%A1%C5%99%C5%AF.jpg\"\n                    width=\"240\"\n                    height=\"160\"\n                    style=\"max-width:100%;\"\n                \/>\n            <\/a>\n        <\/div>\n\t\t\t\t\t\t\t<\/div> \n\t\t\t\n\t\t\t\t<div id=\"ngg-image-5\" class=\"ngg-gallery-thumbnail-box \" >\n\t\t\t\t        <div class=\"ngg-gallery-thumbnail\">\n            <a href=\"https:\/\/old.atletikaolomouc.cz\/wp-content\/gallery\/cesky-pohar-atletika-caths\/DSC_6087-5.-kolo-voz%C3%AD%C4%8Dk%C3%A1%C5%99%C5%AF.jpg\"\n               title=\"\"\n               data-src=\"https:\/\/old.atletikaolomouc.cz\/wp-content\/gallery\/cesky-pohar-atletika-caths\/DSC_6087-5.-kolo-voz%C3%AD%C4%8Dk%C3%A1%C5%99%C5%AF.jpg\"\n               data-thumbnail=\"https:\/\/old.atletikaolomouc.cz\/wp-content\/gallery\/cesky-pohar-atletika-caths\/thumbs\/thumbs_DSC_6087-5.-kolo-voz%C3%AD%C4%8Dk%C3%A1%C5%99%C5%AF.jpg\"\n               data-image-id=\"4520\"\n               data-title=\"DSC_6087-5.-kolo-voz\u00ed\u010dk\u00e1\u0159\u016f\"\n               data-description=\"\"\n               data-image-slug=\"dsc_6087-5-kolo-voz%c3%ad%c4%8dk%c3%a1%c5%99%c5%af\"\n               class=\"ngg-simplelightbox\" rel=\"b6dca2545a9ea564cfa525a4f1bf787f\">\n                <img\n                    title=\"DSC_6087-5.-kolo-voz\u00ed\u010dk\u00e1\u0159\u016f\"\n                    alt=\"DSC_6087-5.-kolo-voz\u00ed\u010dk\u00e1\u0159\u016f\"\n                    src=\"https:\/\/old.atletikaolomouc.cz\/wp-content\/gallery\/cesky-pohar-atletika-caths\/thumbs\/thumbs_DSC_6087-5.-kolo-voz%C3%AD%C4%8Dk%C3%A1%C5%99%C5%AF.jpg\"\n                    width=\"240\"\n                    height=\"160\"\n                    style=\"max-width:100%;\"\n                \/>\n            <\/a>\n        <\/div>\n\t\t\t\t\t\t\t<\/div> \n\t\t\t\n\t\t\t\t<div id=\"ngg-image-6\" class=\"ngg-gallery-thumbnail-box \" >\n\t\t\t\t        <div class=\"ngg-gallery-thumbnail\">\n            <a href=\"https:\/\/old.atletikaolomouc.cz\/wp-content\/gallery\/cesky-pohar-atletika-caths\/DSC_6091-5.-kolo-voz%C3%AD%C4%8Dk%C3%A1%C5%99%C5%AF.jpg\"\n               title=\"\"\n               data-src=\"https:\/\/old.atletikaolomouc.cz\/wp-content\/gallery\/cesky-pohar-atletika-caths\/DSC_6091-5.-kolo-voz%C3%AD%C4%8Dk%C3%A1%C5%99%C5%AF.jpg\"\n               data-thumbnail=\"https:\/\/old.atletikaolomouc.cz\/wp-content\/gallery\/cesky-pohar-atletika-caths\/thumbs\/thumbs_DSC_6091-5.-kolo-voz%C3%AD%C4%8Dk%C3%A1%C5%99%C5%AF.jpg\"\n               data-image-id=\"4521\"\n               data-title=\"DSC_6091-5.-kolo-voz\u00ed\u010dk\u00e1\u0159\u016f\"\n               data-description=\"\"\n               data-image-slug=\"dsc_6091-5-kolo-voz%c3%ad%c4%8dk%c3%a1%c5%99%c5%af\"\n               class=\"ngg-simplelightbox\" rel=\"b6dca2545a9ea564cfa525a4f1bf787f\">\n                <img\n                    title=\"DSC_6091-5.-kolo-voz\u00ed\u010dk\u00e1\u0159\u016f\"\n                    alt=\"DSC_6091-5.-kolo-voz\u00ed\u010dk\u00e1\u0159\u016f\"\n                    src=\"https:\/\/old.atletikaolomouc.cz\/wp-content\/gallery\/cesky-pohar-atletika-caths\/thumbs\/thumbs_DSC_6091-5.-kolo-voz%C3%AD%C4%8Dk%C3%A1%C5%99%C5%AF.jpg\"\n                    width=\"240\"\n                    height=\"160\"\n                    style=\"max-width:100%;\"\n                \/>\n            <\/a>\n        <\/div>\n\t\t\t\t\t\t\t<\/div> \n\t\t\t\n\t\t\t\t<div id=\"ngg-image-7\" class=\"ngg-gallery-thumbnail-box \" >\n\t\t\t\t        <div class=\"ngg-gallery-thumbnail\">\n            <a href=\"https:\/\/old.atletikaolomouc.cz\/wp-content\/gallery\/cesky-pohar-atletika-caths\/DSC_6092-5.-kolo-voz%C3%AD%C4%8Dk%C3%A1%C5%99%C5%AF.jpg\"\n               title=\"\"\n               data-src=\"https:\/\/old.atletikaolomouc.cz\/wp-content\/gallery\/cesky-pohar-atletika-caths\/DSC_6092-5.-kolo-voz%C3%AD%C4%8Dk%C3%A1%C5%99%C5%AF.jpg\"\n               data-thumbnail=\"https:\/\/old.atletikaolomouc.cz\/wp-content\/gallery\/cesky-pohar-atletika-caths\/thumbs\/thumbs_DSC_6092-5.-kolo-voz%C3%AD%C4%8Dk%C3%A1%C5%99%C5%AF.jpg\"\n               data-image-id=\"4522\"\n               data-title=\"DSC_6092-5.-kolo-voz\u00ed\u010dk\u00e1\u0159\u016f\"\n               data-description=\"\"\n               data-image-slug=\"dsc_6092-5-kolo-voz%c3%ad%c4%8dk%c3%a1%c5%99%c5%af\"\n               class=\"ngg-simplelightbox\" rel=\"b6dca2545a9ea564cfa525a4f1bf787f\">\n                <img\n                    title=\"DSC_6092-5.-kolo-voz\u00ed\u010dk\u00e1\u0159\u016f\"\n                    alt=\"DSC_6092-5.-kolo-voz\u00ed\u010dk\u00e1\u0159\u016f\"\n                    src=\"https:\/\/old.atletikaolomouc.cz\/wp-content\/gallery\/cesky-pohar-atletika-caths\/thumbs\/thumbs_DSC_6092-5.-kolo-voz%C3%AD%C4%8Dk%C3%A1%C5%99%C5%AF.jpg\"\n                    width=\"240\"\n                    height=\"160\"\n                    style=\"max-width:100%;\"\n                \/>\n            <\/a>\n        <\/div>\n\t\t\t\t\t\t\t<\/div> \n\t\t\t\n\t\t\t\t<div id=\"ngg-image-8\" class=\"ngg-gallery-thumbnail-box \" >\n\t\t\t\t        <div class=\"ngg-gallery-thumbnail\">\n            <a href=\"https:\/\/old.atletikaolomouc.cz\/wp-content\/gallery\/cesky-pohar-atletika-caths\/DSC_6093-5.-kolo-voz%C3%AD%C4%8Dk%C3%A1%C5%99%C5%AF.jpg\"\n               title=\"\"\n               data-src=\"https:\/\/old.atletikaolomouc.cz\/wp-content\/gallery\/cesky-pohar-atletika-caths\/DSC_6093-5.-kolo-voz%C3%AD%C4%8Dk%C3%A1%C5%99%C5%AF.jpg\"\n               data-thumbnail=\"https:\/\/old.atletikaolomouc.cz\/wp-content\/gallery\/cesky-pohar-atletika-caths\/thumbs\/thumbs_DSC_6093-5.-kolo-voz%C3%AD%C4%8Dk%C3%A1%C5%99%C5%AF.jpg\"\n               data-image-id=\"4523\"\n               data-title=\"DSC_6093-5.-kolo-voz\u00ed\u010dk\u00e1\u0159\u016f\"\n               data-description=\"\"\n               data-image-slug=\"dsc_6093-5-kolo-voz%c3%ad%c4%8dk%c3%a1%c5%99%c5%af\"\n               class=\"ngg-simplelightbox\" rel=\"b6dca2545a9ea564cfa525a4f1bf787f\">\n                <img\n                    title=\"DSC_6093-5.-kolo-voz\u00ed\u010dk\u00e1\u0159\u016f\"\n                    alt=\"DSC_6093-5.-kolo-voz\u00ed\u010dk\u00e1\u0159\u016f\"\n                    src=\"https:\/\/old.atletikaolomouc.cz\/wp-content\/gallery\/cesky-pohar-atletika-caths\/thumbs\/thumbs_DSC_6093-5.-kolo-voz%C3%AD%C4%8Dk%C3%A1%C5%99%C5%AF.jpg\"\n                    width=\"240\"\n                    height=\"160\"\n                    style=\"max-width:100%;\"\n                \/>\n            <\/a>\n        <\/div>\n\t\t\t\t\t\t\t<\/div> \n\t\t\t\n\t\t\t\t<div id=\"ngg-image-9\" class=\"ngg-gallery-thumbnail-box \" >\n\t\t\t\t        <div class=\"ngg-gallery-thumbnail\">\n            <a href=\"https:\/\/old.atletikaolomouc.cz\/wp-content\/gallery\/cesky-pohar-atletika-caths\/DSC_6094-5.-kolo-voz%C3%AD%C4%8Dk%C3%A1%C5%99%C5%AF.jpg\"\n               title=\"\"\n               data-src=\"https:\/\/old.atletikaolomouc.cz\/wp-content\/gallery\/cesky-pohar-atletika-caths\/DSC_6094-5.-kolo-voz%C3%AD%C4%8Dk%C3%A1%C5%99%C5%AF.jpg\"\n               data-thumbnail=\"https:\/\/old.atletikaolomouc.cz\/wp-content\/gallery\/cesky-pohar-atletika-caths\/thumbs\/thumbs_DSC_6094-5.-kolo-voz%C3%AD%C4%8Dk%C3%A1%C5%99%C5%AF.jpg\"\n               data-image-id=\"4524\"\n               data-title=\"DSC_6094-5.-kolo-voz\u00ed\u010dk\u00e1\u0159\u016f\"\n               data-description=\"\"\n               data-image-slug=\"dsc_6094-5-kolo-voz%c3%ad%c4%8dk%c3%a1%c5%99%c5%af\"\n               class=\"ngg-simplelightbox\" rel=\"b6dca2545a9ea564cfa525a4f1bf787f\">\n                <img\n                    title=\"DSC_6094-5.-kolo-voz\u00ed\u010dk\u00e1\u0159\u016f\"\n                    alt=\"DSC_6094-5.-kolo-voz\u00ed\u010dk\u00e1\u0159\u016f\"\n                    src=\"https:\/\/old.atletikaolomouc.cz\/wp-content\/gallery\/cesky-pohar-atletika-caths\/thumbs\/thumbs_DSC_6094-5.-kolo-voz%C3%AD%C4%8Dk%C3%A1%C5%99%C5%AF.jpg\"\n                    width=\"240\"\n                    height=\"160\"\n                    style=\"max-width:100%;\"\n                \/>\n            <\/a>\n        <\/div>\n\t\t\t\t\t\t\t<\/div> \n\t\t\t\n\t\t\t\t<div id=\"ngg-image-10\" class=\"ngg-gallery-thumbnail-box \" >\n\t\t\t\t        <div class=\"ngg-gallery-thumbnail\">\n            <a href=\"https:\/\/old.atletikaolomouc.cz\/wp-content\/gallery\/cesky-pohar-atletika-caths\/DSC_6096-5.-kolo-voz%C3%AD%C4%8Dk%C3%A1%C5%99%C5%AF.jpg\"\n               title=\"\"\n               data-src=\"https:\/\/old.atletikaolomouc.cz\/wp-content\/gallery\/cesky-pohar-atletika-caths\/DSC_6096-5.-kolo-voz%C3%AD%C4%8Dk%C3%A1%C5%99%C5%AF.jpg\"\n               data-thumbnail=\"https:\/\/old.atletikaolomouc.cz\/wp-content\/gallery\/cesky-pohar-atletika-caths\/thumbs\/thumbs_DSC_6096-5.-kolo-voz%C3%AD%C4%8Dk%C3%A1%C5%99%C5%AF.jpg\"\n               data-image-id=\"4525\"\n               data-title=\"DSC_6096-5.-kolo-voz\u00ed\u010dk\u00e1\u0159\u016f\"\n               data-description=\"\"\n               data-image-slug=\"dsc_6096-5-kolo-voz%c3%ad%c4%8dk%c3%a1%c5%99%c5%af\"\n               class=\"ngg-simplelightbox\" rel=\"b6dca2545a9ea564cfa525a4f1bf787f\">\n                <img\n                    title=\"DSC_6096-5.-kolo-voz\u00ed\u010dk\u00e1\u0159\u016f\"\n                    alt=\"DSC_6096-5.-kolo-voz\u00ed\u010dk\u00e1\u0159\u016f\"\n                    src=\"https:\/\/old.atletikaolomouc.cz\/wp-content\/gallery\/cesky-pohar-atletika-caths\/thumbs\/thumbs_DSC_6096-5.-kolo-voz%C3%AD%C4%8Dk%C3%A1%C5%99%C5%AF.jpg\"\n                    width=\"240\"\n                    height=\"160\"\n                    style=\"max-width:100%;\"\n                \/>\n            <\/a>\n        <\/div>\n\t\t\t\t\t\t\t<\/div> \n\t\t\t\n\t\t\t\t<div id=\"ngg-image-11\" class=\"ngg-gallery-thumbnail-box \" >\n\t\t\t\t        <div class=\"ngg-gallery-thumbnail\">\n            <a href=\"https:\/\/old.atletikaolomouc.cz\/wp-content\/gallery\/cesky-pohar-atletika-caths\/DSC_6098-5.-kolo-voz%C3%AD%C4%8Dk%C3%A1%C5%99%C5%AF.jpg\"\n               title=\"\"\n               data-src=\"https:\/\/old.atletikaolomouc.cz\/wp-content\/gallery\/cesky-pohar-atletika-caths\/DSC_6098-5.-kolo-voz%C3%AD%C4%8Dk%C3%A1%C5%99%C5%AF.jpg\"\n               data-thumbnail=\"https:\/\/old.atletikaolomouc.cz\/wp-content\/gallery\/cesky-pohar-atletika-caths\/thumbs\/thumbs_DSC_6098-5.-kolo-voz%C3%AD%C4%8Dk%C3%A1%C5%99%C5%AF.jpg\"\n               data-image-id=\"4526\"\n               data-title=\"DSC_6098-5.-kolo-voz\u00ed\u010dk\u00e1\u0159\u016f\"\n               data-description=\"\"\n               data-image-slug=\"dsc_6098-5-kolo-voz%c3%ad%c4%8dk%c3%a1%c5%99%c5%af\"\n               class=\"ngg-simplelightbox\" rel=\"b6dca2545a9ea564cfa525a4f1bf787f\">\n                <img\n                    title=\"DSC_6098-5.-kolo-voz\u00ed\u010dk\u00e1\u0159\u016f\"\n                    alt=\"DSC_6098-5.-kolo-voz\u00ed\u010dk\u00e1\u0159\u016f\"\n                    src=\"https:\/\/old.atletikaolomouc.cz\/wp-content\/gallery\/cesky-pohar-atletika-caths\/thumbs\/thumbs_DSC_6098-5.-kolo-voz%C3%AD%C4%8Dk%C3%A1%C5%99%C5%AF.jpg\"\n                    width=\"240\"\n                    height=\"160\"\n                    style=\"max-width:100%;\"\n                \/>\n            <\/a>\n        <\/div>\n\t\t\t\t\t\t\t<\/div> \n\t\t\t\n\t\t\t\t<div id=\"ngg-image-12\" class=\"ngg-gallery-thumbnail-box \" >\n\t\t\t\t        <div class=\"ngg-gallery-thumbnail\">\n            <a href=\"https:\/\/old.atletikaolomouc.cz\/wp-content\/gallery\/cesky-pohar-atletika-caths\/DSC_6099-5.-kolo-voz%C3%AD%C4%8Dk%C3%A1%C5%99%C5%AF.jpg\"\n               title=\"\"\n               data-src=\"https:\/\/old.atletikaolomouc.cz\/wp-content\/gallery\/cesky-pohar-atletika-caths\/DSC_6099-5.-kolo-voz%C3%AD%C4%8Dk%C3%A1%C5%99%C5%AF.jpg\"\n               data-thumbnail=\"https:\/\/old.atletikaolomouc.cz\/wp-content\/gallery\/cesky-pohar-atletika-caths\/thumbs\/thumbs_DSC_6099-5.-kolo-voz%C3%AD%C4%8Dk%C3%A1%C5%99%C5%AF.jpg\"\n               data-image-id=\"4527\"\n               data-title=\"DSC_6099-5.-kolo-voz\u00ed\u010dk\u00e1\u0159\u016f\"\n               data-description=\"\"\n               data-image-slug=\"dsc_6099-5-kolo-voz%c3%ad%c4%8dk%c3%a1%c5%99%c5%af\"\n               class=\"ngg-simplelightbox\" rel=\"b6dca2545a9ea564cfa525a4f1bf787f\">\n                <img\n                    title=\"DSC_6099-5.-kolo-voz\u00ed\u010dk\u00e1\u0159\u016f\"\n                    alt=\"DSC_6099-5.-kolo-voz\u00ed\u010dk\u00e1\u0159\u016f\"\n                    src=\"https:\/\/old.atletikaolomouc.cz\/wp-content\/gallery\/cesky-pohar-atletika-caths\/thumbs\/thumbs_DSC_6099-5.-kolo-voz%C3%AD%C4%8Dk%C3%A1%C5%99%C5%AF.jpg\"\n                    width=\"240\"\n                    height=\"160\"\n                    style=\"max-width:100%;\"\n                \/>\n            <\/a>\n        <\/div>\n\t\t\t\t\t\t\t<\/div> \n\t\t\t\n\t\t\t\t<div id=\"ngg-image-13\" class=\"ngg-gallery-thumbnail-box \" >\n\t\t\t\t        <div class=\"ngg-gallery-thumbnail\">\n            <a href=\"https:\/\/old.atletikaolomouc.cz\/wp-content\/gallery\/cesky-pohar-atletika-caths\/DSC_6100-5.-kolo-voz%C3%AD%C4%8Dk%C3%A1%C5%99%C5%AF.jpg\"\n               title=\"\"\n               data-src=\"https:\/\/old.atletikaolomouc.cz\/wp-content\/gallery\/cesky-pohar-atletika-caths\/DSC_6100-5.-kolo-voz%C3%AD%C4%8Dk%C3%A1%C5%99%C5%AF.jpg\"\n               data-thumbnail=\"https:\/\/old.atletikaolomouc.cz\/wp-content\/gallery\/cesky-pohar-atletika-caths\/thumbs\/thumbs_DSC_6100-5.-kolo-voz%C3%AD%C4%8Dk%C3%A1%C5%99%C5%AF.jpg\"\n               data-image-id=\"4528\"\n               data-title=\"DSC_6100-5.-kolo-voz\u00ed\u010dk\u00e1\u0159\u016f\"\n               data-description=\"\"\n               data-image-slug=\"dsc_6100-5-kolo-voz%c3%ad%c4%8dk%c3%a1%c5%99%c5%af\"\n               class=\"ngg-simplelightbox\" rel=\"b6dca2545a9ea564cfa525a4f1bf787f\">\n                <img\n                    title=\"DSC_6100-5.-kolo-voz\u00ed\u010dk\u00e1\u0159\u016f\"\n                    alt=\"DSC_6100-5.-kolo-voz\u00ed\u010dk\u00e1\u0159\u016f\"\n                    src=\"https:\/\/old.atletikaolomouc.cz\/wp-content\/gallery\/cesky-pohar-atletika-caths\/thumbs\/thumbs_DSC_6100-5.-kolo-voz%C3%AD%C4%8Dk%C3%A1%C5%99%C5%AF.jpg\"\n                    width=\"240\"\n                    height=\"160\"\n                    style=\"max-width:100%;\"\n                \/>\n            <\/a>\n        <\/div>\n\t\t\t\t\t\t\t<\/div> \n\t\t\t\n\t\t\t\t<div id=\"ngg-image-14\" class=\"ngg-gallery-thumbnail-box \" >\n\t\t\t\t        <div class=\"ngg-gallery-thumbnail\">\n            <a href=\"https:\/\/old.atletikaolomouc.cz\/wp-content\/gallery\/cesky-pohar-atletika-caths\/DSC_6101-voz%C3%AD%C4%8Dk%C3%A1%C5%99i-5.-kolo.jpg\"\n               title=\"\"\n               data-src=\"https:\/\/old.atletikaolomouc.cz\/wp-content\/gallery\/cesky-pohar-atletika-caths\/DSC_6101-voz%C3%AD%C4%8Dk%C3%A1%C5%99i-5.-kolo.jpg\"\n               data-thumbnail=\"https:\/\/old.atletikaolomouc.cz\/wp-content\/gallery\/cesky-pohar-atletika-caths\/thumbs\/thumbs_DSC_6101-voz%C3%AD%C4%8Dk%C3%A1%C5%99i-5.-kolo.jpg\"\n               data-image-id=\"4529\"\n               data-title=\"DSC_6101-voz\u00ed\u010dk\u00e1\u0159i-5.-kolo\"\n               data-description=\"\"\n               data-image-slug=\"dsc_6101-voz%c3%ad%c4%8dk%c3%a1%c5%99i-5-kolo\"\n               class=\"ngg-simplelightbox\" rel=\"b6dca2545a9ea564cfa525a4f1bf787f\">\n                <img\n                    title=\"DSC_6101-voz\u00ed\u010dk\u00e1\u0159i-5.-kolo\"\n                    alt=\"DSC_6101-voz\u00ed\u010dk\u00e1\u0159i-5.-kolo\"\n                    src=\"https:\/\/old.atletikaolomouc.cz\/wp-content\/gallery\/cesky-pohar-atletika-caths\/thumbs\/thumbs_DSC_6101-voz%C3%AD%C4%8Dk%C3%A1%C5%99i-5.-kolo.jpg\"\n                    width=\"240\"\n                    height=\"160\"\n                    style=\"max-width:100%;\"\n                \/>\n            <\/a>\n        <\/div>\n\t\t\t\t\t\t\t<\/div> \n\t\t\t\n\t\t\t\t<div id=\"ngg-image-15\" class=\"ngg-gallery-thumbnail-box \" >\n\t\t\t\t        <div class=\"ngg-gallery-thumbnail\">\n            <a href=\"https:\/\/old.atletikaolomouc.cz\/wp-content\/gallery\/cesky-pohar-atletika-caths\/DSC_6107-voz%C3%AD%C4%8Dk%C3%A1%C5%99i-5.-kolo.jpg\"\n               title=\"\"\n               data-src=\"https:\/\/old.atletikaolomouc.cz\/wp-content\/gallery\/cesky-pohar-atletika-caths\/DSC_6107-voz%C3%AD%C4%8Dk%C3%A1%C5%99i-5.-kolo.jpg\"\n               data-thumbnail=\"https:\/\/old.atletikaolomouc.cz\/wp-content\/gallery\/cesky-pohar-atletika-caths\/thumbs\/thumbs_DSC_6107-voz%C3%AD%C4%8Dk%C3%A1%C5%99i-5.-kolo.jpg\"\n               data-image-id=\"4530\"\n               data-title=\"DSC_6107-voz\u00ed\u010dk\u00e1\u0159i-5.-kolo\"\n               data-description=\"\"\n               data-image-slug=\"dsc_6107-voz%c3%ad%c4%8dk%c3%a1%c5%99i-5-kolo\"\n               class=\"ngg-simplelightbox\" rel=\"b6dca2545a9ea564cfa525a4f1bf787f\">\n                <img\n                    title=\"DSC_6107-voz\u00ed\u010dk\u00e1\u0159i-5.-kolo\"\n                    alt=\"DSC_6107-voz\u00ed\u010dk\u00e1\u0159i-5.-kolo\"\n                    src=\"https:\/\/old.atletikaolomouc.cz\/wp-content\/gallery\/cesky-pohar-atletika-caths\/thumbs\/thumbs_DSC_6107-voz%C3%AD%C4%8Dk%C3%A1%C5%99i-5.-kolo.jpg\"\n                    width=\"240\"\n                    height=\"160\"\n                    style=\"max-width:100%;\"\n                \/>\n            <\/a>\n        <\/div>\n\t\t\t\t\t\t\t<\/div> \n\t\t\t\n\t\t\t\t<div id=\"ngg-image-16\" class=\"ngg-gallery-thumbnail-box \" >\n\t\t\t\t        <div class=\"ngg-gallery-thumbnail\">\n            <a href=\"https:\/\/old.atletikaolomouc.cz\/wp-content\/gallery\/cesky-pohar-atletika-caths\/DSC_6110-5.-kolo-voz%C3%AD%C4%8Dk%C3%A1%C5%99i.jpg\"\n               title=\"\"\n               data-src=\"https:\/\/old.atletikaolomouc.cz\/wp-content\/gallery\/cesky-pohar-atletika-caths\/DSC_6110-5.-kolo-voz%C3%AD%C4%8Dk%C3%A1%C5%99i.jpg\"\n               data-thumbnail=\"https:\/\/old.atletikaolomouc.cz\/wp-content\/gallery\/cesky-pohar-atletika-caths\/thumbs\/thumbs_DSC_6110-5.-kolo-voz%C3%AD%C4%8Dk%C3%A1%C5%99i.jpg\"\n               data-image-id=\"4531\"\n               data-title=\"DSC_6110-5.-kolo-voz\u00ed\u010dk\u00e1\u0159i\"\n               data-description=\"\"\n               data-image-slug=\"dsc_6110-5-kolo-voz%c3%ad%c4%8dk%c3%a1%c5%99i\"\n               class=\"ngg-simplelightbox\" rel=\"b6dca2545a9ea564cfa525a4f1bf787f\">\n                <img\n                    title=\"DSC_6110-5.-kolo-voz\u00ed\u010dk\u00e1\u0159i\"\n                    alt=\"DSC_6110-5.-kolo-voz\u00ed\u010dk\u00e1\u0159i\"\n                    src=\"https:\/\/old.atletikaolomouc.cz\/wp-content\/gallery\/cesky-pohar-atletika-caths\/thumbs\/thumbs_DSC_6110-5.-kolo-voz%C3%AD%C4%8Dk%C3%A1%C5%99i.jpg\"\n                    width=\"240\"\n                    height=\"160\"\n                    style=\"max-width:100%;\"\n                \/>\n            <\/a>\n        <\/div>\n\t\t\t\t\t\t\t<\/div> \n\t\t\t\n\t\t\t\t<div id=\"ngg-image-17\" class=\"ngg-gallery-thumbnail-box \" >\n\t\t\t\t        <div class=\"ngg-gallery-thumbnail\">\n            <a href=\"https:\/\/old.atletikaolomouc.cz\/wp-content\/gallery\/cesky-pohar-atletika-caths\/DSC_6114-voz%C3%AD%C4%8Dk%C3%A1%C5%99i-5.-kolo-2019.jpg\"\n               title=\"\"\n               data-src=\"https:\/\/old.atletikaolomouc.cz\/wp-content\/gallery\/cesky-pohar-atletika-caths\/DSC_6114-voz%C3%AD%C4%8Dk%C3%A1%C5%99i-5.-kolo-2019.jpg\"\n               data-thumbnail=\"https:\/\/old.atletikaolomouc.cz\/wp-content\/gallery\/cesky-pohar-atletika-caths\/thumbs\/thumbs_DSC_6114-voz%C3%AD%C4%8Dk%C3%A1%C5%99i-5.-kolo-2019.jpg\"\n               data-image-id=\"4532\"\n               data-title=\"DSC_6114-voz\u00ed\u010dk\u00e1\u0159i-5.-kolo-2019\"\n               data-description=\"\"\n               data-image-slug=\"dsc_6114-voz%c3%ad%c4%8dk%c3%a1%c5%99i-5-kolo-2019\"\n               class=\"ngg-simplelightbox\" rel=\"b6dca2545a9ea564cfa525a4f1bf787f\">\n                <img\n                    title=\"DSC_6114-voz\u00ed\u010dk\u00e1\u0159i-5.-kolo-2019\"\n                    alt=\"DSC_6114-voz\u00ed\u010dk\u00e1\u0159i-5.-kolo-2019\"\n                    src=\"https:\/\/old.atletikaolomouc.cz\/wp-content\/gallery\/cesky-pohar-atletika-caths\/thumbs\/thumbs_DSC_6114-voz%C3%AD%C4%8Dk%C3%A1%C5%99i-5.-kolo-2019.jpg\"\n                    width=\"240\"\n                    height=\"160\"\n                    style=\"max-width:100%;\"\n                \/>\n            <\/a>\n        <\/div>\n\t\t\t\t\t\t\t<\/div> \n\t\t\t\n\t\t\t\t<div id=\"ngg-image-18\" class=\"ngg-gallery-thumbnail-box \" >\n\t\t\t\t        <div class=\"ngg-gallery-thumbnail\">\n            <a href=\"https:\/\/old.atletikaolomouc.cz\/wp-content\/gallery\/cesky-pohar-atletika-caths\/DSC_6115-5.-kolo-voz%C3%AD%C4%8Dk%C3%A1%C5%99i.jpg\"\n               title=\"\"\n               data-src=\"https:\/\/old.atletikaolomouc.cz\/wp-content\/gallery\/cesky-pohar-atletika-caths\/DSC_6115-5.-kolo-voz%C3%AD%C4%8Dk%C3%A1%C5%99i.jpg\"\n               data-thumbnail=\"https:\/\/old.atletikaolomouc.cz\/wp-content\/gallery\/cesky-pohar-atletika-caths\/thumbs\/thumbs_DSC_6115-5.-kolo-voz%C3%AD%C4%8Dk%C3%A1%C5%99i.jpg\"\n               data-image-id=\"4533\"\n               data-title=\"DSC_6115-5.-kolo-voz\u00ed\u010dk\u00e1\u0159i\"\n               data-description=\"\"\n               data-image-slug=\"dsc_6115-5-kolo-voz%c3%ad%c4%8dk%c3%a1%c5%99i\"\n               class=\"ngg-simplelightbox\" rel=\"b6dca2545a9ea564cfa525a4f1bf787f\">\n                <img\n                    title=\"DSC_6115-5.-kolo-voz\u00ed\u010dk\u00e1\u0159i\"\n                    alt=\"DSC_6115-5.-kolo-voz\u00ed\u010dk\u00e1\u0159i\"\n                    src=\"https:\/\/old.atletikaolomouc.cz\/wp-content\/gallery\/cesky-pohar-atletika-caths\/thumbs\/thumbs_DSC_6115-5.-kolo-voz%C3%AD%C4%8Dk%C3%A1%C5%99i.jpg\"\n                    width=\"240\"\n                    height=\"160\"\n                    style=\"max-width:100%;\"\n                \/>\n            <\/a>\n        <\/div>\n\t\t\t\t\t\t\t<\/div> \n\t\t\t\n\t\t\t\t<div id=\"ngg-image-19\" class=\"ngg-gallery-thumbnail-box \" >\n\t\t\t\t        <div class=\"ngg-gallery-thumbnail\">\n            <a href=\"https:\/\/old.atletikaolomouc.cz\/wp-content\/gallery\/cesky-pohar-atletika-caths\/DSC_6118-voz%C3%AD%C4%8Dk%C3%A1%C5%99i-5.-kolo.jpg\"\n               title=\"\"\n               data-src=\"https:\/\/old.atletikaolomouc.cz\/wp-content\/gallery\/cesky-pohar-atletika-caths\/DSC_6118-voz%C3%AD%C4%8Dk%C3%A1%C5%99i-5.-kolo.jpg\"\n               data-thumbnail=\"https:\/\/old.atletikaolomouc.cz\/wp-content\/gallery\/cesky-pohar-atletika-caths\/thumbs\/thumbs_DSC_6118-voz%C3%AD%C4%8Dk%C3%A1%C5%99i-5.-kolo.jpg\"\n               data-image-id=\"4534\"\n               data-title=\"DSC_6118-voz\u00ed\u010dk\u00e1\u0159i-5.-kolo\"\n               data-description=\"\"\n               data-image-slug=\"dsc_6118-voz%c3%ad%c4%8dk%c3%a1%c5%99i-5-kolo\"\n               class=\"ngg-simplelightbox\" rel=\"b6dca2545a9ea564cfa525a4f1bf787f\">\n                <img\n                    title=\"DSC_6118-voz\u00ed\u010dk\u00e1\u0159i-5.-kolo\"\n                    alt=\"DSC_6118-voz\u00ed\u010dk\u00e1\u0159i-5.-kolo\"\n                    src=\"https:\/\/old.atletikaolomouc.cz\/wp-content\/gallery\/cesky-pohar-atletika-caths\/thumbs\/thumbs_DSC_6118-voz%C3%AD%C4%8Dk%C3%A1%C5%99i-5.-kolo.jpg\"\n                    width=\"240\"\n                    height=\"160\"\n                    style=\"max-width:100%;\"\n                \/>\n            <\/a>\n        <\/div>\n\t\t\t\t\t\t\t<\/div> \n\t\t\t\n\t\t\t\t<div id=\"ngg-image-20\" class=\"ngg-gallery-thumbnail-box \" >\n\t\t\t\t        <div class=\"ngg-gallery-thumbnail\">\n            <a href=\"https:\/\/old.atletikaolomouc.cz\/wp-content\/gallery\/cesky-pohar-atletika-caths\/DSC_6119-5.-kolo-voz%C3%AD%C4%8Dk%C3%A1%C5%99i.jpg\"\n               title=\"\"\n               data-src=\"https:\/\/old.atletikaolomouc.cz\/wp-content\/gallery\/cesky-pohar-atletika-caths\/DSC_6119-5.-kolo-voz%C3%AD%C4%8Dk%C3%A1%C5%99i.jpg\"\n               data-thumbnail=\"https:\/\/old.atletikaolomouc.cz\/wp-content\/gallery\/cesky-pohar-atletika-caths\/thumbs\/thumbs_DSC_6119-5.-kolo-voz%C3%AD%C4%8Dk%C3%A1%C5%99i.jpg\"\n               data-image-id=\"4535\"\n               data-title=\"DSC_6119-5.-kolo-voz\u00ed\u010dk\u00e1\u0159i\"\n               data-description=\"\"\n               data-image-slug=\"dsc_6119-5-kolo-voz%c3%ad%c4%8dk%c3%a1%c5%99i\"\n               class=\"ngg-simplelightbox\" rel=\"b6dca2545a9ea564cfa525a4f1bf787f\">\n                <img\n                    title=\"DSC_6119-5.-kolo-voz\u00ed\u010dk\u00e1\u0159i\"\n                    alt=\"DSC_6119-5.-kolo-voz\u00ed\u010dk\u00e1\u0159i\"\n                    src=\"https:\/\/old.atletikaolomouc.cz\/wp-content\/gallery\/cesky-pohar-atletika-caths\/thumbs\/thumbs_DSC_6119-5.-kolo-voz%C3%AD%C4%8Dk%C3%A1%C5%99i.jpg\"\n                    width=\"240\"\n                    height=\"160\"\n                    style=\"max-width:100%;\"\n                \/>\n            <\/a>\n        <\/div>\n\t\t\t\t\t\t\t<\/div> \n\t\t\t\n\t\t\t\t<div id=\"ngg-image-21\" class=\"ngg-gallery-thumbnail-box \" >\n\t\t\t\t        <div class=\"ngg-gallery-thumbnail\">\n            <a href=\"https:\/\/old.atletikaolomouc.cz\/wp-content\/gallery\/cesky-pohar-atletika-caths\/DSC_6121-5.-kolo-voz%C3%AD%C4%8Dk%C3%A1%C5%99i.jpg\"\n               title=\"\"\n               data-src=\"https:\/\/old.atletikaolomouc.cz\/wp-content\/gallery\/cesky-pohar-atletika-caths\/DSC_6121-5.-kolo-voz%C3%AD%C4%8Dk%C3%A1%C5%99i.jpg\"\n               data-thumbnail=\"https:\/\/old.atletikaolomouc.cz\/wp-content\/gallery\/cesky-pohar-atletika-caths\/thumbs\/thumbs_DSC_6121-5.-kolo-voz%C3%AD%C4%8Dk%C3%A1%C5%99i.jpg\"\n               data-image-id=\"4536\"\n               data-title=\"DSC_6121-5.-kolo-voz\u00ed\u010dk\u00e1\u0159i\"\n               data-description=\"\"\n               data-image-slug=\"dsc_6121-5-kolo-voz%c3%ad%c4%8dk%c3%a1%c5%99i\"\n               class=\"ngg-simplelightbox\" rel=\"b6dca2545a9ea564cfa525a4f1bf787f\">\n                <img\n                    title=\"DSC_6121-5.-kolo-voz\u00ed\u010dk\u00e1\u0159i\"\n                    alt=\"DSC_6121-5.-kolo-voz\u00ed\u010dk\u00e1\u0159i\"\n                    src=\"https:\/\/old.atletikaolomouc.cz\/wp-content\/gallery\/cesky-pohar-atletika-caths\/thumbs\/thumbs_DSC_6121-5.-kolo-voz%C3%AD%C4%8Dk%C3%A1%C5%99i.jpg\"\n                    width=\"240\"\n                    height=\"160\"\n                    style=\"max-width:100%;\"\n                \/>\n            <\/a>\n        <\/div>\n\t\t\t\t\t\t\t<\/div> \n\t\t\t\n\t\t\t\t<div id=\"ngg-image-22\" class=\"ngg-gallery-thumbnail-box \" >\n\t\t\t\t        <div class=\"ngg-gallery-thumbnail\">\n            <a href=\"https:\/\/old.atletikaolomouc.cz\/wp-content\/gallery\/cesky-pohar-atletika-caths\/DSC_6124-5.-kolo-voz%C3%AD%C4%8Dk%C3%A1%C5%99%C5%AF.jpg\"\n               title=\"\"\n               data-src=\"https:\/\/old.atletikaolomouc.cz\/wp-content\/gallery\/cesky-pohar-atletika-caths\/DSC_6124-5.-kolo-voz%C3%AD%C4%8Dk%C3%A1%C5%99%C5%AF.jpg\"\n               data-thumbnail=\"https:\/\/old.atletikaolomouc.cz\/wp-content\/gallery\/cesky-pohar-atletika-caths\/thumbs\/thumbs_DSC_6124-5.-kolo-voz%C3%AD%C4%8Dk%C3%A1%C5%99%C5%AF.jpg\"\n               data-image-id=\"4537\"\n               data-title=\"DSC_6124-5.-kolo-voz\u00ed\u010dk\u00e1\u0159\u016f\"\n               data-description=\"\"\n               data-image-slug=\"dsc_6124-5-kolo-voz%c3%ad%c4%8dk%c3%a1%c5%99%c5%af\"\n               class=\"ngg-simplelightbox\" rel=\"b6dca2545a9ea564cfa525a4f1bf787f\">\n                <img\n                    title=\"DSC_6124-5.-kolo-voz\u00ed\u010dk\u00e1\u0159\u016f\"\n                    alt=\"DSC_6124-5.-kolo-voz\u00ed\u010dk\u00e1\u0159\u016f\"\n                    src=\"https:\/\/old.atletikaolomouc.cz\/wp-content\/gallery\/cesky-pohar-atletika-caths\/thumbs\/thumbs_DSC_6124-5.-kolo-voz%C3%AD%C4%8Dk%C3%A1%C5%99%C5%AF.jpg\"\n                    width=\"240\"\n                    height=\"160\"\n                    style=\"max-width:100%;\"\n                \/>\n            <\/a>\n        <\/div>\n\t\t\t\t\t\t\t<\/div> \n\t\t\t\n\t\t\t\t<div id=\"ngg-image-23\" class=\"ngg-gallery-thumbnail-box \" >\n\t\t\t\t        <div class=\"ngg-gallery-thumbnail\">\n            <a href=\"https:\/\/old.atletikaolomouc.cz\/wp-content\/gallery\/cesky-pohar-atletika-caths\/DSC_6127-5.-kolo-voz%C3%AD%C4%8Dk%C3%A1%C5%99%C5%AF.jpg\"\n               title=\"\"\n               data-src=\"https:\/\/old.atletikaolomouc.cz\/wp-content\/gallery\/cesky-pohar-atletika-caths\/DSC_6127-5.-kolo-voz%C3%AD%C4%8Dk%C3%A1%C5%99%C5%AF.jpg\"\n               data-thumbnail=\"https:\/\/old.atletikaolomouc.cz\/wp-content\/gallery\/cesky-pohar-atletika-caths\/thumbs\/thumbs_DSC_6127-5.-kolo-voz%C3%AD%C4%8Dk%C3%A1%C5%99%C5%AF.jpg\"\n               data-image-id=\"4538\"\n               data-title=\"DSC_6127-5.-kolo-voz\u00ed\u010dk\u00e1\u0159\u016f\"\n               data-description=\"\"\n               data-image-slug=\"dsc_6127-5-kolo-voz%c3%ad%c4%8dk%c3%a1%c5%99%c5%af\"\n               class=\"ngg-simplelightbox\" rel=\"b6dca2545a9ea564cfa525a4f1bf787f\">\n                <img\n                    title=\"DSC_6127-5.-kolo-voz\u00ed\u010dk\u00e1\u0159\u016f\"\n                    alt=\"DSC_6127-5.-kolo-voz\u00ed\u010dk\u00e1\u0159\u016f\"\n                    src=\"https:\/\/old.atletikaolomouc.cz\/wp-content\/gallery\/cesky-pohar-atletika-caths\/thumbs\/thumbs_DSC_6127-5.-kolo-voz%C3%AD%C4%8Dk%C3%A1%C5%99%C5%AF.jpg\"\n                    width=\"240\"\n                    height=\"160\"\n                    style=\"max-width:100%;\"\n                \/>\n            <\/a>\n        <\/div>\n\t\t\t\t\t\t\t<\/div> \n\t\t\t\n\t\n\t<br style=\"clear: both\" \/>\n\n\t\n\t\t<!-- Pagination -->\n\t<div class='ngg-navigation'><span class='current'>1<\/span>\n<a class='page-numbers' data-pageid='2' href='https:\/\/old.atletikaolomouc.cz\/index.php\/nggallery\/page\/2?p=14968'>2<\/a>\n<a class='prev' href='https:\/\/old.atletikaolomouc.cz\/index.php\/nggallery\/page\/2?p=14968' data-pageid=2>&#9658;<\/a><\/div>\t<\/div>\n\n","protected":false},"excerpt":{"rendered":"<p>V ned\u011bli 6. \u0159\u00edjna 2019 prob\u011bhlo v Olomouci posledn\u00ed kolo \u010cesk\u00e9ho poh\u00e1ru Atletiky \u010cATHS.<\/p>\n","protected":false},"author":14,"featured_media":0,"comment_status":"closed","ping_status":"closed","sticky":false,"template":"","format":"standard","meta":{"ngg_post_thumbnail":0},"categories":[6,62],"tags":[],"_links":{"self":[{"href":"https:\/\/old.atletikaolomouc.cz\/index.php?rest_route=\/wp\/v2\/posts\/14968"}],"collection":[{"href":"https:\/\/old.atletikaolomouc.cz\/index.php?rest_route=\/wp\/v2\/posts"}],"about":[{"href":"https:\/\/old.atletikaolomouc.cz\/index.php?rest_route=\/wp\/v2\/types\/post"}],"author":[{"embeddable":true,"href":"https:\/\/old.atletikaolomouc.cz\/index.php?rest_route=\/wp\/v2\/users\/14"}],"replies":[{"embeddable":true,"href":"https:\/\/old.atletikaolomouc.cz\/index.php?rest_route=%2Fwp%2Fv2%2Fcomments&post=14968"}],"version-history":[{"count":1,"href":"https:\/\/old.atletikaolomouc.cz\/index.php?rest_route=\/wp\/v2\/posts\/14968\/revisions"}],"predecessor-version":[{"id":14970,"href":"https:\/\/old.atletikaolomouc.cz\/index.php?rest_route=\/wp\/v2\/posts\/14968\/revisions\/14970"}],"wp:attachment":[{"href":"https:\/\/old.atletikaolomouc.cz\/index.php?rest_route=%2Fwp%2Fv2%2Fmedia&parent=14968"}],"wp:term":[{"taxonomy":"category","embeddable":true,"href":"https:\/\/old.atletikaolomouc.cz\/index.php?rest_route=%2Fwp%2Fv2%2Fcategories&post=14968"},{"taxonomy":"post_tag","embeddable":true,"href":"https:\/\/old.atletikaolomouc.cz\/index.php?rest_route=%2Fwp%2Fv2%2Ftags&post=14968"}],"curies":[{"name":"wp","href":"https:\/\/api.w.org\/{rel}","templated":true}]}}