{"id":15438,"date":"2019-11-18T11:21:52","date_gmt":"2019-11-18T10:21:52","guid":{"rendered":"http:\/\/www.atletikaolomouc.cz\/?p=15438"},"modified":"2019-11-18T11:25:52","modified_gmt":"2019-11-18T10:25:52","slug":"atlet-roku-2019-foto","status":"publish","type":"post","link":"https:\/\/old.atletikaolomouc.cz\/?p=15438","title":{"rendered":"Atlet roku 2019 &#8211; foto"},"content":{"rendered":"\n<p style=\"text-align: justify;\"><img decoding=\"async\" loading=\"lazy\" class=\"alignleft size-thumbnail wp-image-15439\" src=\"http:\/\/www.atletikaolomouc.cz\/wp-content\/uploads\/2019\/11\/DSC00192-150x150.jpg\" alt=\"\" width=\"150\" height=\"150\">V p\u00e1tek 15.11.2019 prob\u011bhlo v Bestsport Centru vyhl\u00e1\u0161en\u00ed Atlet roku 2019. Zde je p\u00e1r fotek z t\u00e9to akce.<\/p>\n<p>&nbsp;<\/p>\n<p><!--more--><\/p>\n<!-- default-view.php -->\n<div\n\tclass=\"ngg-galleryoverview default-view \"\n\tid=\"ngg-gallery-cf19a1a0b5f4b89c3cfa6af01389fd2a-1\">\n\n\t\t<!-- Thumbnails -->\n\t\t\t\t<div id=\"ngg-image-0\" class=\"ngg-gallery-thumbnail-box \" >\n\t\t\t\t        <div class=\"ngg-gallery-thumbnail\">\n            <a href=\"https:\/\/old.atletikaolomouc.cz\/wp-content\/gallery\/atlet-roku-2019\/DSC00066.JPG\"\n               title=\"\"\n               data-src=\"https:\/\/old.atletikaolomouc.cz\/wp-content\/gallery\/atlet-roku-2019\/DSC00066.JPG\"\n               data-thumbnail=\"https:\/\/old.atletikaolomouc.cz\/wp-content\/gallery\/atlet-roku-2019\/thumbs\/thumbs_DSC00066.JPG\"\n               data-image-id=\"4562\"\n               data-title=\"DSC00066\"\n               data-description=\"\"\n               data-image-slug=\"dsc00066\"\n               class=\"ngg-simplelightbox\" rel=\"cf19a1a0b5f4b89c3cfa6af01389fd2a\">\n                <img\n                    title=\"DSC00066\"\n                    alt=\"DSC00066\"\n                    src=\"https:\/\/old.atletikaolomouc.cz\/wp-content\/gallery\/atlet-roku-2019\/thumbs\/thumbs_DSC00066.JPG\"\n                    width=\"240\"\n                    height=\"160\"\n                    style=\"max-width:100%;\"\n                \/>\n            <\/a>\n        <\/div>\n\t\t\t\t\t\t\t<\/div> \n\t\t\t\n\t\t\t\t<div id=\"ngg-image-1\" class=\"ngg-gallery-thumbnail-box \" >\n\t\t\t\t        <div class=\"ngg-gallery-thumbnail\">\n            <a href=\"https:\/\/old.atletikaolomouc.cz\/wp-content\/gallery\/atlet-roku-2019\/DSC00089.JPG\"\n               title=\"\"\n               data-src=\"https:\/\/old.atletikaolomouc.cz\/wp-content\/gallery\/atlet-roku-2019\/DSC00089.JPG\"\n               data-thumbnail=\"https:\/\/old.atletikaolomouc.cz\/wp-content\/gallery\/atlet-roku-2019\/thumbs\/thumbs_DSC00089.JPG\"\n               data-image-id=\"4563\"\n               data-title=\"DSC00089\"\n               data-description=\"\"\n               data-image-slug=\"dsc00089\"\n               class=\"ngg-simplelightbox\" rel=\"cf19a1a0b5f4b89c3cfa6af01389fd2a\">\n                <img\n                    title=\"DSC00089\"\n                    alt=\"DSC00089\"\n                    src=\"https:\/\/old.atletikaolomouc.cz\/wp-content\/gallery\/atlet-roku-2019\/thumbs\/thumbs_DSC00089.JPG\"\n                    width=\"240\"\n                    height=\"160\"\n                    style=\"max-width:100%;\"\n                \/>\n            <\/a>\n        <\/div>\n\t\t\t\t\t\t\t<\/div> \n\t\t\t\n\t\t\t\t<div id=\"ngg-image-2\" class=\"ngg-gallery-thumbnail-box \" >\n\t\t\t\t        <div class=\"ngg-gallery-thumbnail\">\n            <a href=\"https:\/\/old.atletikaolomouc.cz\/wp-content\/gallery\/atlet-roku-2019\/DSC00099.JPG\"\n               title=\"\"\n               data-src=\"https:\/\/old.atletikaolomouc.cz\/wp-content\/gallery\/atlet-roku-2019\/DSC00099.JPG\"\n               data-thumbnail=\"https:\/\/old.atletikaolomouc.cz\/wp-content\/gallery\/atlet-roku-2019\/thumbs\/thumbs_DSC00099.JPG\"\n               data-image-id=\"4564\"\n               data-title=\"DSC00099\"\n               data-description=\"\"\n               data-image-slug=\"dsc00099\"\n               class=\"ngg-simplelightbox\" rel=\"cf19a1a0b5f4b89c3cfa6af01389fd2a\">\n                <img\n                    title=\"DSC00099\"\n                    alt=\"DSC00099\"\n                    src=\"https:\/\/old.atletikaolomouc.cz\/wp-content\/gallery\/atlet-roku-2019\/thumbs\/thumbs_DSC00099.JPG\"\n                    width=\"240\"\n                    height=\"160\"\n                    style=\"max-width:100%;\"\n                \/>\n            <\/a>\n        <\/div>\n\t\t\t\t\t\t\t<\/div> \n\t\t\t\n\t\t\t\t<div id=\"ngg-image-3\" class=\"ngg-gallery-thumbnail-box \" >\n\t\t\t\t        <div class=\"ngg-gallery-thumbnail\">\n            <a href=\"https:\/\/old.atletikaolomouc.cz\/wp-content\/gallery\/atlet-roku-2019\/DSC00103.JPG\"\n               title=\"\"\n               data-src=\"https:\/\/old.atletikaolomouc.cz\/wp-content\/gallery\/atlet-roku-2019\/DSC00103.JPG\"\n               data-thumbnail=\"https:\/\/old.atletikaolomouc.cz\/wp-content\/gallery\/atlet-roku-2019\/thumbs\/thumbs_DSC00103.JPG\"\n               data-image-id=\"4565\"\n               data-title=\"DSC00103\"\n               data-description=\"\"\n               data-image-slug=\"dsc00103\"\n               class=\"ngg-simplelightbox\" rel=\"cf19a1a0b5f4b89c3cfa6af01389fd2a\">\n                <img\n                    title=\"DSC00103\"\n                    alt=\"DSC00103\"\n                    src=\"https:\/\/old.atletikaolomouc.cz\/wp-content\/gallery\/atlet-roku-2019\/thumbs\/thumbs_DSC00103.JPG\"\n                    width=\"240\"\n                    height=\"160\"\n                    style=\"max-width:100%;\"\n                \/>\n            <\/a>\n        <\/div>\n\t\t\t\t\t\t\t<\/div> \n\t\t\t\n\t\t\t\t<div id=\"ngg-image-4\" class=\"ngg-gallery-thumbnail-box \" >\n\t\t\t\t        <div class=\"ngg-gallery-thumbnail\">\n            <a href=\"https:\/\/old.atletikaolomouc.cz\/wp-content\/gallery\/atlet-roku-2019\/DSC00120.JPG\"\n               title=\"\"\n               data-src=\"https:\/\/old.atletikaolomouc.cz\/wp-content\/gallery\/atlet-roku-2019\/DSC00120.JPG\"\n               data-thumbnail=\"https:\/\/old.atletikaolomouc.cz\/wp-content\/gallery\/atlet-roku-2019\/thumbs\/thumbs_DSC00120.JPG\"\n               data-image-id=\"4566\"\n               data-title=\"DSC00120\"\n               data-description=\"\"\n               data-image-slug=\"dsc00120\"\n               class=\"ngg-simplelightbox\" rel=\"cf19a1a0b5f4b89c3cfa6af01389fd2a\">\n                <img\n                    title=\"DSC00120\"\n                    alt=\"DSC00120\"\n                    src=\"https:\/\/old.atletikaolomouc.cz\/wp-content\/gallery\/atlet-roku-2019\/thumbs\/thumbs_DSC00120.JPG\"\n                    width=\"240\"\n                    height=\"160\"\n                    style=\"max-width:100%;\"\n                \/>\n            <\/a>\n        <\/div>\n\t\t\t\t\t\t\t<\/div> \n\t\t\t\n\t\t\t\t<div id=\"ngg-image-5\" class=\"ngg-gallery-thumbnail-box \" >\n\t\t\t\t        <div class=\"ngg-gallery-thumbnail\">\n            <a href=\"https:\/\/old.atletikaolomouc.cz\/wp-content\/gallery\/atlet-roku-2019\/DSC00133.JPG\"\n               title=\"\"\n               data-src=\"https:\/\/old.atletikaolomouc.cz\/wp-content\/gallery\/atlet-roku-2019\/DSC00133.JPG\"\n               data-thumbnail=\"https:\/\/old.atletikaolomouc.cz\/wp-content\/gallery\/atlet-roku-2019\/thumbs\/thumbs_DSC00133.JPG\"\n               data-image-id=\"4567\"\n               data-title=\"DSC00133\"\n               data-description=\"\"\n               data-image-slug=\"dsc00133\"\n               class=\"ngg-simplelightbox\" rel=\"cf19a1a0b5f4b89c3cfa6af01389fd2a\">\n                <img\n                    title=\"DSC00133\"\n                    alt=\"DSC00133\"\n                    src=\"https:\/\/old.atletikaolomouc.cz\/wp-content\/gallery\/atlet-roku-2019\/thumbs\/thumbs_DSC00133.JPG\"\n                    width=\"240\"\n                    height=\"160\"\n                    style=\"max-width:100%;\"\n                \/>\n            <\/a>\n        <\/div>\n\t\t\t\t\t\t\t<\/div> \n\t\t\t\n\t\t\t\t<div id=\"ngg-image-6\" class=\"ngg-gallery-thumbnail-box \" >\n\t\t\t\t        <div class=\"ngg-gallery-thumbnail\">\n            <a href=\"https:\/\/old.atletikaolomouc.cz\/wp-content\/gallery\/atlet-roku-2019\/DSC00145.JPG\"\n               title=\"\"\n               data-src=\"https:\/\/old.atletikaolomouc.cz\/wp-content\/gallery\/atlet-roku-2019\/DSC00145.JPG\"\n               data-thumbnail=\"https:\/\/old.atletikaolomouc.cz\/wp-content\/gallery\/atlet-roku-2019\/thumbs\/thumbs_DSC00145.JPG\"\n               data-image-id=\"4568\"\n               data-title=\"DSC00145\"\n               data-description=\"\"\n               data-image-slug=\"dsc00145\"\n               class=\"ngg-simplelightbox\" rel=\"cf19a1a0b5f4b89c3cfa6af01389fd2a\">\n                <img\n                    title=\"DSC00145\"\n                    alt=\"DSC00145\"\n                    src=\"https:\/\/old.atletikaolomouc.cz\/wp-content\/gallery\/atlet-roku-2019\/thumbs\/thumbs_DSC00145.JPG\"\n                    width=\"240\"\n                    height=\"160\"\n                    style=\"max-width:100%;\"\n                \/>\n            <\/a>\n        <\/div>\n\t\t\t\t\t\t\t<\/div> \n\t\t\t\n\t\t\t\t<div id=\"ngg-image-7\" class=\"ngg-gallery-thumbnail-box \" >\n\t\t\t\t        <div class=\"ngg-gallery-thumbnail\">\n            <a href=\"https:\/\/old.atletikaolomouc.cz\/wp-content\/gallery\/atlet-roku-2019\/DSC00149.JPG\"\n               title=\"\"\n               data-src=\"https:\/\/old.atletikaolomouc.cz\/wp-content\/gallery\/atlet-roku-2019\/DSC00149.JPG\"\n               data-thumbnail=\"https:\/\/old.atletikaolomouc.cz\/wp-content\/gallery\/atlet-roku-2019\/thumbs\/thumbs_DSC00149.JPG\"\n               data-image-id=\"4569\"\n               data-title=\"DSC00149\"\n               data-description=\"\"\n               data-image-slug=\"dsc00149\"\n               class=\"ngg-simplelightbox\" rel=\"cf19a1a0b5f4b89c3cfa6af01389fd2a\">\n                <img\n                    title=\"DSC00149\"\n                    alt=\"DSC00149\"\n                    src=\"https:\/\/old.atletikaolomouc.cz\/wp-content\/gallery\/atlet-roku-2019\/thumbs\/thumbs_DSC00149.JPG\"\n                    width=\"240\"\n                    height=\"160\"\n                    style=\"max-width:100%;\"\n                \/>\n            <\/a>\n        <\/div>\n\t\t\t\t\t\t\t<\/div> \n\t\t\t\n\t\t\t\t<div id=\"ngg-image-8\" class=\"ngg-gallery-thumbnail-box \" >\n\t\t\t\t        <div class=\"ngg-gallery-thumbnail\">\n            <a href=\"https:\/\/old.atletikaolomouc.cz\/wp-content\/gallery\/atlet-roku-2019\/DSC00151.JPG\"\n               title=\"\"\n               data-src=\"https:\/\/old.atletikaolomouc.cz\/wp-content\/gallery\/atlet-roku-2019\/DSC00151.JPG\"\n               data-thumbnail=\"https:\/\/old.atletikaolomouc.cz\/wp-content\/gallery\/atlet-roku-2019\/thumbs\/thumbs_DSC00151.JPG\"\n               data-image-id=\"4570\"\n               data-title=\"DSC00151\"\n               data-description=\"\"\n               data-image-slug=\"dsc00151\"\n               class=\"ngg-simplelightbox\" rel=\"cf19a1a0b5f4b89c3cfa6af01389fd2a\">\n                <img\n                    title=\"DSC00151\"\n                    alt=\"DSC00151\"\n                    src=\"https:\/\/old.atletikaolomouc.cz\/wp-content\/gallery\/atlet-roku-2019\/thumbs\/thumbs_DSC00151.JPG\"\n                    width=\"240\"\n                    height=\"160\"\n                    style=\"max-width:100%;\"\n                \/>\n            <\/a>\n        <\/div>\n\t\t\t\t\t\t\t<\/div> \n\t\t\t\n\t\t\t\t<div id=\"ngg-image-9\" class=\"ngg-gallery-thumbnail-box \" >\n\t\t\t\t        <div class=\"ngg-gallery-thumbnail\">\n            <a href=\"https:\/\/old.atletikaolomouc.cz\/wp-content\/gallery\/atlet-roku-2019\/DSC00152.JPG\"\n               title=\"\"\n               data-src=\"https:\/\/old.atletikaolomouc.cz\/wp-content\/gallery\/atlet-roku-2019\/DSC00152.JPG\"\n               data-thumbnail=\"https:\/\/old.atletikaolomouc.cz\/wp-content\/gallery\/atlet-roku-2019\/thumbs\/thumbs_DSC00152.JPG\"\n               data-image-id=\"4571\"\n               data-title=\"DSC00152\"\n               data-description=\"\"\n               data-image-slug=\"dsc00152\"\n               class=\"ngg-simplelightbox\" rel=\"cf19a1a0b5f4b89c3cfa6af01389fd2a\">\n                <img\n                    title=\"DSC00152\"\n                    alt=\"DSC00152\"\n                    src=\"https:\/\/old.atletikaolomouc.cz\/wp-content\/gallery\/atlet-roku-2019\/thumbs\/thumbs_DSC00152.JPG\"\n                    width=\"240\"\n                    height=\"160\"\n                    style=\"max-width:100%;\"\n                \/>\n            <\/a>\n        <\/div>\n\t\t\t\t\t\t\t<\/div> \n\t\t\t\n\t\t\t\t<div id=\"ngg-image-10\" class=\"ngg-gallery-thumbnail-box \" >\n\t\t\t\t        <div class=\"ngg-gallery-thumbnail\">\n            <a href=\"https:\/\/old.atletikaolomouc.cz\/wp-content\/gallery\/atlet-roku-2019\/DSC00154.JPG\"\n               title=\"\"\n               data-src=\"https:\/\/old.atletikaolomouc.cz\/wp-content\/gallery\/atlet-roku-2019\/DSC00154.JPG\"\n               data-thumbnail=\"https:\/\/old.atletikaolomouc.cz\/wp-content\/gallery\/atlet-roku-2019\/thumbs\/thumbs_DSC00154.JPG\"\n               data-image-id=\"4572\"\n               data-title=\"DSC00154\"\n               data-description=\"\"\n               data-image-slug=\"dsc00154\"\n               class=\"ngg-simplelightbox\" rel=\"cf19a1a0b5f4b89c3cfa6af01389fd2a\">\n                <img\n                    title=\"DSC00154\"\n                    alt=\"DSC00154\"\n                    src=\"https:\/\/old.atletikaolomouc.cz\/wp-content\/gallery\/atlet-roku-2019\/thumbs\/thumbs_DSC00154.JPG\"\n                    width=\"240\"\n                    height=\"160\"\n                    style=\"max-width:100%;\"\n                \/>\n            <\/a>\n        <\/div>\n\t\t\t\t\t\t\t<\/div> \n\t\t\t\n\t\t\t\t<div id=\"ngg-image-11\" class=\"ngg-gallery-thumbnail-box \" >\n\t\t\t\t        <div class=\"ngg-gallery-thumbnail\">\n            <a href=\"https:\/\/old.atletikaolomouc.cz\/wp-content\/gallery\/atlet-roku-2019\/DSC00155.JPG\"\n               title=\"\"\n               data-src=\"https:\/\/old.atletikaolomouc.cz\/wp-content\/gallery\/atlet-roku-2019\/DSC00155.JPG\"\n               data-thumbnail=\"https:\/\/old.atletikaolomouc.cz\/wp-content\/gallery\/atlet-roku-2019\/thumbs\/thumbs_DSC00155.JPG\"\n               data-image-id=\"4573\"\n               data-title=\"DSC00155\"\n               data-description=\"\"\n               data-image-slug=\"dsc00155\"\n               class=\"ngg-simplelightbox\" rel=\"cf19a1a0b5f4b89c3cfa6af01389fd2a\">\n                <img\n                    title=\"DSC00155\"\n                    alt=\"DSC00155\"\n                    src=\"https:\/\/old.atletikaolomouc.cz\/wp-content\/gallery\/atlet-roku-2019\/thumbs\/thumbs_DSC00155.JPG\"\n                    width=\"240\"\n                    height=\"160\"\n                    style=\"max-width:100%;\"\n                \/>\n            <\/a>\n        <\/div>\n\t\t\t\t\t\t\t<\/div> \n\t\t\t\n\t\t\t\t<div id=\"ngg-image-12\" class=\"ngg-gallery-thumbnail-box \" >\n\t\t\t\t        <div class=\"ngg-gallery-thumbnail\">\n            <a href=\"https:\/\/old.atletikaolomouc.cz\/wp-content\/gallery\/atlet-roku-2019\/DSC00157.JPG\"\n               title=\"\"\n               data-src=\"https:\/\/old.atletikaolomouc.cz\/wp-content\/gallery\/atlet-roku-2019\/DSC00157.JPG\"\n               data-thumbnail=\"https:\/\/old.atletikaolomouc.cz\/wp-content\/gallery\/atlet-roku-2019\/thumbs\/thumbs_DSC00157.JPG\"\n               data-image-id=\"4574\"\n               data-title=\"DSC00157\"\n               data-description=\"\"\n               data-image-slug=\"dsc00157\"\n               class=\"ngg-simplelightbox\" rel=\"cf19a1a0b5f4b89c3cfa6af01389fd2a\">\n                <img\n                    title=\"DSC00157\"\n                    alt=\"DSC00157\"\n                    src=\"https:\/\/old.atletikaolomouc.cz\/wp-content\/gallery\/atlet-roku-2019\/thumbs\/thumbs_DSC00157.JPG\"\n                    width=\"240\"\n                    height=\"160\"\n                    style=\"max-width:100%;\"\n                \/>\n            <\/a>\n        <\/div>\n\t\t\t\t\t\t\t<\/div> \n\t\t\t\n\t\t\t\t<div id=\"ngg-image-13\" class=\"ngg-gallery-thumbnail-box \" >\n\t\t\t\t        <div class=\"ngg-gallery-thumbnail\">\n            <a href=\"https:\/\/old.atletikaolomouc.cz\/wp-content\/gallery\/atlet-roku-2019\/DSC00159.JPG\"\n               title=\"\"\n               data-src=\"https:\/\/old.atletikaolomouc.cz\/wp-content\/gallery\/atlet-roku-2019\/DSC00159.JPG\"\n               data-thumbnail=\"https:\/\/old.atletikaolomouc.cz\/wp-content\/gallery\/atlet-roku-2019\/thumbs\/thumbs_DSC00159.JPG\"\n               data-image-id=\"4575\"\n               data-title=\"DSC00159\"\n               data-description=\"\"\n               data-image-slug=\"dsc00159\"\n               class=\"ngg-simplelightbox\" rel=\"cf19a1a0b5f4b89c3cfa6af01389fd2a\">\n                <img\n                    title=\"DSC00159\"\n                    alt=\"DSC00159\"\n                    src=\"https:\/\/old.atletikaolomouc.cz\/wp-content\/gallery\/atlet-roku-2019\/thumbs\/thumbs_DSC00159.JPG\"\n                    width=\"240\"\n                    height=\"160\"\n                    style=\"max-width:100%;\"\n                \/>\n            <\/a>\n        <\/div>\n\t\t\t\t\t\t\t<\/div> \n\t\t\t\n\t\t\t\t<div id=\"ngg-image-14\" class=\"ngg-gallery-thumbnail-box \" >\n\t\t\t\t        <div class=\"ngg-gallery-thumbnail\">\n            <a href=\"https:\/\/old.atletikaolomouc.cz\/wp-content\/gallery\/atlet-roku-2019\/DSC00161.JPG\"\n               title=\"\"\n               data-src=\"https:\/\/old.atletikaolomouc.cz\/wp-content\/gallery\/atlet-roku-2019\/DSC00161.JPG\"\n               data-thumbnail=\"https:\/\/old.atletikaolomouc.cz\/wp-content\/gallery\/atlet-roku-2019\/thumbs\/thumbs_DSC00161.JPG\"\n               data-image-id=\"4576\"\n               data-title=\"DSC00161\"\n               data-description=\"\"\n               data-image-slug=\"dsc00161\"\n               class=\"ngg-simplelightbox\" rel=\"cf19a1a0b5f4b89c3cfa6af01389fd2a\">\n                <img\n                    title=\"DSC00161\"\n                    alt=\"DSC00161\"\n                    src=\"https:\/\/old.atletikaolomouc.cz\/wp-content\/gallery\/atlet-roku-2019\/thumbs\/thumbs_DSC00161.JPG\"\n                    width=\"240\"\n                    height=\"160\"\n                    style=\"max-width:100%;\"\n                \/>\n            <\/a>\n        <\/div>\n\t\t\t\t\t\t\t<\/div> \n\t\t\t\n\t\t\t\t<div id=\"ngg-image-15\" class=\"ngg-gallery-thumbnail-box \" >\n\t\t\t\t        <div class=\"ngg-gallery-thumbnail\">\n            <a href=\"https:\/\/old.atletikaolomouc.cz\/wp-content\/gallery\/atlet-roku-2019\/DSC00163.JPG\"\n               title=\"\"\n               data-src=\"https:\/\/old.atletikaolomouc.cz\/wp-content\/gallery\/atlet-roku-2019\/DSC00163.JPG\"\n               data-thumbnail=\"https:\/\/old.atletikaolomouc.cz\/wp-content\/gallery\/atlet-roku-2019\/thumbs\/thumbs_DSC00163.JPG\"\n               data-image-id=\"4577\"\n               data-title=\"DSC00163\"\n               data-description=\"\"\n               data-image-slug=\"dsc00163\"\n               class=\"ngg-simplelightbox\" rel=\"cf19a1a0b5f4b89c3cfa6af01389fd2a\">\n                <img\n                    title=\"DSC00163\"\n                    alt=\"DSC00163\"\n                    src=\"https:\/\/old.atletikaolomouc.cz\/wp-content\/gallery\/atlet-roku-2019\/thumbs\/thumbs_DSC00163.JPG\"\n                    width=\"240\"\n                    height=\"160\"\n                    style=\"max-width:100%;\"\n                \/>\n            <\/a>\n        <\/div>\n\t\t\t\t\t\t\t<\/div> \n\t\t\t\n\t\t\t\t<div id=\"ngg-image-16\" class=\"ngg-gallery-thumbnail-box \" >\n\t\t\t\t        <div class=\"ngg-gallery-thumbnail\">\n            <a href=\"https:\/\/old.atletikaolomouc.cz\/wp-content\/gallery\/atlet-roku-2019\/DSC00165.JPG\"\n               title=\"\"\n               data-src=\"https:\/\/old.atletikaolomouc.cz\/wp-content\/gallery\/atlet-roku-2019\/DSC00165.JPG\"\n               data-thumbnail=\"https:\/\/old.atletikaolomouc.cz\/wp-content\/gallery\/atlet-roku-2019\/thumbs\/thumbs_DSC00165.JPG\"\n               data-image-id=\"4578\"\n               data-title=\"DSC00165\"\n               data-description=\"\"\n               data-image-slug=\"dsc00165\"\n               class=\"ngg-simplelightbox\" rel=\"cf19a1a0b5f4b89c3cfa6af01389fd2a\">\n                <img\n                    title=\"DSC00165\"\n                    alt=\"DSC00165\"\n                    src=\"https:\/\/old.atletikaolomouc.cz\/wp-content\/gallery\/atlet-roku-2019\/thumbs\/thumbs_DSC00165.JPG\"\n                    width=\"240\"\n                    height=\"160\"\n                    style=\"max-width:100%;\"\n                \/>\n            <\/a>\n        <\/div>\n\t\t\t\t\t\t\t<\/div> \n\t\t\t\n\t\t\t\t<div id=\"ngg-image-17\" class=\"ngg-gallery-thumbnail-box \" >\n\t\t\t\t        <div class=\"ngg-gallery-thumbnail\">\n            <a href=\"https:\/\/old.atletikaolomouc.cz\/wp-content\/gallery\/atlet-roku-2019\/DSC00168.JPG\"\n               title=\"\"\n               data-src=\"https:\/\/old.atletikaolomouc.cz\/wp-content\/gallery\/atlet-roku-2019\/DSC00168.JPG\"\n               data-thumbnail=\"https:\/\/old.atletikaolomouc.cz\/wp-content\/gallery\/atlet-roku-2019\/thumbs\/thumbs_DSC00168.JPG\"\n               data-image-id=\"4579\"\n               data-title=\"DSC00168\"\n               data-description=\"\"\n               data-image-slug=\"dsc00168\"\n               class=\"ngg-simplelightbox\" rel=\"cf19a1a0b5f4b89c3cfa6af01389fd2a\">\n                <img\n                    title=\"DSC00168\"\n                    alt=\"DSC00168\"\n                    src=\"https:\/\/old.atletikaolomouc.cz\/wp-content\/gallery\/atlet-roku-2019\/thumbs\/thumbs_DSC00168.JPG\"\n                    width=\"240\"\n                    height=\"160\"\n                    style=\"max-width:100%;\"\n                \/>\n            <\/a>\n        <\/div>\n\t\t\t\t\t\t\t<\/div> \n\t\t\t\n\t\t\t\t<div id=\"ngg-image-18\" class=\"ngg-gallery-thumbnail-box \" >\n\t\t\t\t        <div class=\"ngg-gallery-thumbnail\">\n            <a href=\"https:\/\/old.atletikaolomouc.cz\/wp-content\/gallery\/atlet-roku-2019\/DSC00173.JPG\"\n               title=\"\"\n               data-src=\"https:\/\/old.atletikaolomouc.cz\/wp-content\/gallery\/atlet-roku-2019\/DSC00173.JPG\"\n               data-thumbnail=\"https:\/\/old.atletikaolomouc.cz\/wp-content\/gallery\/atlet-roku-2019\/thumbs\/thumbs_DSC00173.JPG\"\n               data-image-id=\"4580\"\n               data-title=\"DSC00173\"\n               data-description=\"\"\n               data-image-slug=\"dsc00173\"\n               class=\"ngg-simplelightbox\" rel=\"cf19a1a0b5f4b89c3cfa6af01389fd2a\">\n                <img\n                    title=\"DSC00173\"\n                    alt=\"DSC00173\"\n                    src=\"https:\/\/old.atletikaolomouc.cz\/wp-content\/gallery\/atlet-roku-2019\/thumbs\/thumbs_DSC00173.JPG\"\n                    width=\"240\"\n                    height=\"160\"\n                    style=\"max-width:100%;\"\n                \/>\n            <\/a>\n        <\/div>\n\t\t\t\t\t\t\t<\/div> \n\t\t\t\n\t\t\t\t<div id=\"ngg-image-19\" class=\"ngg-gallery-thumbnail-box \" >\n\t\t\t\t        <div class=\"ngg-gallery-thumbnail\">\n            <a href=\"https:\/\/old.atletikaolomouc.cz\/wp-content\/gallery\/atlet-roku-2019\/DSC00176.JPG\"\n               title=\"\"\n               data-src=\"https:\/\/old.atletikaolomouc.cz\/wp-content\/gallery\/atlet-roku-2019\/DSC00176.JPG\"\n               data-thumbnail=\"https:\/\/old.atletikaolomouc.cz\/wp-content\/gallery\/atlet-roku-2019\/thumbs\/thumbs_DSC00176.JPG\"\n               data-image-id=\"4581\"\n               data-title=\"DSC00176\"\n               data-description=\"\"\n               data-image-slug=\"dsc00176\"\n               class=\"ngg-simplelightbox\" rel=\"cf19a1a0b5f4b89c3cfa6af01389fd2a\">\n                <img\n                    title=\"DSC00176\"\n                    alt=\"DSC00176\"\n                    src=\"https:\/\/old.atletikaolomouc.cz\/wp-content\/gallery\/atlet-roku-2019\/thumbs\/thumbs_DSC00176.JPG\"\n                    width=\"240\"\n                    height=\"160\"\n                    style=\"max-width:100%;\"\n                \/>\n            <\/a>\n        <\/div>\n\t\t\t\t\t\t\t<\/div> \n\t\t\t\n\t\t\t\t<div id=\"ngg-image-20\" class=\"ngg-gallery-thumbnail-box \" >\n\t\t\t\t        <div class=\"ngg-gallery-thumbnail\">\n            <a href=\"https:\/\/old.atletikaolomouc.cz\/wp-content\/gallery\/atlet-roku-2019\/DSC00181.JPG\"\n               title=\"\"\n               data-src=\"https:\/\/old.atletikaolomouc.cz\/wp-content\/gallery\/atlet-roku-2019\/DSC00181.JPG\"\n               data-thumbnail=\"https:\/\/old.atletikaolomouc.cz\/wp-content\/gallery\/atlet-roku-2019\/thumbs\/thumbs_DSC00181.JPG\"\n               data-image-id=\"4582\"\n               data-title=\"DSC00181\"\n               data-description=\"\"\n               data-image-slug=\"dsc00181\"\n               class=\"ngg-simplelightbox\" rel=\"cf19a1a0b5f4b89c3cfa6af01389fd2a\">\n                <img\n                    title=\"DSC00181\"\n                    alt=\"DSC00181\"\n                    src=\"https:\/\/old.atletikaolomouc.cz\/wp-content\/gallery\/atlet-roku-2019\/thumbs\/thumbs_DSC00181.JPG\"\n                    width=\"240\"\n                    height=\"160\"\n                    style=\"max-width:100%;\"\n                \/>\n            <\/a>\n        <\/div>\n\t\t\t\t\t\t\t<\/div> \n\t\t\t\n\t\t\t\t<div id=\"ngg-image-21\" class=\"ngg-gallery-thumbnail-box \" >\n\t\t\t\t        <div class=\"ngg-gallery-thumbnail\">\n            <a href=\"https:\/\/old.atletikaolomouc.cz\/wp-content\/gallery\/atlet-roku-2019\/DSC00184.JPG\"\n               title=\"\"\n               data-src=\"https:\/\/old.atletikaolomouc.cz\/wp-content\/gallery\/atlet-roku-2019\/DSC00184.JPG\"\n               data-thumbnail=\"https:\/\/old.atletikaolomouc.cz\/wp-content\/gallery\/atlet-roku-2019\/thumbs\/thumbs_DSC00184.JPG\"\n               data-image-id=\"4583\"\n               data-title=\"DSC00184\"\n               data-description=\"\"\n               data-image-slug=\"dsc00184\"\n               class=\"ngg-simplelightbox\" rel=\"cf19a1a0b5f4b89c3cfa6af01389fd2a\">\n                <img\n                    title=\"DSC00184\"\n                    alt=\"DSC00184\"\n                    src=\"https:\/\/old.atletikaolomouc.cz\/wp-content\/gallery\/atlet-roku-2019\/thumbs\/thumbs_DSC00184.JPG\"\n                    width=\"240\"\n                    height=\"160\"\n                    style=\"max-width:100%;\"\n                \/>\n            <\/a>\n        <\/div>\n\t\t\t\t\t\t\t<\/div> \n\t\t\t\n\t\t\t\t<div id=\"ngg-image-22\" class=\"ngg-gallery-thumbnail-box \" >\n\t\t\t\t        <div class=\"ngg-gallery-thumbnail\">\n            <a href=\"https:\/\/old.atletikaolomouc.cz\/wp-content\/gallery\/atlet-roku-2019\/DSC00185.JPG\"\n               title=\"\"\n               data-src=\"https:\/\/old.atletikaolomouc.cz\/wp-content\/gallery\/atlet-roku-2019\/DSC00185.JPG\"\n               data-thumbnail=\"https:\/\/old.atletikaolomouc.cz\/wp-content\/gallery\/atlet-roku-2019\/thumbs\/thumbs_DSC00185.JPG\"\n               data-image-id=\"4584\"\n               data-title=\"DSC00185\"\n               data-description=\"\"\n               data-image-slug=\"dsc00185\"\n               class=\"ngg-simplelightbox\" rel=\"cf19a1a0b5f4b89c3cfa6af01389fd2a\">\n                <img\n                    title=\"DSC00185\"\n                    alt=\"DSC00185\"\n                    src=\"https:\/\/old.atletikaolomouc.cz\/wp-content\/gallery\/atlet-roku-2019\/thumbs\/thumbs_DSC00185.JPG\"\n                    width=\"240\"\n                    height=\"160\"\n                    style=\"max-width:100%;\"\n                \/>\n            <\/a>\n        <\/div>\n\t\t\t\t\t\t\t<\/div> \n\t\t\t\n\t\t\t\t<div id=\"ngg-image-23\" class=\"ngg-gallery-thumbnail-box \" >\n\t\t\t\t        <div class=\"ngg-gallery-thumbnail\">\n            <a href=\"https:\/\/old.atletikaolomouc.cz\/wp-content\/gallery\/atlet-roku-2019\/DSC00192.JPG\"\n               title=\"\"\n               data-src=\"https:\/\/old.atletikaolomouc.cz\/wp-content\/gallery\/atlet-roku-2019\/DSC00192.JPG\"\n               data-thumbnail=\"https:\/\/old.atletikaolomouc.cz\/wp-content\/gallery\/atlet-roku-2019\/thumbs\/thumbs_DSC00192.JPG\"\n               data-image-id=\"4585\"\n               data-title=\"DSC00192\"\n               data-description=\"\"\n               data-image-slug=\"dsc00192\"\n               class=\"ngg-simplelightbox\" rel=\"cf19a1a0b5f4b89c3cfa6af01389fd2a\">\n                <img\n                    title=\"DSC00192\"\n                    alt=\"DSC00192\"\n                    src=\"https:\/\/old.atletikaolomouc.cz\/wp-content\/gallery\/atlet-roku-2019\/thumbs\/thumbs_DSC00192.JPG\"\n                    width=\"240\"\n                    height=\"160\"\n                    style=\"max-width:100%;\"\n                \/>\n            <\/a>\n        <\/div>\n\t\t\t\t\t\t\t<\/div> \n\t\t\t\n\t\n\t<br style=\"clear: both\" \/>\n\n\t\n\t\t<!-- Pagination -->\n\t<div class='ngg-navigation'><span class='current'>1<\/span>\n<a class='page-numbers' data-pageid='2' href='https:\/\/old.atletikaolomouc.cz\/index.php\/nggallery\/page\/2?p=15438'>2<\/a>\n<a class='page-numbers' data-pageid='3' href='https:\/\/old.atletikaolomouc.cz\/index.php\/nggallery\/page\/3?p=15438'>3<\/a>\n<a class='prev' href='https:\/\/old.atletikaolomouc.cz\/index.php\/nggallery\/page\/2?p=15438' data-pageid=2>&#9658;<\/a><\/div>\t<\/div>\n\n","protected":false},"excerpt":{"rendered":"<p>V p\u00e1tek 15.11.2019 prob\u011bhlo v Bestsport Centru vyhl\u00e1\u0161en\u00ed Atlet roku 2019. Zde je p\u00e1r fotek z t\u00e9to akce. &nbsp;<\/p>\n","protected":false},"author":4,"featured_media":0,"comment_status":"closed","ping_status":"closed","sticky":false,"template":"","format":"standard","meta":{"ngg_post_thumbnail":0},"categories":[62],"tags":[],"_links":{"self":[{"href":"https:\/\/old.atletikaolomouc.cz\/index.php?rest_route=\/wp\/v2\/posts\/15438"}],"collection":[{"href":"https:\/\/old.atletikaolomouc.cz\/index.php?rest_route=\/wp\/v2\/posts"}],"about":[{"href":"https:\/\/old.atletikaolomouc.cz\/index.php?rest_route=\/wp\/v2\/types\/post"}],"author":[{"embeddable":true,"href":"https:\/\/old.atletikaolomouc.cz\/index.php?rest_route=\/wp\/v2\/users\/4"}],"replies":[{"embeddable":true,"href":"https:\/\/old.atletikaolomouc.cz\/index.php?rest_route=%2Fwp%2Fv2%2Fcomments&post=15438"}],"version-history":[{"count":1,"href":"https:\/\/old.atletikaolomouc.cz\/index.php?rest_route=\/wp\/v2\/posts\/15438\/revisions"}],"predecessor-version":[{"id":15440,"href":"https:\/\/old.atletikaolomouc.cz\/index.php?rest_route=\/wp\/v2\/posts\/15438\/revisions\/15440"}],"wp:attachment":[{"href":"https:\/\/old.atletikaolomouc.cz\/index.php?rest_route=%2Fwp%2Fv2%2Fmedia&parent=15438"}],"wp:term":[{"taxonomy":"category","embeddable":true,"href":"https:\/\/old.atletikaolomouc.cz\/index.php?rest_route=%2Fwp%2Fv2%2Fcategories&post=15438"},{"taxonomy":"post_tag","embeddable":true,"href":"https:\/\/old.atletikaolomouc.cz\/index.php?rest_route=%2Fwp%2Fv2%2Ftags&post=15438"}],"curies":[{"name":"wp","href":"https:\/\/api.w.org\/{rel}","templated":true}]}}