{"id":15478,"date":"2019-11-26T08:20:32","date_gmt":"2019-11-26T07:20:32","guid":{"rendered":"http:\/\/www.atletikaolomouc.cz\/?p=15478"},"modified":"2019-11-26T08:20:35","modified_gmt":"2019-11-26T07:20:35","slug":"prosincove-akce","status":"publish","type":"post","link":"https:\/\/old.atletikaolomouc.cz\/?p=15478","title":{"rendered":"Prosincov\u00e9 akce"},"content":{"rendered":"\n<p>V\u00e1\u017een\u00ed rodi\u010de, r\u00e1di bychom V\u00e1s a Va\u0161e d\u011bti <strong>pozvali na bl\u00ed\u017e\u00edc\u00ed se prosincov\u00e9 akce<\/strong>, kter\u00e9 p\u0159ipravujeme v r\u00e1mci na\u0161eho klubu.<!--more--><\/p>\n<p>Ve st\u0159edu <strong>4. prosince 2019<\/strong> prob\u011bhne v&nbsp; hale Atletick\u00e9ho klubu Olomouc <strong>Mikul\u00e1\u0161sk\u00e1 hala<\/strong>. Pro d\u011bti budou p\u0159ipraveny tradi\u010dn\u00ed i netradi\u010dn\u00ed discipl\u00edny, ve kter\u00fdch si budou moct zaz\u00e1vodit a nakonec z\u00edskat tak\u00e9 n\u011bjakou<strong> sladkou odm\u011bnu. Tr\u00e9ninky atletick\u00fdch p\u0159\u00edpravek se tento den nekonaj\u00ed!!<\/strong><\/p>\n<p><strong>Prezentace se kon\u00e1 od 15,30 hod v hale!<\/strong><\/p>\n<p><a href=\"http:\/\/www.atletikaolomouc.cz\/wp-content\/uploads\/2019\/11\/Mikul\u00e1\u0161sk\u00e1-hala-pro-p\u0159\u00edpravky-2019.pdf\">Propozice Mikul\u00e1\u0161sk\u00e1 hala<\/a><\/p>\n<p>D\u00e1le bychom V\u00e1s r\u00e1di pozvali na <strong>Mikul\u00e1\u0161sk\u00fd b\u011bh<\/strong>, kter\u00fd se kon\u00e1 v sobotu <strong>7. prosince 2019 <\/strong>na olomouck\u00e9m atletick\u00e9m stadionu.&nbsp; Sout\u011b\u017ee jsou p\u0159ipraveny pro nejmlad\u0161\u00ed ro\u010dn\u00edky od 2014 &#8211; 2018 (z\u00e1vod na 60 m) a\u017e po seniorsk\u00e9 kategorie (mu\u017ei &#8211; 8,8 km, \u017eeny &#8211; 5,9 km).<\/p>\n<p style=\"text-align: left;\"><strong>P\u0159ihl\u00e1\u0161en\u00ed<\/strong> prob\u00edh\u00e1&nbsp;elektronicky na str\u00e1nce <a href=\"https:\/\/www.liga100.cz\/zavody\/37-mikulassky-beh\/\" target=\"_blank\" rel=\"noopener\">https:\/\/www.liga100.cz\/zavody\/37-mikulassky-beh\/<\/a>, p\u0159\u00edpadn\u011b v den z\u00e1vodu na stadiuonu v z\u00e1vodn\u00ed kancel\u00e1\u0159i <strong>od 8:30 do 10:00 hodin.<\/strong><\/p>\n<p><a href=\"https:\/\/online.atletika.cz\/administrace\/Proposition\/GetPdfProposition\/41138\" target=\"_blank\" rel=\"noopener\">Propozice Mikul\u00e1\u0161sk\u00fd b\u011bh<\/a><\/p>\n","protected":false},"excerpt":{"rendered":"<p>V\u00e1\u017een\u00ed rodi\u010de, r\u00e1di bychom V\u00e1s a Va\u0161e d\u011bti pozvali na bl\u00ed\u017e\u00edc\u00ed se prosincov\u00e9 akce, kter\u00e9 p\u0159ipravujeme v r\u00e1mci na\u0161eho klubu.<\/p>\n","protected":false},"author":14,"featured_media":0,"comment_status":"closed","ping_status":"closed","sticky":false,"template":"","format":"standard","meta":{"ngg_post_thumbnail":0},"categories":[5,6],"tags":[],"_links":{"self":[{"href":"https:\/\/old.atletikaolomouc.cz\/index.php?rest_route=\/wp\/v2\/posts\/15478"}],"collection":[{"href":"https:\/\/old.atletikaolomouc.cz\/index.php?rest_route=\/wp\/v2\/posts"}],"about":[{"href":"https:\/\/old.atletikaolomouc.cz\/index.php?rest_route=\/wp\/v2\/types\/post"}],"author":[{"embeddable":true,"href":"https:\/\/old.atletikaolomouc.cz\/index.php?rest_route=\/wp\/v2\/users\/14"}],"replies":[{"embeddable":true,"href":"https:\/\/old.atletikaolomouc.cz\/index.php?rest_route=%2Fwp%2Fv2%2Fcomments&post=15478"}],"version-history":[{"count":2,"href":"https:\/\/old.atletikaolomouc.cz\/index.php?rest_route=\/wp\/v2\/posts\/15478\/revisions"}],"predecessor-version":[{"id":15482,"href":"https:\/\/old.atletikaolomouc.cz\/index.php?rest_route=\/wp\/v2\/posts\/15478\/revisions\/15482"}],"wp:attachment":[{"href":"https:\/\/old.atletikaolomouc.cz\/index.php?rest_route=%2Fwp%2Fv2%2Fmedia&parent=15478"}],"wp:term":[{"taxonomy":"category","embeddable":true,"href":"https:\/\/old.atletikaolomouc.cz\/index.php?rest_route=%2Fwp%2Fv2%2Fcategories&post=15478"},{"taxonomy":"post_tag","embeddable":true,"href":"https:\/\/old.atletikaolomouc.cz\/index.php?rest_route=%2Fwp%2Fv2%2Ftags&post=15478"}],"curies":[{"name":"wp","href":"https:\/\/api.w.org\/{rel}","templated":true}]}}