{"id":15659,"date":"2019-12-12T14:56:51","date_gmt":"2019-12-12T13:56:51","guid":{"rendered":"http:\/\/www.atletikaolomouc.cz\/?p=15659"},"modified":"2019-12-12T14:56:56","modified_gmt":"2019-12-12T13:56:56","slug":"mikulassky-beh-2019-foto","status":"publish","type":"post","link":"https:\/\/old.atletikaolomouc.cz\/?p=15659","title":{"rendered":"Mikul\u00e1\u0161sk\u00fd b\u011bh 2019 &#8211; foto"},"content":{"rendered":"\n<p><img decoding=\"async\" loading=\"lazy\" class=\"alignleft size-thumbnail wp-image-15660\" src=\"http:\/\/www.atletikaolomouc.cz\/wp-content\/uploads\/2019\/12\/DSC_6312-VC-Mikul\u00e1\u0161-2019-150x150.jpg\" alt=\"\" width=\"150\" height=\"150\">V sobotu 7.12.2019 prob\u011bhl 37. ro\u010dn\u00edk Mikul\u00e1\u0161sk\u00e9ho b\u011bhu&#8230;<\/p>\n<p>&nbsp;<\/p>\n<p><!--more--><\/p>\n<!-- default-view.php -->\n<div\n\tclass=\"ngg-galleryoverview default-view \"\n\tid=\"ngg-gallery-81f64ba2cc7f6c1dd71635f1b0be9155-1\">\n\n\t\t<!-- Thumbnails -->\n\t\t\t\t<div id=\"ngg-image-0\" class=\"ngg-gallery-thumbnail-box \" >\n\t\t\t\t        <div class=\"ngg-gallery-thumbnail\">\n            <a href=\"https:\/\/old.atletikaolomouc.cz\/wp-content\/gallery\/mikulassky-beh-2019\/DSC_6290-VC-Mikul%C3%A1%C5%A1-2019-x.jpg\"\n               title=\"\"\n               data-src=\"https:\/\/old.atletikaolomouc.cz\/wp-content\/gallery\/mikulassky-beh-2019\/DSC_6290-VC-Mikul%C3%A1%C5%A1-2019-x.jpg\"\n               data-thumbnail=\"https:\/\/old.atletikaolomouc.cz\/wp-content\/gallery\/mikulassky-beh-2019\/thumbs\/thumbs_DSC_6290-VC-Mikul%C3%A1%C5%A1-2019-x.jpg\"\n               data-image-id=\"4619\"\n               data-title=\"DSC_6290-VC-Mikul\u00e1\u0161-2019-x\"\n               data-description=\"\"\n               data-image-slug=\"dsc_6290-vc-mikul%c3%a1%c5%a1-2019-x\"\n               class=\"ngg-simplelightbox\" rel=\"81f64ba2cc7f6c1dd71635f1b0be9155\">\n                <img\n                    title=\"DSC_6290-VC-Mikul\u00e1\u0161-2019-x\"\n                    alt=\"DSC_6290-VC-Mikul\u00e1\u0161-2019-x\"\n                    src=\"https:\/\/old.atletikaolomouc.cz\/wp-content\/gallery\/mikulassky-beh-2019\/thumbs\/thumbs_DSC_6290-VC-Mikul%C3%A1%C5%A1-2019-x.jpg\"\n                    width=\"240\"\n                    height=\"160\"\n                    style=\"max-width:100%;\"\n                \/>\n            <\/a>\n        <\/div>\n\t\t\t\t\t\t\t<\/div> \n\t\t\t\n\t\t\t\t<div id=\"ngg-image-1\" class=\"ngg-gallery-thumbnail-box \" >\n\t\t\t\t        <div class=\"ngg-gallery-thumbnail\">\n            <a href=\"https:\/\/old.atletikaolomouc.cz\/wp-content\/gallery\/mikulassky-beh-2019\/DSC_6291-VC-Mikul%C3%A1%C5%A1-2019.jpg\"\n               title=\"\"\n               data-src=\"https:\/\/old.atletikaolomouc.cz\/wp-content\/gallery\/mikulassky-beh-2019\/DSC_6291-VC-Mikul%C3%A1%C5%A1-2019.jpg\"\n               data-thumbnail=\"https:\/\/old.atletikaolomouc.cz\/wp-content\/gallery\/mikulassky-beh-2019\/thumbs\/thumbs_DSC_6291-VC-Mikul%C3%A1%C5%A1-2019.jpg\"\n               data-image-id=\"4620\"\n               data-title=\"DSC_6291-VC-Mikul\u00e1\u0161-2019\"\n               data-description=\"\"\n               data-image-slug=\"dsc_6291-vc-mikul%c3%a1%c5%a1-2019\"\n               class=\"ngg-simplelightbox\" rel=\"81f64ba2cc7f6c1dd71635f1b0be9155\">\n                <img\n                    title=\"DSC_6291-VC-Mikul\u00e1\u0161-2019\"\n                    alt=\"DSC_6291-VC-Mikul\u00e1\u0161-2019\"\n                    src=\"https:\/\/old.atletikaolomouc.cz\/wp-content\/gallery\/mikulassky-beh-2019\/thumbs\/thumbs_DSC_6291-VC-Mikul%C3%A1%C5%A1-2019.jpg\"\n                    width=\"240\"\n                    height=\"160\"\n                    style=\"max-width:100%;\"\n                \/>\n            <\/a>\n        <\/div>\n\t\t\t\t\t\t\t<\/div> \n\t\t\t\n\t\t\t\t<div id=\"ngg-image-2\" class=\"ngg-gallery-thumbnail-box \" >\n\t\t\t\t        <div class=\"ngg-gallery-thumbnail\">\n            <a href=\"https:\/\/old.atletikaolomouc.cz\/wp-content\/gallery\/mikulassky-beh-2019\/DSC_6292-VC-Mikul%C3%A1%C5%A1-2019.jpg\"\n               title=\"\"\n               data-src=\"https:\/\/old.atletikaolomouc.cz\/wp-content\/gallery\/mikulassky-beh-2019\/DSC_6292-VC-Mikul%C3%A1%C5%A1-2019.jpg\"\n               data-thumbnail=\"https:\/\/old.atletikaolomouc.cz\/wp-content\/gallery\/mikulassky-beh-2019\/thumbs\/thumbs_DSC_6292-VC-Mikul%C3%A1%C5%A1-2019.jpg\"\n               data-image-id=\"4621\"\n               data-title=\"DSC_6292-VC-Mikul\u00e1\u0161-2019\"\n               data-description=\"\"\n               data-image-slug=\"dsc_6292-vc-mikul%c3%a1%c5%a1-2019\"\n               class=\"ngg-simplelightbox\" rel=\"81f64ba2cc7f6c1dd71635f1b0be9155\">\n                <img\n                    title=\"DSC_6292-VC-Mikul\u00e1\u0161-2019\"\n                    alt=\"DSC_6292-VC-Mikul\u00e1\u0161-2019\"\n                    src=\"https:\/\/old.atletikaolomouc.cz\/wp-content\/gallery\/mikulassky-beh-2019\/thumbs\/thumbs_DSC_6292-VC-Mikul%C3%A1%C5%A1-2019.jpg\"\n                    width=\"240\"\n                    height=\"160\"\n                    style=\"max-width:100%;\"\n                \/>\n            <\/a>\n        <\/div>\n\t\t\t\t\t\t\t<\/div> \n\t\t\t\n\t\t\t\t<div id=\"ngg-image-3\" class=\"ngg-gallery-thumbnail-box \" >\n\t\t\t\t        <div class=\"ngg-gallery-thumbnail\">\n            <a href=\"https:\/\/old.atletikaolomouc.cz\/wp-content\/gallery\/mikulassky-beh-2019\/DSC_6293-VC-Mikul%C3%A1%C5%A1-2019.jpg\"\n               title=\"\"\n               data-src=\"https:\/\/old.atletikaolomouc.cz\/wp-content\/gallery\/mikulassky-beh-2019\/DSC_6293-VC-Mikul%C3%A1%C5%A1-2019.jpg\"\n               data-thumbnail=\"https:\/\/old.atletikaolomouc.cz\/wp-content\/gallery\/mikulassky-beh-2019\/thumbs\/thumbs_DSC_6293-VC-Mikul%C3%A1%C5%A1-2019.jpg\"\n               data-image-id=\"4622\"\n               data-title=\"DSC_6293-VC-Mikul\u00e1\u0161-2019\"\n               data-description=\"\"\n               data-image-slug=\"dsc_6293-vc-mikul%c3%a1%c5%a1-2019\"\n               class=\"ngg-simplelightbox\" rel=\"81f64ba2cc7f6c1dd71635f1b0be9155\">\n                <img\n                    title=\"DSC_6293-VC-Mikul\u00e1\u0161-2019\"\n                    alt=\"DSC_6293-VC-Mikul\u00e1\u0161-2019\"\n                    src=\"https:\/\/old.atletikaolomouc.cz\/wp-content\/gallery\/mikulassky-beh-2019\/thumbs\/thumbs_DSC_6293-VC-Mikul%C3%A1%C5%A1-2019.jpg\"\n                    width=\"240\"\n                    height=\"160\"\n                    style=\"max-width:100%;\"\n                \/>\n            <\/a>\n        <\/div>\n\t\t\t\t\t\t\t<\/div> \n\t\t\t\n\t\t\t\t<div id=\"ngg-image-4\" class=\"ngg-gallery-thumbnail-box \" >\n\t\t\t\t        <div class=\"ngg-gallery-thumbnail\">\n            <a href=\"https:\/\/old.atletikaolomouc.cz\/wp-content\/gallery\/mikulassky-beh-2019\/DSC_6295-VC-Mikul%C3%A1%C5%A1-2019.jpg\"\n               title=\"\"\n               data-src=\"https:\/\/old.atletikaolomouc.cz\/wp-content\/gallery\/mikulassky-beh-2019\/DSC_6295-VC-Mikul%C3%A1%C5%A1-2019.jpg\"\n               data-thumbnail=\"https:\/\/old.atletikaolomouc.cz\/wp-content\/gallery\/mikulassky-beh-2019\/thumbs\/thumbs_DSC_6295-VC-Mikul%C3%A1%C5%A1-2019.jpg\"\n               data-image-id=\"4623\"\n               data-title=\"DSC_6295-VC-Mikul\u00e1\u0161-2019\"\n               data-description=\"\"\n               data-image-slug=\"dsc_6295-vc-mikul%c3%a1%c5%a1-2019\"\n               class=\"ngg-simplelightbox\" rel=\"81f64ba2cc7f6c1dd71635f1b0be9155\">\n                <img\n                    title=\"DSC_6295-VC-Mikul\u00e1\u0161-2019\"\n                    alt=\"DSC_6295-VC-Mikul\u00e1\u0161-2019\"\n                    src=\"https:\/\/old.atletikaolomouc.cz\/wp-content\/gallery\/mikulassky-beh-2019\/thumbs\/thumbs_DSC_6295-VC-Mikul%C3%A1%C5%A1-2019.jpg\"\n                    width=\"240\"\n                    height=\"160\"\n                    style=\"max-width:100%;\"\n                \/>\n            <\/a>\n        <\/div>\n\t\t\t\t\t\t\t<\/div> \n\t\t\t\n\t\t\t\t<div id=\"ngg-image-5\" class=\"ngg-gallery-thumbnail-box \" >\n\t\t\t\t        <div class=\"ngg-gallery-thumbnail\">\n            <a href=\"https:\/\/old.atletikaolomouc.cz\/wp-content\/gallery\/mikulassky-beh-2019\/DSC_6297-VC-Mikul%C3%A1%C5%A1-2019.jpg\"\n               title=\"\"\n               data-src=\"https:\/\/old.atletikaolomouc.cz\/wp-content\/gallery\/mikulassky-beh-2019\/DSC_6297-VC-Mikul%C3%A1%C5%A1-2019.jpg\"\n               data-thumbnail=\"https:\/\/old.atletikaolomouc.cz\/wp-content\/gallery\/mikulassky-beh-2019\/thumbs\/thumbs_DSC_6297-VC-Mikul%C3%A1%C5%A1-2019.jpg\"\n               data-image-id=\"4624\"\n               data-title=\"DSC_6297-VC-Mikul\u00e1\u0161-2019\"\n               data-description=\"\"\n               data-image-slug=\"dsc_6297-vc-mikul%c3%a1%c5%a1-2019\"\n               class=\"ngg-simplelightbox\" rel=\"81f64ba2cc7f6c1dd71635f1b0be9155\">\n                <img\n                    title=\"DSC_6297-VC-Mikul\u00e1\u0161-2019\"\n                    alt=\"DSC_6297-VC-Mikul\u00e1\u0161-2019\"\n                    src=\"https:\/\/old.atletikaolomouc.cz\/wp-content\/gallery\/mikulassky-beh-2019\/thumbs\/thumbs_DSC_6297-VC-Mikul%C3%A1%C5%A1-2019.jpg\"\n                    width=\"240\"\n                    height=\"160\"\n                    style=\"max-width:100%;\"\n                \/>\n            <\/a>\n        <\/div>\n\t\t\t\t\t\t\t<\/div> \n\t\t\t\n\t\t\t\t<div id=\"ngg-image-6\" class=\"ngg-gallery-thumbnail-box \" >\n\t\t\t\t        <div class=\"ngg-gallery-thumbnail\">\n            <a href=\"https:\/\/old.atletikaolomouc.cz\/wp-content\/gallery\/mikulassky-beh-2019\/DSC_6298-VC-Mikul%C3%A1%C5%A1-2019.jpg\"\n               title=\"\"\n               data-src=\"https:\/\/old.atletikaolomouc.cz\/wp-content\/gallery\/mikulassky-beh-2019\/DSC_6298-VC-Mikul%C3%A1%C5%A1-2019.jpg\"\n               data-thumbnail=\"https:\/\/old.atletikaolomouc.cz\/wp-content\/gallery\/mikulassky-beh-2019\/thumbs\/thumbs_DSC_6298-VC-Mikul%C3%A1%C5%A1-2019.jpg\"\n               data-image-id=\"4625\"\n               data-title=\"DSC_6298-VC-Mikul\u00e1\u0161-2019\"\n               data-description=\"\"\n               data-image-slug=\"dsc_6298-vc-mikul%c3%a1%c5%a1-2019\"\n               class=\"ngg-simplelightbox\" rel=\"81f64ba2cc7f6c1dd71635f1b0be9155\">\n                <img\n                    title=\"DSC_6298-VC-Mikul\u00e1\u0161-2019\"\n                    alt=\"DSC_6298-VC-Mikul\u00e1\u0161-2019\"\n                    src=\"https:\/\/old.atletikaolomouc.cz\/wp-content\/gallery\/mikulassky-beh-2019\/thumbs\/thumbs_DSC_6298-VC-Mikul%C3%A1%C5%A1-2019.jpg\"\n                    width=\"240\"\n                    height=\"160\"\n                    style=\"max-width:100%;\"\n                \/>\n            <\/a>\n        <\/div>\n\t\t\t\t\t\t\t<\/div> \n\t\t\t\n\t\t\t\t<div id=\"ngg-image-7\" class=\"ngg-gallery-thumbnail-box \" >\n\t\t\t\t        <div class=\"ngg-gallery-thumbnail\">\n            <a href=\"https:\/\/old.atletikaolomouc.cz\/wp-content\/gallery\/mikulassky-beh-2019\/DSC_6299-VC-Mikul%C3%A1%C5%A1-2019.jpg\"\n               title=\"\"\n               data-src=\"https:\/\/old.atletikaolomouc.cz\/wp-content\/gallery\/mikulassky-beh-2019\/DSC_6299-VC-Mikul%C3%A1%C5%A1-2019.jpg\"\n               data-thumbnail=\"https:\/\/old.atletikaolomouc.cz\/wp-content\/gallery\/mikulassky-beh-2019\/thumbs\/thumbs_DSC_6299-VC-Mikul%C3%A1%C5%A1-2019.jpg\"\n               data-image-id=\"4626\"\n               data-title=\"DSC_6299-VC-Mikul\u00e1\u0161-2019\"\n               data-description=\"\"\n               data-image-slug=\"dsc_6299-vc-mikul%c3%a1%c5%a1-2019\"\n               class=\"ngg-simplelightbox\" rel=\"81f64ba2cc7f6c1dd71635f1b0be9155\">\n                <img\n                    title=\"DSC_6299-VC-Mikul\u00e1\u0161-2019\"\n                    alt=\"DSC_6299-VC-Mikul\u00e1\u0161-2019\"\n                    src=\"https:\/\/old.atletikaolomouc.cz\/wp-content\/gallery\/mikulassky-beh-2019\/thumbs\/thumbs_DSC_6299-VC-Mikul%C3%A1%C5%A1-2019.jpg\"\n                    width=\"240\"\n                    height=\"160\"\n                    style=\"max-width:100%;\"\n                \/>\n            <\/a>\n        <\/div>\n\t\t\t\t\t\t\t<\/div> \n\t\t\t\n\t\t\t\t<div id=\"ngg-image-8\" class=\"ngg-gallery-thumbnail-box \" >\n\t\t\t\t        <div class=\"ngg-gallery-thumbnail\">\n            <a href=\"https:\/\/old.atletikaolomouc.cz\/wp-content\/gallery\/mikulassky-beh-2019\/DSC_6301-VC-Mikul%C3%A1%C5%A1-2019.jpg\"\n               title=\"\"\n               data-src=\"https:\/\/old.atletikaolomouc.cz\/wp-content\/gallery\/mikulassky-beh-2019\/DSC_6301-VC-Mikul%C3%A1%C5%A1-2019.jpg\"\n               data-thumbnail=\"https:\/\/old.atletikaolomouc.cz\/wp-content\/gallery\/mikulassky-beh-2019\/thumbs\/thumbs_DSC_6301-VC-Mikul%C3%A1%C5%A1-2019.jpg\"\n               data-image-id=\"4627\"\n               data-title=\"DSC_6301-VC-Mikul\u00e1\u0161-2019\"\n               data-description=\"\"\n               data-image-slug=\"dsc_6301-vc-mikul%c3%a1%c5%a1-2019\"\n               class=\"ngg-simplelightbox\" rel=\"81f64ba2cc7f6c1dd71635f1b0be9155\">\n                <img\n                    title=\"DSC_6301-VC-Mikul\u00e1\u0161-2019\"\n                    alt=\"DSC_6301-VC-Mikul\u00e1\u0161-2019\"\n                    src=\"https:\/\/old.atletikaolomouc.cz\/wp-content\/gallery\/mikulassky-beh-2019\/thumbs\/thumbs_DSC_6301-VC-Mikul%C3%A1%C5%A1-2019.jpg\"\n                    width=\"240\"\n                    height=\"160\"\n                    style=\"max-width:100%;\"\n                \/>\n            <\/a>\n        <\/div>\n\t\t\t\t\t\t\t<\/div> \n\t\t\t\n\t\t\t\t<div id=\"ngg-image-9\" class=\"ngg-gallery-thumbnail-box \" >\n\t\t\t\t        <div class=\"ngg-gallery-thumbnail\">\n            <a href=\"https:\/\/old.atletikaolomouc.cz\/wp-content\/gallery\/mikulassky-beh-2019\/DSC_6302-VC-Mikul%C3%A1%C5%A1-2019.jpg\"\n               title=\"\"\n               data-src=\"https:\/\/old.atletikaolomouc.cz\/wp-content\/gallery\/mikulassky-beh-2019\/DSC_6302-VC-Mikul%C3%A1%C5%A1-2019.jpg\"\n               data-thumbnail=\"https:\/\/old.atletikaolomouc.cz\/wp-content\/gallery\/mikulassky-beh-2019\/thumbs\/thumbs_DSC_6302-VC-Mikul%C3%A1%C5%A1-2019.jpg\"\n               data-image-id=\"4628\"\n               data-title=\"DSC_6302-VC-Mikul\u00e1\u0161-2019\"\n               data-description=\"\"\n               data-image-slug=\"dsc_6302-vc-mikul%c3%a1%c5%a1-2019\"\n               class=\"ngg-simplelightbox\" rel=\"81f64ba2cc7f6c1dd71635f1b0be9155\">\n                <img\n                    title=\"DSC_6302-VC-Mikul\u00e1\u0161-2019\"\n                    alt=\"DSC_6302-VC-Mikul\u00e1\u0161-2019\"\n                    src=\"https:\/\/old.atletikaolomouc.cz\/wp-content\/gallery\/mikulassky-beh-2019\/thumbs\/thumbs_DSC_6302-VC-Mikul%C3%A1%C5%A1-2019.jpg\"\n                    width=\"240\"\n                    height=\"160\"\n                    style=\"max-width:100%;\"\n                \/>\n            <\/a>\n        <\/div>\n\t\t\t\t\t\t\t<\/div> \n\t\t\t\n\t\t\t\t<div id=\"ngg-image-10\" class=\"ngg-gallery-thumbnail-box \" >\n\t\t\t\t        <div class=\"ngg-gallery-thumbnail\">\n            <a href=\"https:\/\/old.atletikaolomouc.cz\/wp-content\/gallery\/mikulassky-beh-2019\/DSC_6303-VC-Mikul%C3%A1%C5%A1-2019.jpg\"\n               title=\"\"\n               data-src=\"https:\/\/old.atletikaolomouc.cz\/wp-content\/gallery\/mikulassky-beh-2019\/DSC_6303-VC-Mikul%C3%A1%C5%A1-2019.jpg\"\n               data-thumbnail=\"https:\/\/old.atletikaolomouc.cz\/wp-content\/gallery\/mikulassky-beh-2019\/thumbs\/thumbs_DSC_6303-VC-Mikul%C3%A1%C5%A1-2019.jpg\"\n               data-image-id=\"4629\"\n               data-title=\"DSC_6303-VC-Mikul\u00e1\u0161-2019\"\n               data-description=\"\"\n               data-image-slug=\"dsc_6303-vc-mikul%c3%a1%c5%a1-2019\"\n               class=\"ngg-simplelightbox\" rel=\"81f64ba2cc7f6c1dd71635f1b0be9155\">\n                <img\n                    title=\"DSC_6303-VC-Mikul\u00e1\u0161-2019\"\n                    alt=\"DSC_6303-VC-Mikul\u00e1\u0161-2019\"\n                    src=\"https:\/\/old.atletikaolomouc.cz\/wp-content\/gallery\/mikulassky-beh-2019\/thumbs\/thumbs_DSC_6303-VC-Mikul%C3%A1%C5%A1-2019.jpg\"\n                    width=\"240\"\n                    height=\"160\"\n                    style=\"max-width:100%;\"\n                \/>\n            <\/a>\n        <\/div>\n\t\t\t\t\t\t\t<\/div> \n\t\t\t\n\t\t\t\t<div id=\"ngg-image-11\" class=\"ngg-gallery-thumbnail-box \" >\n\t\t\t\t        <div class=\"ngg-gallery-thumbnail\">\n            <a href=\"https:\/\/old.atletikaolomouc.cz\/wp-content\/gallery\/mikulassky-beh-2019\/DSC_6304-VC-Mikul%C3%A1%C5%A1-2019.jpg\"\n               title=\"\"\n               data-src=\"https:\/\/old.atletikaolomouc.cz\/wp-content\/gallery\/mikulassky-beh-2019\/DSC_6304-VC-Mikul%C3%A1%C5%A1-2019.jpg\"\n               data-thumbnail=\"https:\/\/old.atletikaolomouc.cz\/wp-content\/gallery\/mikulassky-beh-2019\/thumbs\/thumbs_DSC_6304-VC-Mikul%C3%A1%C5%A1-2019.jpg\"\n               data-image-id=\"4630\"\n               data-title=\"DSC_6304-VC-Mikul\u00e1\u0161-2019\"\n               data-description=\"\"\n               data-image-slug=\"dsc_6304-vc-mikul%c3%a1%c5%a1-2019\"\n               class=\"ngg-simplelightbox\" rel=\"81f64ba2cc7f6c1dd71635f1b0be9155\">\n                <img\n                    title=\"DSC_6304-VC-Mikul\u00e1\u0161-2019\"\n                    alt=\"DSC_6304-VC-Mikul\u00e1\u0161-2019\"\n                    src=\"https:\/\/old.atletikaolomouc.cz\/wp-content\/gallery\/mikulassky-beh-2019\/thumbs\/thumbs_DSC_6304-VC-Mikul%C3%A1%C5%A1-2019.jpg\"\n                    width=\"240\"\n                    height=\"160\"\n                    style=\"max-width:100%;\"\n                \/>\n            <\/a>\n        <\/div>\n\t\t\t\t\t\t\t<\/div> \n\t\t\t\n\t\t\t\t<div id=\"ngg-image-12\" class=\"ngg-gallery-thumbnail-box \" >\n\t\t\t\t        <div class=\"ngg-gallery-thumbnail\">\n            <a href=\"https:\/\/old.atletikaolomouc.cz\/wp-content\/gallery\/mikulassky-beh-2019\/DSC_6305-VC-Mikul%C3%A1%C5%A1-2019.jpg\"\n               title=\"\"\n               data-src=\"https:\/\/old.atletikaolomouc.cz\/wp-content\/gallery\/mikulassky-beh-2019\/DSC_6305-VC-Mikul%C3%A1%C5%A1-2019.jpg\"\n               data-thumbnail=\"https:\/\/old.atletikaolomouc.cz\/wp-content\/gallery\/mikulassky-beh-2019\/thumbs\/thumbs_DSC_6305-VC-Mikul%C3%A1%C5%A1-2019.jpg\"\n               data-image-id=\"4631\"\n               data-title=\"DSC_6305-VC-Mikul\u00e1\u0161-2019\"\n               data-description=\"\"\n               data-image-slug=\"dsc_6305-vc-mikul%c3%a1%c5%a1-2019\"\n               class=\"ngg-simplelightbox\" rel=\"81f64ba2cc7f6c1dd71635f1b0be9155\">\n                <img\n                    title=\"DSC_6305-VC-Mikul\u00e1\u0161-2019\"\n                    alt=\"DSC_6305-VC-Mikul\u00e1\u0161-2019\"\n                    src=\"https:\/\/old.atletikaolomouc.cz\/wp-content\/gallery\/mikulassky-beh-2019\/thumbs\/thumbs_DSC_6305-VC-Mikul%C3%A1%C5%A1-2019.jpg\"\n                    width=\"240\"\n                    height=\"160\"\n                    style=\"max-width:100%;\"\n                \/>\n            <\/a>\n        <\/div>\n\t\t\t\t\t\t\t<\/div> \n\t\t\t\n\t\t\t\t<div id=\"ngg-image-13\" class=\"ngg-gallery-thumbnail-box \" >\n\t\t\t\t        <div class=\"ngg-gallery-thumbnail\">\n            <a href=\"https:\/\/old.atletikaolomouc.cz\/wp-content\/gallery\/mikulassky-beh-2019\/DSC_6306-VC-Mikul%C3%A1%C5%A1-2019.jpg\"\n               title=\"\"\n               data-src=\"https:\/\/old.atletikaolomouc.cz\/wp-content\/gallery\/mikulassky-beh-2019\/DSC_6306-VC-Mikul%C3%A1%C5%A1-2019.jpg\"\n               data-thumbnail=\"https:\/\/old.atletikaolomouc.cz\/wp-content\/gallery\/mikulassky-beh-2019\/thumbs\/thumbs_DSC_6306-VC-Mikul%C3%A1%C5%A1-2019.jpg\"\n               data-image-id=\"4632\"\n               data-title=\"DSC_6306-VC-Mikul\u00e1\u0161-2019\"\n               data-description=\"\"\n               data-image-slug=\"dsc_6306-vc-mikul%c3%a1%c5%a1-2019\"\n               class=\"ngg-simplelightbox\" rel=\"81f64ba2cc7f6c1dd71635f1b0be9155\">\n                <img\n                    title=\"DSC_6306-VC-Mikul\u00e1\u0161-2019\"\n                    alt=\"DSC_6306-VC-Mikul\u00e1\u0161-2019\"\n                    src=\"https:\/\/old.atletikaolomouc.cz\/wp-content\/gallery\/mikulassky-beh-2019\/thumbs\/thumbs_DSC_6306-VC-Mikul%C3%A1%C5%A1-2019.jpg\"\n                    width=\"240\"\n                    height=\"160\"\n                    style=\"max-width:100%;\"\n                \/>\n            <\/a>\n        <\/div>\n\t\t\t\t\t\t\t<\/div> \n\t\t\t\n\t\t\t\t<div id=\"ngg-image-14\" class=\"ngg-gallery-thumbnail-box \" >\n\t\t\t\t        <div class=\"ngg-gallery-thumbnail\">\n            <a href=\"https:\/\/old.atletikaolomouc.cz\/wp-content\/gallery\/mikulassky-beh-2019\/DSC_6307-VC-Mikul%C3%A1%C5%A1-2019.jpg\"\n               title=\"\"\n               data-src=\"https:\/\/old.atletikaolomouc.cz\/wp-content\/gallery\/mikulassky-beh-2019\/DSC_6307-VC-Mikul%C3%A1%C5%A1-2019.jpg\"\n               data-thumbnail=\"https:\/\/old.atletikaolomouc.cz\/wp-content\/gallery\/mikulassky-beh-2019\/thumbs\/thumbs_DSC_6307-VC-Mikul%C3%A1%C5%A1-2019.jpg\"\n               data-image-id=\"4633\"\n               data-title=\"DSC_6307-VC-Mikul\u00e1\u0161-2019\"\n               data-description=\"\"\n               data-image-slug=\"dsc_6307-vc-mikul%c3%a1%c5%a1-2019\"\n               class=\"ngg-simplelightbox\" rel=\"81f64ba2cc7f6c1dd71635f1b0be9155\">\n                <img\n                    title=\"DSC_6307-VC-Mikul\u00e1\u0161-2019\"\n                    alt=\"DSC_6307-VC-Mikul\u00e1\u0161-2019\"\n                    src=\"https:\/\/old.atletikaolomouc.cz\/wp-content\/gallery\/mikulassky-beh-2019\/thumbs\/thumbs_DSC_6307-VC-Mikul%C3%A1%C5%A1-2019.jpg\"\n                    width=\"240\"\n                    height=\"160\"\n                    style=\"max-width:100%;\"\n                \/>\n            <\/a>\n        <\/div>\n\t\t\t\t\t\t\t<\/div> \n\t\t\t\n\t\t\t\t<div id=\"ngg-image-15\" class=\"ngg-gallery-thumbnail-box \" >\n\t\t\t\t        <div class=\"ngg-gallery-thumbnail\">\n            <a href=\"https:\/\/old.atletikaolomouc.cz\/wp-content\/gallery\/mikulassky-beh-2019\/DSC_6308-VC-Mikul%C3%A1%C5%A1-2019.jpg\"\n               title=\"\"\n               data-src=\"https:\/\/old.atletikaolomouc.cz\/wp-content\/gallery\/mikulassky-beh-2019\/DSC_6308-VC-Mikul%C3%A1%C5%A1-2019.jpg\"\n               data-thumbnail=\"https:\/\/old.atletikaolomouc.cz\/wp-content\/gallery\/mikulassky-beh-2019\/thumbs\/thumbs_DSC_6308-VC-Mikul%C3%A1%C5%A1-2019.jpg\"\n               data-image-id=\"4634\"\n               data-title=\"DSC_6308-VC-Mikul\u00e1\u0161-2019\"\n               data-description=\"\"\n               data-image-slug=\"dsc_6308-vc-mikul%c3%a1%c5%a1-2019\"\n               class=\"ngg-simplelightbox\" rel=\"81f64ba2cc7f6c1dd71635f1b0be9155\">\n                <img\n                    title=\"DSC_6308-VC-Mikul\u00e1\u0161-2019\"\n                    alt=\"DSC_6308-VC-Mikul\u00e1\u0161-2019\"\n                    src=\"https:\/\/old.atletikaolomouc.cz\/wp-content\/gallery\/mikulassky-beh-2019\/thumbs\/thumbs_DSC_6308-VC-Mikul%C3%A1%C5%A1-2019.jpg\"\n                    width=\"240\"\n                    height=\"160\"\n                    style=\"max-width:100%;\"\n                \/>\n            <\/a>\n        <\/div>\n\t\t\t\t\t\t\t<\/div> \n\t\t\t\n\t\t\t\t<div id=\"ngg-image-16\" class=\"ngg-gallery-thumbnail-box \" >\n\t\t\t\t        <div class=\"ngg-gallery-thumbnail\">\n            <a href=\"https:\/\/old.atletikaolomouc.cz\/wp-content\/gallery\/mikulassky-beh-2019\/DSC_6309-VC-Mikul%C3%A1%C5%A1-2019.jpg\"\n               title=\"\"\n               data-src=\"https:\/\/old.atletikaolomouc.cz\/wp-content\/gallery\/mikulassky-beh-2019\/DSC_6309-VC-Mikul%C3%A1%C5%A1-2019.jpg\"\n               data-thumbnail=\"https:\/\/old.atletikaolomouc.cz\/wp-content\/gallery\/mikulassky-beh-2019\/thumbs\/thumbs_DSC_6309-VC-Mikul%C3%A1%C5%A1-2019.jpg\"\n               data-image-id=\"4635\"\n               data-title=\"DSC_6309-VC-Mikul\u00e1\u0161-2019\"\n               data-description=\"\"\n               data-image-slug=\"dsc_6309-vc-mikul%c3%a1%c5%a1-2019\"\n               class=\"ngg-simplelightbox\" rel=\"81f64ba2cc7f6c1dd71635f1b0be9155\">\n                <img\n                    title=\"DSC_6309-VC-Mikul\u00e1\u0161-2019\"\n                    alt=\"DSC_6309-VC-Mikul\u00e1\u0161-2019\"\n                    src=\"https:\/\/old.atletikaolomouc.cz\/wp-content\/gallery\/mikulassky-beh-2019\/thumbs\/thumbs_DSC_6309-VC-Mikul%C3%A1%C5%A1-2019.jpg\"\n                    width=\"240\"\n                    height=\"160\"\n                    style=\"max-width:100%;\"\n                \/>\n            <\/a>\n        <\/div>\n\t\t\t\t\t\t\t<\/div> \n\t\t\t\n\t\t\t\t<div id=\"ngg-image-17\" class=\"ngg-gallery-thumbnail-box \" >\n\t\t\t\t        <div class=\"ngg-gallery-thumbnail\">\n            <a href=\"https:\/\/old.atletikaolomouc.cz\/wp-content\/gallery\/mikulassky-beh-2019\/DSC_6310-VC-Mikul%C3%A1%C5%A1-2019.jpg\"\n               title=\"\"\n               data-src=\"https:\/\/old.atletikaolomouc.cz\/wp-content\/gallery\/mikulassky-beh-2019\/DSC_6310-VC-Mikul%C3%A1%C5%A1-2019.jpg\"\n               data-thumbnail=\"https:\/\/old.atletikaolomouc.cz\/wp-content\/gallery\/mikulassky-beh-2019\/thumbs\/thumbs_DSC_6310-VC-Mikul%C3%A1%C5%A1-2019.jpg\"\n               data-image-id=\"4636\"\n               data-title=\"DSC_6310-VC-Mikul\u00e1\u0161-2019\"\n               data-description=\"\"\n               data-image-slug=\"dsc_6310-vc-mikul%c3%a1%c5%a1-2019\"\n               class=\"ngg-simplelightbox\" rel=\"81f64ba2cc7f6c1dd71635f1b0be9155\">\n                <img\n                    title=\"DSC_6310-VC-Mikul\u00e1\u0161-2019\"\n                    alt=\"DSC_6310-VC-Mikul\u00e1\u0161-2019\"\n                    src=\"https:\/\/old.atletikaolomouc.cz\/wp-content\/gallery\/mikulassky-beh-2019\/thumbs\/thumbs_DSC_6310-VC-Mikul%C3%A1%C5%A1-2019.jpg\"\n                    width=\"240\"\n                    height=\"160\"\n                    style=\"max-width:100%;\"\n                \/>\n            <\/a>\n        <\/div>\n\t\t\t\t\t\t\t<\/div> \n\t\t\t\n\t\t\t\t<div id=\"ngg-image-18\" class=\"ngg-gallery-thumbnail-box \" >\n\t\t\t\t        <div class=\"ngg-gallery-thumbnail\">\n            <a href=\"https:\/\/old.atletikaolomouc.cz\/wp-content\/gallery\/mikulassky-beh-2019\/DSC_6311-VC-Mikul%C3%A1%C5%A1-2019.jpg\"\n               title=\"\"\n               data-src=\"https:\/\/old.atletikaolomouc.cz\/wp-content\/gallery\/mikulassky-beh-2019\/DSC_6311-VC-Mikul%C3%A1%C5%A1-2019.jpg\"\n               data-thumbnail=\"https:\/\/old.atletikaolomouc.cz\/wp-content\/gallery\/mikulassky-beh-2019\/thumbs\/thumbs_DSC_6311-VC-Mikul%C3%A1%C5%A1-2019.jpg\"\n               data-image-id=\"4637\"\n               data-title=\"DSC_6311-VC-Mikul\u00e1\u0161-2019\"\n               data-description=\"\"\n               data-image-slug=\"dsc_6311-vc-mikul%c3%a1%c5%a1-2019\"\n               class=\"ngg-simplelightbox\" rel=\"81f64ba2cc7f6c1dd71635f1b0be9155\">\n                <img\n                    title=\"DSC_6311-VC-Mikul\u00e1\u0161-2019\"\n                    alt=\"DSC_6311-VC-Mikul\u00e1\u0161-2019\"\n                    src=\"https:\/\/old.atletikaolomouc.cz\/wp-content\/gallery\/mikulassky-beh-2019\/thumbs\/thumbs_DSC_6311-VC-Mikul%C3%A1%C5%A1-2019.jpg\"\n                    width=\"240\"\n                    height=\"160\"\n                    style=\"max-width:100%;\"\n                \/>\n            <\/a>\n        <\/div>\n\t\t\t\t\t\t\t<\/div> \n\t\t\t\n\t\t\t\t<div id=\"ngg-image-19\" class=\"ngg-gallery-thumbnail-box \" >\n\t\t\t\t        <div class=\"ngg-gallery-thumbnail\">\n            <a href=\"https:\/\/old.atletikaolomouc.cz\/wp-content\/gallery\/mikulassky-beh-2019\/DSC_6312-VC-Mikul%C3%A1%C5%A1-2019.jpg\"\n               title=\"\"\n               data-src=\"https:\/\/old.atletikaolomouc.cz\/wp-content\/gallery\/mikulassky-beh-2019\/DSC_6312-VC-Mikul%C3%A1%C5%A1-2019.jpg\"\n               data-thumbnail=\"https:\/\/old.atletikaolomouc.cz\/wp-content\/gallery\/mikulassky-beh-2019\/thumbs\/thumbs_DSC_6312-VC-Mikul%C3%A1%C5%A1-2019.jpg\"\n               data-image-id=\"4638\"\n               data-title=\"DSC_6312-VC-Mikul\u00e1\u0161-2019\"\n               data-description=\"\"\n               data-image-slug=\"dsc_6312-vc-mikul%c3%a1%c5%a1-2019\"\n               class=\"ngg-simplelightbox\" rel=\"81f64ba2cc7f6c1dd71635f1b0be9155\">\n                <img\n                    title=\"DSC_6312-VC-Mikul\u00e1\u0161-2019\"\n                    alt=\"DSC_6312-VC-Mikul\u00e1\u0161-2019\"\n                    src=\"https:\/\/old.atletikaolomouc.cz\/wp-content\/gallery\/mikulassky-beh-2019\/thumbs\/thumbs_DSC_6312-VC-Mikul%C3%A1%C5%A1-2019.jpg\"\n                    width=\"240\"\n                    height=\"160\"\n                    style=\"max-width:100%;\"\n                \/>\n            <\/a>\n        <\/div>\n\t\t\t\t\t\t\t<\/div> \n\t\t\t\n\t\t\t\t<div id=\"ngg-image-20\" class=\"ngg-gallery-thumbnail-box \" >\n\t\t\t\t        <div class=\"ngg-gallery-thumbnail\">\n            <a href=\"https:\/\/old.atletikaolomouc.cz\/wp-content\/gallery\/mikulassky-beh-2019\/DSC_6313-VC-Mikul%C3%A1%C5%A1-2019.jpg\"\n               title=\"\"\n               data-src=\"https:\/\/old.atletikaolomouc.cz\/wp-content\/gallery\/mikulassky-beh-2019\/DSC_6313-VC-Mikul%C3%A1%C5%A1-2019.jpg\"\n               data-thumbnail=\"https:\/\/old.atletikaolomouc.cz\/wp-content\/gallery\/mikulassky-beh-2019\/thumbs\/thumbs_DSC_6313-VC-Mikul%C3%A1%C5%A1-2019.jpg\"\n               data-image-id=\"4639\"\n               data-title=\"DSC_6313-VC-Mikul\u00e1\u0161-2019\"\n               data-description=\"\"\n               data-image-slug=\"dsc_6313-vc-mikul%c3%a1%c5%a1-2019\"\n               class=\"ngg-simplelightbox\" rel=\"81f64ba2cc7f6c1dd71635f1b0be9155\">\n                <img\n                    title=\"DSC_6313-VC-Mikul\u00e1\u0161-2019\"\n                    alt=\"DSC_6313-VC-Mikul\u00e1\u0161-2019\"\n                    src=\"https:\/\/old.atletikaolomouc.cz\/wp-content\/gallery\/mikulassky-beh-2019\/thumbs\/thumbs_DSC_6313-VC-Mikul%C3%A1%C5%A1-2019.jpg\"\n                    width=\"240\"\n                    height=\"160\"\n                    style=\"max-width:100%;\"\n                \/>\n            <\/a>\n        <\/div>\n\t\t\t\t\t\t\t<\/div> \n\t\t\t\n\t\t\t\t<div id=\"ngg-image-21\" class=\"ngg-gallery-thumbnail-box \" >\n\t\t\t\t        <div class=\"ngg-gallery-thumbnail\">\n            <a href=\"https:\/\/old.atletikaolomouc.cz\/wp-content\/gallery\/mikulassky-beh-2019\/DSC_6315-VC-Mikul%C3%A1%C5%A1-2019.jpg\"\n               title=\"\"\n               data-src=\"https:\/\/old.atletikaolomouc.cz\/wp-content\/gallery\/mikulassky-beh-2019\/DSC_6315-VC-Mikul%C3%A1%C5%A1-2019.jpg\"\n               data-thumbnail=\"https:\/\/old.atletikaolomouc.cz\/wp-content\/gallery\/mikulassky-beh-2019\/thumbs\/thumbs_DSC_6315-VC-Mikul%C3%A1%C5%A1-2019.jpg\"\n               data-image-id=\"4640\"\n               data-title=\"DSC_6315-VC-Mikul\u00e1\u0161-2019\"\n               data-description=\"\"\n               data-image-slug=\"dsc_6315-vc-mikul%c3%a1%c5%a1-2019\"\n               class=\"ngg-simplelightbox\" rel=\"81f64ba2cc7f6c1dd71635f1b0be9155\">\n                <img\n                    title=\"DSC_6315-VC-Mikul\u00e1\u0161-2019\"\n                    alt=\"DSC_6315-VC-Mikul\u00e1\u0161-2019\"\n                    src=\"https:\/\/old.atletikaolomouc.cz\/wp-content\/gallery\/mikulassky-beh-2019\/thumbs\/thumbs_DSC_6315-VC-Mikul%C3%A1%C5%A1-2019.jpg\"\n                    width=\"240\"\n                    height=\"160\"\n                    style=\"max-width:100%;\"\n                \/>\n            <\/a>\n        <\/div>\n\t\t\t\t\t\t\t<\/div> \n\t\t\t\n\t\t\t\t<div id=\"ngg-image-22\" class=\"ngg-gallery-thumbnail-box \" >\n\t\t\t\t        <div class=\"ngg-gallery-thumbnail\">\n            <a href=\"https:\/\/old.atletikaolomouc.cz\/wp-content\/gallery\/mikulassky-beh-2019\/DSC_6316-VC-Mikul%C3%A1%C5%A1-2019.jpg\"\n               title=\"\"\n               data-src=\"https:\/\/old.atletikaolomouc.cz\/wp-content\/gallery\/mikulassky-beh-2019\/DSC_6316-VC-Mikul%C3%A1%C5%A1-2019.jpg\"\n               data-thumbnail=\"https:\/\/old.atletikaolomouc.cz\/wp-content\/gallery\/mikulassky-beh-2019\/thumbs\/thumbs_DSC_6316-VC-Mikul%C3%A1%C5%A1-2019.jpg\"\n               data-image-id=\"4641\"\n               data-title=\"DSC_6316-VC-Mikul\u00e1\u0161-2019\"\n               data-description=\"\"\n               data-image-slug=\"dsc_6316-vc-mikul%c3%a1%c5%a1-2019\"\n               class=\"ngg-simplelightbox\" rel=\"81f64ba2cc7f6c1dd71635f1b0be9155\">\n                <img\n                    title=\"DSC_6316-VC-Mikul\u00e1\u0161-2019\"\n                    alt=\"DSC_6316-VC-Mikul\u00e1\u0161-2019\"\n                    src=\"https:\/\/old.atletikaolomouc.cz\/wp-content\/gallery\/mikulassky-beh-2019\/thumbs\/thumbs_DSC_6316-VC-Mikul%C3%A1%C5%A1-2019.jpg\"\n                    width=\"240\"\n                    height=\"160\"\n                    style=\"max-width:100%;\"\n                \/>\n            <\/a>\n        <\/div>\n\t\t\t\t\t\t\t<\/div> \n\t\t\t\n\t\t\t\t<div id=\"ngg-image-23\" class=\"ngg-gallery-thumbnail-box \" >\n\t\t\t\t        <div class=\"ngg-gallery-thumbnail\">\n            <a href=\"https:\/\/old.atletikaolomouc.cz\/wp-content\/gallery\/mikulassky-beh-2019\/DSC_6317-VC-Mikul%C3%A1%C5%A1-2019.jpg\"\n               title=\"\"\n               data-src=\"https:\/\/old.atletikaolomouc.cz\/wp-content\/gallery\/mikulassky-beh-2019\/DSC_6317-VC-Mikul%C3%A1%C5%A1-2019.jpg\"\n               data-thumbnail=\"https:\/\/old.atletikaolomouc.cz\/wp-content\/gallery\/mikulassky-beh-2019\/thumbs\/thumbs_DSC_6317-VC-Mikul%C3%A1%C5%A1-2019.jpg\"\n               data-image-id=\"4642\"\n               data-title=\"DSC_6317-VC-Mikul\u00e1\u0161-2019\"\n               data-description=\"\"\n               data-image-slug=\"dsc_6317-vc-mikul%c3%a1%c5%a1-2019\"\n               class=\"ngg-simplelightbox\" rel=\"81f64ba2cc7f6c1dd71635f1b0be9155\">\n                <img\n                    title=\"DSC_6317-VC-Mikul\u00e1\u0161-2019\"\n                    alt=\"DSC_6317-VC-Mikul\u00e1\u0161-2019\"\n                    src=\"https:\/\/old.atletikaolomouc.cz\/wp-content\/gallery\/mikulassky-beh-2019\/thumbs\/thumbs_DSC_6317-VC-Mikul%C3%A1%C5%A1-2019.jpg\"\n                    width=\"240\"\n                    height=\"160\"\n                    style=\"max-width:100%;\"\n                \/>\n            <\/a>\n        <\/div>\n\t\t\t\t\t\t\t<\/div> \n\t\t\t\n\t\n\t<br style=\"clear: both\" \/>\n\n\t\n\t\t<!-- Pagination -->\n\t<div class='ngg-navigation'><span class='current'>1<\/span>\n<a class='page-numbers' data-pageid='2' href='https:\/\/old.atletikaolomouc.cz\/index.php\/nggallery\/page\/2?p=15659'>2<\/a>\n<a class='page-numbers' data-pageid='3' href='https:\/\/old.atletikaolomouc.cz\/index.php\/nggallery\/page\/3?p=15659'>3<\/a>\n<a class='prev' href='https:\/\/old.atletikaolomouc.cz\/index.php\/nggallery\/page\/2?p=15659' data-pageid=2>&#9658;<\/a><\/div>\t<\/div>\n\n","protected":false},"excerpt":{"rendered":"<p>V sobotu 7.12.2019 prob\u011bhl 37. ro\u010dn\u00edk Mikul\u00e1\u0161sk\u00e9ho b\u011bhu&#8230; &nbsp;<\/p>\n","protected":false},"author":4,"featured_media":0,"comment_status":"closed","ping_status":"closed","sticky":false,"template":"","format":"standard","meta":{"ngg_post_thumbnail":0},"categories":[62],"tags":[],"_links":{"self":[{"href":"https:\/\/old.atletikaolomouc.cz\/index.php?rest_route=\/wp\/v2\/posts\/15659"}],"collection":[{"href":"https:\/\/old.atletikaolomouc.cz\/index.php?rest_route=\/wp\/v2\/posts"}],"about":[{"href":"https:\/\/old.atletikaolomouc.cz\/index.php?rest_route=\/wp\/v2\/types\/post"}],"author":[{"embeddable":true,"href":"https:\/\/old.atletikaolomouc.cz\/index.php?rest_route=\/wp\/v2\/users\/4"}],"replies":[{"embeddable":true,"href":"https:\/\/old.atletikaolomouc.cz\/index.php?rest_route=%2Fwp%2Fv2%2Fcomments&post=15659"}],"version-history":[{"count":1,"href":"https:\/\/old.atletikaolomouc.cz\/index.php?rest_route=\/wp\/v2\/posts\/15659\/revisions"}],"predecessor-version":[{"id":15661,"href":"https:\/\/old.atletikaolomouc.cz\/index.php?rest_route=\/wp\/v2\/posts\/15659\/revisions\/15661"}],"wp:attachment":[{"href":"https:\/\/old.atletikaolomouc.cz\/index.php?rest_route=%2Fwp%2Fv2%2Fmedia&parent=15659"}],"wp:term":[{"taxonomy":"category","embeddable":true,"href":"https:\/\/old.atletikaolomouc.cz\/index.php?rest_route=%2Fwp%2Fv2%2Fcategories&post=15659"},{"taxonomy":"post_tag","embeddable":true,"href":"https:\/\/old.atletikaolomouc.cz\/index.php?rest_route=%2Fwp%2Fv2%2Ftags&post=15659"}],"curies":[{"name":"wp","href":"https:\/\/api.w.org\/{rel}","templated":true}]}}