{"id":15765,"date":"2019-12-19T11:53:00","date_gmt":"2019-12-19T10:53:00","guid":{"rendered":"http:\/\/www.atletikaolomouc.cz\/?p=15765"},"modified":"2019-12-19T11:54:08","modified_gmt":"2019-12-19T10:54:08","slug":"vanocni-provoz-atleticke-haly-4","status":"publish","type":"post","link":"https:\/\/old.atletikaolomouc.cz\/?p=15765","title":{"rendered":"V\u00e1no\u010dn\u00ed provoz atletick\u00e9 haly"},"content":{"rendered":"\n<p>Otev\u00edrac\u00ed doba atletick\u00e9 haly b\u011bhem V\u00e1no\u010dn\u00edch sv\u00e1tk\u016f bude n\u00e1sleduj\u00edc\u00ed. Tr\u00e9nink mimo otev\u00edrac\u00ed dobu bude mo\u017en\u00fd pouze po dohod\u011b s osobn\u00edm tren\u00e9rem\u2026<\/p>\n<p><!--more--><\/p>\n<p>&nbsp;<\/p>\n<table border=\"1\">\n<tbody>\n<tr>\n<td>sobota<\/td>\n<td>21.12.<\/td>\n<td><span style=\"color: #ff0000;\">zav\u0159eno<\/span><\/td>\n<\/tr>\n<tr>\n<td>ned\u011ble<\/td>\n<td>22.12.<\/td>\n<td><span style=\"color: #ff0000;\">zav\u0159eno<\/span><\/td>\n<\/tr>\n<tr>\n<td>pond\u011bl\u00ed<\/td>\n<td>23.12.<\/td>\n<td>08:00 &#8211; 13:00<\/td>\n<\/tr>\n<tr>\n<td>\u00fater\u00fd<\/td>\n<td>24.12.<\/td>\n<td><span style=\"color: #ff0000;\">zav\u0159eno<\/span><\/td>\n<\/tr>\n<tr>\n<td>st\u0159eda<\/td>\n<td>25.12.<\/td>\n<td><span style=\"color: #ff0000;\">zav\u0159eno<\/span><\/td>\n<\/tr>\n<tr>\n<td>\u010dtvrtek<\/td>\n<td>26.12.<\/td>\n<td><span style=\"color: #ff0000;\">zav\u0159eno<\/span><\/td>\n<\/tr>\n<tr>\n<td>p\u00e1tek<\/td>\n<td>27.12.<\/td>\n<td>08:00 &#8211; 13:00<\/td>\n<\/tr>\n<tr>\n<td>sobota<\/td>\n<td>28.12.<\/td>\n<td><span style=\"color: #ff0000;\">zav\u0159eno<\/span><\/td>\n<\/tr>\n<tr>\n<td>ned\u011ble<\/td>\n<td>29.12.<\/td>\n<td><span style=\"color: #ff0000;\">zav\u0159eno<\/span><\/td>\n<\/tr>\n<tr>\n<td>pond\u011bl\u00ed<\/td>\n<td>30.12.<\/td>\n<td>08:00 &#8211; 13:00<\/td>\n<\/tr>\n<tr>\n<td>\u00fater\u00fd<\/td>\n<td>31.12.<\/td>\n<td><span style=\"color: #ff0000;\">zav\u0159eno<\/span><\/td>\n<\/tr>\n<tr>\n<td>st\u0159eda<\/td>\n<td>01.01.<\/td>\n<td><span style=\"color: #ff0000;\">zav\u0159eno<\/span><\/td>\n<\/tr>\n<tr>\n<td>\u010dtvrtek<\/td>\n<td>02.01.<\/td>\n<td>08:00 &#8211; 19:00<\/td>\n<\/tr>\n<\/tbody>\n<\/table>\n","protected":false},"excerpt":{"rendered":"<p>Otev\u00edrac\u00ed doba atletick\u00e9 haly b\u011bhem V\u00e1no\u010dn\u00edch sv\u00e1tk\u016f bude n\u00e1sleduj\u00edc\u00ed. Tr\u00e9nink mimo otev\u00edrac\u00ed dobu bude mo\u017en\u00fd pouze po dohod\u011b s osobn\u00edm tren\u00e9rem\u2026<\/p>\n","protected":false},"author":4,"featured_media":15707,"comment_status":"closed","ping_status":"closed","sticky":false,"template":"","format":"standard","meta":{"ngg_post_thumbnail":0},"categories":[5,6],"tags":[],"_links":{"self":[{"href":"https:\/\/old.atletikaolomouc.cz\/index.php?rest_route=\/wp\/v2\/posts\/15765"}],"collection":[{"href":"https:\/\/old.atletikaolomouc.cz\/index.php?rest_route=\/wp\/v2\/posts"}],"about":[{"href":"https:\/\/old.atletikaolomouc.cz\/index.php?rest_route=\/wp\/v2\/types\/post"}],"author":[{"embeddable":true,"href":"https:\/\/old.atletikaolomouc.cz\/index.php?rest_route=\/wp\/v2\/users\/4"}],"replies":[{"embeddable":true,"href":"https:\/\/old.atletikaolomouc.cz\/index.php?rest_route=%2Fwp%2Fv2%2Fcomments&post=15765"}],"version-history":[{"count":2,"href":"https:\/\/old.atletikaolomouc.cz\/index.php?rest_route=\/wp\/v2\/posts\/15765\/revisions"}],"predecessor-version":[{"id":15767,"href":"https:\/\/old.atletikaolomouc.cz\/index.php?rest_route=\/wp\/v2\/posts\/15765\/revisions\/15767"}],"wp:featuredmedia":[{"embeddable":true,"href":"https:\/\/old.atletikaolomouc.cz\/index.php?rest_route=\/wp\/v2\/media\/15707"}],"wp:attachment":[{"href":"https:\/\/old.atletikaolomouc.cz\/index.php?rest_route=%2Fwp%2Fv2%2Fmedia&parent=15765"}],"wp:term":[{"taxonomy":"category","embeddable":true,"href":"https:\/\/old.atletikaolomouc.cz\/index.php?rest_route=%2Fwp%2Fv2%2Fcategories&post=15765"},{"taxonomy":"post_tag","embeddable":true,"href":"https:\/\/old.atletikaolomouc.cz\/index.php?rest_route=%2Fwp%2Fv2%2Ftags&post=15765"}],"curies":[{"name":"wp","href":"https:\/\/api.w.org\/{rel}","templated":true}]}}