{"id":15836,"date":"2019-12-23T08:08:21","date_gmt":"2019-12-23T07:08:21","guid":{"rendered":"http:\/\/www.atletikaolomouc.cz\/?p=15836"},"modified":"2019-12-23T08:48:49","modified_gmt":"2019-12-23T07:48:49","slug":"napsali-o-nas-v-roce-2019","status":"publish","type":"post","link":"https:\/\/old.atletikaolomouc.cz\/?p=15836","title":{"rendered":"Napsali o n\u00e1s v roce 2019"},"content":{"rendered":"\n<p>Souhrn \u010dl\u00e1nk\u016f a report\u00e1\u017e\u00ed o Atletick\u00e9m klubu Olomouc.<!--more--><\/p>\n<p><strong>Olomouck\u00e9 Listy<\/strong><\/p>\n<p><a href=\"http:\/\/www.atletikaolomouc.cz\/wp-content\/uploads\/2019\/12\/listy_leden.pdf\" target=\"_blank\" rel=\"noopener\">leden 2019<\/a><\/p>\n<p><a href=\"http:\/\/www.atletikaolomouc.cz\/wp-content\/uploads\/2019\/12\/listy_\u010derven.pdf\" target=\"_blank\" rel=\"noopener\">\u010derven 2019<\/a><\/p>\n<p><a href=\"http:\/\/www.atletikaolomouc.cz\/wp-content\/uploads\/2019\/12\/listy_srpen.pdf\" target=\"_blank\" rel=\"noopener\">srpen 2019<\/a><\/p>\n<p><a href=\"http:\/\/www.atletikaolomouc.cz\/wp-content\/uploads\/2019\/12\/listy_\u0159\u00edjen.pdf\" target=\"_blank\" rel=\"noopener\">\u0159\u00edjen 2019<\/a><\/p>\n<p><a href=\"http:\/\/www.atletikaolomouc.cz\/wp-content\/uploads\/2019\/12\/listy_prosinec.pdf\" target=\"_blank\" rel=\"noopener\">prosinec 2019<\/a><\/p>\n<p><strong>Kraj\u00e1nek<\/strong><\/p>\n<p><a href=\"http:\/\/www.atletikaolomouc.cz\/wp-content\/uploads\/2019\/12\/kv\u011bten2.pdf\" target=\"_blank\" rel=\"noopener\">kv\u011bten 2019<\/a><\/p>\n<p><a href=\"http:\/\/www.atletikaolomouc.cz\/wp-content\/uploads\/2019\/12\/\u010dervenecsrpen2.pdf\" target=\"_blank\" rel=\"noopener\">\u010dervenec 2019<\/a><\/p>\n<p><a href=\"http:\/\/www.atletikaolomouc.cz\/wp-content\/uploads\/2019\/12\/z\u00e1\u0159\u00ed2.pdf\" target=\"_blank\" rel=\"noopener\">z\u00e1\u0159\u00ed 2019<\/a><\/p>\n<p><a href=\"http:\/\/www.atletikaolomouc.cz\/wp-content\/uploads\/2019\/12\/\u0159\u00edjen2.pdf\" target=\"_blank\" rel=\"noopener\">\u0159\u00edjen 2019<\/a><\/p>\n<p><a href=\"http:\/\/www.atletikaolomouc.cz\/wp-content\/uploads\/2019\/12\/prosinec2.pdf\" target=\"_blank\" rel=\"noopener\">prosinec 2019<\/a><\/p>\n<p><strong>TV ZZIP<\/strong><\/p>\n<p><a href=\"http:\/\/www.zzip.cz\/?loadsec=mik&amp;loadfile=955\" target=\"_blank\" rel=\"noopener\">17.9.2019<\/a> od 7:24<\/p>\n<p><a href=\"http:\/\/www.zzip.cz\/?loadsec=mik&amp;loadfile=957\" target=\"_blank\" rel=\"noopener\">24.9.2019<\/a> od 17:53<\/p>\n<p><a href=\"http:\/\/www.zzip.cz\/?loadsec=mik&amp;loadfile=973\" target=\"_blank\" rel=\"noopener\">19.11.2019<\/a>&nbsp;od 21:51<\/p>\n","protected":false},"excerpt":{"rendered":"<p>Souhrn \u010dl\u00e1nk\u016f a report\u00e1\u017e\u00ed o Atletick\u00e9m klubu Olomouc.<\/p>\n","protected":false},"author":14,"featured_media":15856,"comment_status":"closed","ping_status":"closed","sticky":false,"template":"","format":"standard","meta":{"ngg_post_thumbnail":0},"categories":[5,6,37],"tags":[],"_links":{"self":[{"href":"https:\/\/old.atletikaolomouc.cz\/index.php?rest_route=\/wp\/v2\/posts\/15836"}],"collection":[{"href":"https:\/\/old.atletikaolomouc.cz\/index.php?rest_route=\/wp\/v2\/posts"}],"about":[{"href":"https:\/\/old.atletikaolomouc.cz\/index.php?rest_route=\/wp\/v2\/types\/post"}],"author":[{"embeddable":true,"href":"https:\/\/old.atletikaolomouc.cz\/index.php?rest_route=\/wp\/v2\/users\/14"}],"replies":[{"embeddable":true,"href":"https:\/\/old.atletikaolomouc.cz\/index.php?rest_route=%2Fwp%2Fv2%2Fcomments&post=15836"}],"version-history":[{"count":12,"href":"https:\/\/old.atletikaolomouc.cz\/index.php?rest_route=\/wp\/v2\/posts\/15836\/revisions"}],"predecessor-version":[{"id":15860,"href":"https:\/\/old.atletikaolomouc.cz\/index.php?rest_route=\/wp\/v2\/posts\/15836\/revisions\/15860"}],"wp:featuredmedia":[{"embeddable":true,"href":"https:\/\/old.atletikaolomouc.cz\/index.php?rest_route=\/wp\/v2\/media\/15856"}],"wp:attachment":[{"href":"https:\/\/old.atletikaolomouc.cz\/index.php?rest_route=%2Fwp%2Fv2%2Fmedia&parent=15836"}],"wp:term":[{"taxonomy":"category","embeddable":true,"href":"https:\/\/old.atletikaolomouc.cz\/index.php?rest_route=%2Fwp%2Fv2%2Fcategories&post=15836"},{"taxonomy":"post_tag","embeddable":true,"href":"https:\/\/old.atletikaolomouc.cz\/index.php?rest_route=%2Fwp%2Fv2%2Ftags&post=15836"}],"curies":[{"name":"wp","href":"https:\/\/api.w.org\/{rel}","templated":true}]}}