{"id":15932,"date":"2020-01-21T10:33:31","date_gmt":"2020-01-21T09:33:31","guid":{"rendered":"http:\/\/www.atletikaolomouc.cz\/?p=15932"},"modified":"2020-01-22T10:56:50","modified_gmt":"2020-01-22T09:56:50","slug":"uplynule-vikendove-zavody","status":"publish","type":"post","link":"https:\/\/old.atletikaolomouc.cz\/?p=15932","title":{"rendered":"Uplynul\u00e9 v\u00edkendov\u00e9 z\u00e1vody"},"content":{"rendered":"<p style=\"text-align: justify;\">O uplynul\u00e9m v\u00edkendu prob\u011bhly prvn\u00ed halov\u00e9 z\u00e1vody pro olomouck\u00e9 z\u00e1vodn\u00edky v roce 2020. V p\u00e1tek 10.1. se v Olomouci konaly zahajovac\u00ed z\u00e1vody mlad\u0161\u00edho \u017eactva, v sobotu 11.1. pak jela olomouck\u00e1 v\u00fdprava do Ostravy na otev\u0159en\u00e9 p\u0159ebory Moravskoslezsk\u00e9ho kraje.<\/p>\n<p style=\"text-align: justify;\"><!--more--><\/p>\n<p style=\"text-align: justify;\">V Olomouci si mlad\u0161\u00ed \u017eactvo otestovalo formu p\u0159ed kr\u00e1tkou halovou sez\u00f3nou. Hned na za\u010d\u00e1tek sez\u00f3ny bylo k vid\u011bn\u00ed n\u011bkolik nov\u00fdch osobn\u00edch rekord\u016f a p\u011bkn\u00e9 v\u00fdkony. V b\u011bhu na 800 m mlad\u0161\u00edch \u017e\u00e1ky\u0148 zv\u00edt\u011bzila Lucka Zaoralov\u00e1 v\u00fdkonem 2:54,47 min, p\u0159ed Anetou Zaor\u00e1lkovou, kter\u00e1 do c\u00edle dob\u011bhla v \u010dase 2:56,62 min. V mlad\u0161\u00edch \u017e\u00e1c\u00edch zv\u00edt\u011bzil Tobi\u00e1\u0161 Toman \u010dasem 2:45,63, druh\u00fd byl Vojta Herinek za 2:4684 min a na t\u0159et\u00edm m\u00edst\u011b dob\u011bhl Michal Mot\u00e1\u0148 v\u00fdkonem 2:47,78 min. 60 m p\u0159ek\u00e1\u017eek mlad\u0161\u00edch \u017e\u00e1k\u016f ovl\u00e1dl Jakub \u0160ev\u010d\u00edk \u010dasem 10,50 s, v mlad\u0161\u00edch \u017e\u00e1kyn\u00edch dob\u011bhla na 2. m\u00edst\u011b Anna \u0160inclov\u00e1 v\u00fdkonem 11,06 s. Ve fin\u00e1le na 60 m mlad\u0161\u00edch \u017e\u00e1ky\u0148 dob\u011bhla na 2. m\u00edst\u011b Al\u017eb\u011bta Stejskalov\u00e1 v\u00fdkonem 8,65 s. Ve skoku vysok\u00e9m zv\u00edt\u011bzil Jakub \u0160ev\u010d\u00edk v\u00fdkonem 145 cm. Ve skoku dalek\u00e9m zv\u00edt\u011bzila Anna \u0160inclov\u00e1 v\u00fdkonem 443 cm, v \u017e\u00e1c\u00edch skon\u010dil na 2. m\u00edst\u011b V\u00e1clav Sova za 434 cm. Ve vrhu koul\u00ed skon\u010dila na 2. m\u00edst\u011b Aneta Zaor\u00e1lkov\u00e1 v nov\u00e9m osob\u00e1ku 7,82 m a v \u017e\u00e1c\u00edch obsadil 2. m\u00edsto Metod\u011bj Pazdera v\u00fdkonem 8,93 m.<br \/>\nKompletn\u00ed v\u00fdsledky z\u00e1vod\u016f mlad\u0161\u00edho \u017eactva najdete zde<\/p>\n<p>V sobotu pak v Ostrav\u011b z\u00e1vodily kategorie dorostu, junior\u016f a dosp\u011bl\u00fdch. Skv\u011blou formu na \u00favod sez\u00f3ny p\u0159edvedla Eva Kub\u00ed\u010dkov\u00e1 ve sprintu na 60 m, kde zv\u00edt\u011bzila \u010dasem 7,64 s.&nbsp;<br \/>\nNa dal\u0161\u00ed v\u00fdsledky se m\u016f\u017eete pod\u00edvat na <a href=\"https:\/\/online.atletika.cz\/vysledky\/41390\" target=\"blank\">https:\/\/online.atletika.cz\/vysledky\/41390.<\/a><\/p>\n","protected":false},"excerpt":{"rendered":"<p>O uplynul\u00e9m v\u00edkendu prob\u011bhly prvn\u00ed halov\u00e9 z\u00e1vody pro olomouck\u00e9 z\u00e1vodn\u00edky v roce 2020. V p\u00e1tek 10.1. se v Olomouci konaly zahajovac\u00ed z\u00e1vody mlad\u0161\u00edho \u017eactva, v sobotu 11.1. pak jela olomouck\u00e1 v\u00fdprava do Ostravy na otev\u0159en\u00e9 p\u0159ebory Moravskoslezsk\u00e9ho kraje.<\/p>\n","protected":false},"author":4,"featured_media":0,"comment_status":"closed","ping_status":"closed","sticky":false,"template":"","format":"standard","meta":{"ngg_post_thumbnail":0},"categories":[5,6],"tags":[],"_links":{"self":[{"href":"https:\/\/old.atletikaolomouc.cz\/index.php?rest_route=\/wp\/v2\/posts\/15932"}],"collection":[{"href":"https:\/\/old.atletikaolomouc.cz\/index.php?rest_route=\/wp\/v2\/posts"}],"about":[{"href":"https:\/\/old.atletikaolomouc.cz\/index.php?rest_route=\/wp\/v2\/types\/post"}],"author":[{"embeddable":true,"href":"https:\/\/old.atletikaolomouc.cz\/index.php?rest_route=\/wp\/v2\/users\/4"}],"replies":[{"embeddable":true,"href":"https:\/\/old.atletikaolomouc.cz\/index.php?rest_route=%2Fwp%2Fv2%2Fcomments&post=15932"}],"version-history":[{"count":8,"href":"https:\/\/old.atletikaolomouc.cz\/index.php?rest_route=\/wp\/v2\/posts\/15932\/revisions"}],"predecessor-version":[{"id":15970,"href":"https:\/\/old.atletikaolomouc.cz\/index.php?rest_route=\/wp\/v2\/posts\/15932\/revisions\/15970"}],"wp:attachment":[{"href":"https:\/\/old.atletikaolomouc.cz\/index.php?rest_route=%2Fwp%2Fv2%2Fmedia&parent=15932"}],"wp:term":[{"taxonomy":"category","embeddable":true,"href":"https:\/\/old.atletikaolomouc.cz\/index.php?rest_route=%2Fwp%2Fv2%2Fcategories&post=15932"},{"taxonomy":"post_tag","embeddable":true,"href":"https:\/\/old.atletikaolomouc.cz\/index.php?rest_route=%2Fwp%2Fv2%2Ftags&post=15932"}],"curies":[{"name":"wp","href":"https:\/\/api.w.org\/{rel}","templated":true}]}}